{"id":1654,"date":"2023-08-11T13:47:45","date_gmt":"2023-08-11T13:47:45","guid":{"rendered":"http:\/\/memoriacesib.es\/2023\/?p=1654"},"modified":"2024-08-28T08:21:20","modified_gmt":"2024-08-28T08:21:20","slug":"7-institucions-financeres","status":"publish","type":"post","link":"https:\/\/memoriacesib.es\/2023\/7-institucions-financeres\/","title":{"rendered":"7. Institucions financeres"},"content":{"rendered":"\t\t<div data-elementor-type=\"wp-post\" data-elementor-id=\"1654\" class=\"elementor elementor-1654\" data-elementor-post-type=\"post\">\n\t\t\t\t\t\t<section class=\"elementor-section elementor-top-section elementor-element elementor-element-27610114 elementor-section-boxed elementor-section-height-default elementor-section-height-default\" data-id=\"27610114\" data-element_type=\"section\" data-e-type=\"section\">\n\t\t\t\t\t\t<div class=\"elementor-container elementor-column-gap-default\">\n\t\t\t\t\t<div class=\"elementor-column elementor-col-100 elementor-top-column elementor-element elementor-element-51dac661\" data-id=\"51dac661\" data-element_type=\"column\" data-e-type=\"column\">\n\t\t\t<div class=\"elementor-widget-wrap elementor-element-populated\">\n\t\t\t\t\t\t<div class=\"elementor-element elementor-element-729ea055 elementor-widget elementor-widget-heading\" data-id=\"729ea055\" data-element_type=\"widget\" data-e-type=\"widget\" data-widget_type=\"heading.default\">\n\t\t\t\t<div class=\"elementor-widget-container\">\n\t\t\t\t\t<h1 class=\"elementor-heading-title elementor-size-default\">7. Institucions financeres<\/h1>\t\t\t\t<\/div>\n\t\t\t\t<\/div>\n\t\t\t\t<div class=\"elementor-element elementor-element-77cd7002 elementor-icon-list--layout-inline elementor-align-end elementor-list-item-link-full_width elementor-widget elementor-widget-icon-list\" data-id=\"77cd7002\" data-element_type=\"widget\" data-e-type=\"widget\" data-widget_type=\"icon-list.default\">\n\t\t\t\t<div class=\"elementor-widget-container\">\n\t\t\t\t\t\t\t<ul class=\"elementor-icon-list-items elementor-inline-items\">\n\t\t\t\t\t\t\t<li class=\"elementor-icon-list-item elementor-inline-item\">\n\t\t\t\t\t\t\t\t\t\t<span class=\"elementor-icon-list-text\">Alfredo Mart\u00edn Oliver<\/span>\n\t\t\t\t\t\t\t\t\t<\/li>\n\t\t\t\t\t\t<\/ul>\n\t\t\t\t\t\t<\/div>\n\t\t\t\t<\/div>\n\t\t\t\t<div class=\"elementor-element elementor-element-3a8b972a elementor-align-right elementor-widget elementor-widget-button\" data-id=\"3a8b972a\" data-element_type=\"widget\" data-e-type=\"widget\" data-widget_type=\"button.default\">\n\t\t\t\t<div class=\"elementor-widget-container\">\n\t\t\t\t\t\t\t\t\t<div class=\"elementor-button-wrapper\">\n\t\t\t\t\t<a class=\"elementor-button elementor-button-link elementor-size-xs\" href=\"https:\/\/memoriacesib.es\/2023\/wp-content\/uploads\/2024\/08\/CAP-I_7.pdf\" target=\"_blank\">\n\t\t\t\t\t\t<span class=\"elementor-button-content-wrapper\">\n\t\t\t\t\t\t<span class=\"elementor-button-icon\">\n\t\t\t\t<i aria-hidden=\"true\" class=\"fas fa-file-pdf\"><\/i>\t\t\t<\/span>\n\t\t\t\t\t\t\t\t\t<span class=\"elementor-button-text\">Descarregar CAP I. 7. Institucions financeres<\/span>\n\t\t\t\t\t<\/span>\n\t\t\t\t\t<\/a>\n\t\t\t\t<\/div>\n\t\t\t\t\t\t\t\t<\/div>\n\t\t\t\t<\/div>\n\t\t\t\t<div class=\"elementor-element elementor-element-cb0c4cf elementor-widget-divider--view-line elementor-widget elementor-widget-divider\" data-id=\"cb0c4cf\" data-element_type=\"widget\" data-e-type=\"widget\" data-widget_type=\"divider.default\">\n\t\t\t\t<div class=\"elementor-widget-container\">\n\t\t\t\t\t\t\t<div class=\"elementor-divider\">\n\t\t\t<span class=\"elementor-divider-separator\">\n\t\t\t\t\t\t<\/span>\n\t\t<\/div>\n\t\t\t\t\t\t<\/div>\n\t\t\t\t<\/div>\n\t\t\t\t\t<\/div>\n\t\t<\/div>\n\t\t\t\t\t<\/div>\n\t\t<\/section>\n\t\t\t\t<section class=\"elementor-section elementor-top-section elementor-element elementor-element-74dcb6b5 elementor-section-boxed elementor-section-height-default elementor-section-height-default\" data-id=\"74dcb6b5\" data-element_type=\"section\" data-e-type=\"section\">\n\t\t\t\t\t\t<div class=\"elementor-container elementor-column-gap-default\">\n\t\t\t\t\t<div class=\"elementor-column elementor-col-100 elementor-top-column elementor-element elementor-element-5f0f5232\" data-id=\"5f0f5232\" data-element_type=\"column\" data-e-type=\"column\">\n\t\t\t<div class=\"elementor-widget-wrap elementor-element-populated\">\n\t\t\t\t\t\t<div class=\"elementor-element elementor-element-47cc7954 elementor-widget elementor-widget-text-editor\" data-id=\"47cc7954\" data-element_type=\"widget\" data-e-type=\"widget\" data-widget_type=\"text-editor.default\">\n\t\t\t\t<div class=\"elementor-widget-container\">\n\t\t\t\t\t\t\t\t\t<p class=\"p1\">El 2023 s\u2019observa un creixement del PIB a les Illes Balears que contrasta amb una reducci\u00f3 del cr\u00e8dit concedit per entitats de dip\u00f2sits i un creixement baix del volum de dip\u00f2sits.<\/p><p style=\"font-weight: 400;\"><span style=\"color: #01a1df; font-size: 25px;\"><b><i> El volum de cr\u00e8dit a finals de 2023 es redueix en un 4,3\u2009% respecte a l\u2019any anterior.<\/i><\/b><\/span><\/p><p class=\"p1\">Pel que fa al cr\u00e8dit total, aquest va continuar decreixent, seguint la tend\u00e8ncia iniciada el 2022. Aquest descens es va veure influenciat per la reducci\u00f3 del deute tant a empreses com a fam\u00edlies. En relaci\u00f3 amb el PIB balear, la proporci\u00f3 de cr\u00e8dit va caure fins al 79,89\u2009%, degut a l\u2019augment del PIB i a la reducci\u00f3 del cr\u00e8dit disponible. A escala nacional, el cr\u00e8dit total va experimentar una taxa de creixement del -0,5\u2009% i va arribar a 1.246.574 milions d\u2019euros, la qual cosa va suposar una disminuci\u00f3 en el pes relatiu del cr\u00e8dit balear en el total nacional.<span class=\"Apple-converted-space\">\u00a0<\/span><\/p><p class=\"p1\">L\u2019any 2023, el nombre d\u2019hipoteques va disminuir un 8,4\u2009% el 2023, tal com v\u00e0rem anticipar a la mem\u00f2ria de l\u2019any 2022, mentre que l\u2019import global de les hipoteques concedides va augmentar un 9,23\u2009%. Aquest increment va ser degut a l\u2019augment de l\u2019import mitj\u00e0 per hipoteca i al creixement dels preus de l\u2019habitatge. Per tant, les fam\u00edlies de les Balears continuen fent un esfor\u00e7 superior a les de la resta de l\u2019Estat per adquirir un habitatge, donat que la r\u00e0tio entre el preu mitj\u00e0 d\u2019una hipoteca a les Balears en relaci\u00f3 amb Espanya \u00e9s d\u20191,89 a finals de 2023. Durant el 2024 \u00e9s probable que continu\u00ef aquesta tend\u00e8ncia decreixent en el nombre d\u2019hipoteques, explicada per l\u2019increment de l\u2019eur\u00edbor i encariment del finan\u00e7ament hipotecari i dels preus de l\u2019habitatge.<\/p><p class=\"p1\">Pel que fa a les administracions p\u00fabliques, el deute acumulat va disminuir un 3,32\u2009% i es va situar en 8.579 milions d\u2019euros a finals de 2023. Aquesta reducci\u00f3 va contrastar amb l\u2019increment observat en altres comunitats aut\u00f2nomes. La proporci\u00f3 del deute en relaci\u00f3 amb el PIB balear va baixar al 24,6\u2009% la qual cosa va reflectir una millora financera general. El fons de liquiditat auton\u00f2mic (FLA) va continuar sent el principal component del deute, representa el 60,36\u2009% del total, i va augmentar la seva import\u00e0ncia en detriments dels pr\u00e9stecs d\u2019entitats financeres residents a llarg termini. En comparaci\u00f3 amb les altres comunitats aut\u00f2nomes, les Illes Balears es mantenen en cinquena posici\u00f3 en termes de r\u00e0tio d\u2019endeutament en relaci\u00f3 amb el seu PIB.<\/p><p class=\"p1\">Pel que fa a l\u2019evoluci\u00f3 de l\u2019estalvi, el volum de dip\u00f2sits a les Illes Balears va augmentar un 0,82\u2009% el 2023 i es va situar en 32.866 milions d\u2019euros. La proporci\u00f3 de dip\u00f2sits en relaci\u00f3 amb el PIB va ser del 94,24\u2009%, inferior a la del 2022 a causa del creixement del PIB. En termes de la xarxa d\u2019oficines de les entitats de dip\u00f2sit, el nombre d\u2019oficines banc\u00e0ries a les Illes Balears va disminuir a 424 el 2023, una reducci\u00f3 de 17 oficines respecte al 2022. Aquesta disminuci\u00f3 \u00e9s menor que en anys anteriors, la qual cosa suggereix una estabilitzaci\u00f3 en el ritme de tancaments de la xarxa d\u2019oficines. La densitat d\u2019oficines per habitant va caure a 0,34 per cada mil habitants, degut tant al tancament d\u2019oficines com al creixement de la poblaci\u00f3 empadronada.<\/p>\t\t\t\t\t\t\t\t<\/div>\n\t\t\t\t<\/div>\n\t\t\t\t\t<\/div>\n\t\t<\/div>\n\t\t\t\t\t<\/div>\n\t\t<\/section>\n\t\t\t\t<section class=\"elementor-section elementor-top-section elementor-element elementor-element-389a6c51 elementor-section-boxed elementor-section-height-default elementor-section-height-default\" data-id=\"389a6c51\" data-element_type=\"section\" data-e-type=\"section\">\n\t\t\t\t\t\t<div class=\"elementor-container elementor-column-gap-default\">\n\t\t\t\t\t<div class=\"elementor-column elementor-col-100 elementor-top-column elementor-element elementor-element-a659a02\" data-id=\"a659a02\" data-element_type=\"column\" data-e-type=\"column\">\n\t\t\t<div class=\"elementor-widget-wrap elementor-element-populated\">\n\t\t\t\t\t\t<div class=\"elementor-element elementor-element-4e8956b7 elementor-widget-divider--view-line elementor-widget elementor-widget-divider\" data-id=\"4e8956b7\" data-element_type=\"widget\" data-e-type=\"widget\" data-widget_type=\"divider.default\">\n\t\t\t\t<div class=\"elementor-widget-container\">\n\t\t\t\t\t\t\t<div class=\"elementor-divider\">\n\t\t\t<span class=\"elementor-divider-separator\">\n\t\t\t\t\t\t<\/span>\n\t\t<\/div>\n\t\t\t\t\t\t<\/div>\n\t\t\t\t<\/div>\n\t\t\t\t\t<\/div>\n\t\t<\/div>\n\t\t\t\t\t<\/div>\n\t\t<\/section>\n\t\t\t\t<\/div>\n\t\t","protected":false},"excerpt":{"rendered":"<p>7. Institucions financeres Alfredo Mart\u00edn Oliver Descarregar CAP I. 7. Institucions financeres El 2023 s\u2019observa un creixement del PIB a les Illes Balears que contrasta amb una reducci\u00f3 del cr\u00e8dit concedit per entitats de dip\u00f2sits i un creixement baix del volum de dip\u00f2sits. El volum de cr\u00e8dit a finals de 2023 es redueix en un [&hellip;]<\/p>\n","protected":false},"author":1,"featured_media":1655,"comment_status":"open","ping_status":"open","sticky":false,"template":"","format":"standard","meta":{"footnotes":""},"categories":[3,2],"tags":[],"class_list":["post-1654","post","type-post","status-publish","format-standard","has-post-thumbnail","hentry","category-panoramaeconomicdelesillesbalears","category-capitoli"],"yoast_head":"<!-- This site is optimized with the Yoast SEO plugin v27.3 - https:\/\/yoast.com\/product\/yoast-seo-wordpress\/ -->\n<title>7. Institucions financeres - Memoria CES 2023<\/title>\n<meta name=\"robots\" content=\"index, follow, max-snippet:-1, max-image-preview:large, max-video-preview:-1\" \/>\n<link rel=\"canonical\" href=\"https:\/\/memoriacesib.es\/2023\/7-institucions-financeres\/\" \/>\n<meta property=\"og:locale\" content=\"es_ES\" \/>\n<meta property=\"og:type\" content=\"article\" \/>\n<meta property=\"og:title\" content=\"7. Institucions financeres - Memoria CES 2023\" \/>\n<meta property=\"og:description\" content=\"7. Institucions financeres Alfredo Mart\u00edn Oliver Descarregar CAP I. 7. Institucions financeres El 2023 s\u2019observa un creixement del PIB a les Illes Balears que contrasta amb una reducci\u00f3 del cr\u00e8dit concedit per entitats de dip\u00f2sits i un creixement baix del volum de dip\u00f2sits. El volum de cr\u00e8dit a finals de 2023 es redueix en un [&hellip;]\" \/>\n<meta property=\"og:url\" content=\"https:\/\/memoriacesib.es\/2023\/7-institucions-financeres\/\" \/>\n<meta property=\"og:site_name\" content=\"Memoria CES 2023\" \/>\n<meta property=\"article:publisher\" content=\"https:\/\/www.facebook.com\/cesillesbalears\" \/>\n<meta property=\"article:published_time\" content=\"2023-08-11T13:47:45+00:00\" \/>\n<meta property=\"article:modified_time\" content=\"2024-08-28T08:21:20+00:00\" \/>\n<meta property=\"og:image\" content=\"https:\/\/memoriacesib.es\/2023\/wp-content\/uploads\/2023\/08\/Institucion-financiera.jpg\" \/>\n\t<meta property=\"og:image:width\" content=\"768\" \/>\n\t<meta property=\"og:image:height\" content=\"768\" \/>\n\t<meta property=\"og:image:type\" content=\"image\/jpeg\" \/>\n<meta name=\"author\" content=\"admin\" \/>\n<meta name=\"twitter:card\" content=\"summary_large_image\" \/>\n<meta name=\"twitter:creator\" content=\"@ces_ib\" \/>\n<meta name=\"twitter:site\" content=\"@ces_ib\" \/>\n<meta name=\"twitter:label1\" content=\"Escrito por\" \/>\n\t<meta name=\"twitter:data1\" content=\"admin\" \/>\n\t<meta name=\"twitter:label2\" content=\"Tiempo de lectura\" \/>\n\t<meta name=\"twitter:data2\" content=\"3 minutos\" \/>\n<script type=\"application\/ld+json\" class=\"yoast-schema-graph\">{\"@context\":\"https:\\\/\\\/schema.org\",\"@graph\":[{\"@type\":\"Article\",\"@id\":\"https:\\\/\\\/memoriacesib.es\\\/2023\\\/7-institucions-financeres\\\/#article\",\"isPartOf\":{\"@id\":\"https:\\\/\\\/memoriacesib.es\\\/2023\\\/7-institucions-financeres\\\/\"},\"author\":{\"name\":\"admin\",\"@id\":\"https:\\\/\\\/memoriacesib.es\\\/2023\\\/#\\\/schema\\\/person\\\/2936f44710febf12ed5d851c6aa74117\"},\"headline\":\"7. Institucions financeres\",\"datePublished\":\"2023-08-11T13:47:45+00:00\",\"dateModified\":\"2024-08-28T08:21:20+00:00\",\"mainEntityOfPage\":{\"@id\":\"https:\\\/\\\/memoriacesib.es\\\/2023\\\/7-institucions-financeres\\\/\"},\"wordCount\":572,\"commentCount\":0,\"publisher\":{\"@id\":\"https:\\\/\\\/memoriacesib.es\\\/2023\\\/#organization\"},\"image\":{\"@id\":\"https:\\\/\\\/memoriacesib.es\\\/2023\\\/7-institucions-financeres\\\/#primaryimage\"},\"thumbnailUrl\":\"https:\\\/\\\/memoriacesib.es\\\/2023\\\/wp-content\\\/uploads\\\/2023\\\/08\\\/Institucion-financiera.jpg\",\"articleSection\":[\"1. El panorama econ\u00f2mic de les Illes Balears\",\"Cap\u00edtol I\"],\"inLanguage\":\"es\",\"potentialAction\":[{\"@type\":\"CommentAction\",\"name\":\"Comment\",\"target\":[\"https:\\\/\\\/memoriacesib.es\\\/2023\\\/7-institucions-financeres\\\/#respond\"]}]},{\"@type\":\"WebPage\",\"@id\":\"https:\\\/\\\/memoriacesib.es\\\/2023\\\/7-institucions-financeres\\\/\",\"url\":\"https:\\\/\\\/memoriacesib.es\\\/2023\\\/7-institucions-financeres\\\/\",\"name\":\"7. Institucions financeres - Memoria CES 2023\",\"isPartOf\":{\"@id\":\"https:\\\/\\\/memoriacesib.es\\\/2023\\\/#website\"},\"primaryImageOfPage\":{\"@id\":\"https:\\\/\\\/memoriacesib.es\\\/2023\\\/7-institucions-financeres\\\/#primaryimage\"},\"image\":{\"@id\":\"https:\\\/\\\/memoriacesib.es\\\/2023\\\/7-institucions-financeres\\\/#primaryimage\"},\"thumbnailUrl\":\"https:\\\/\\\/memoriacesib.es\\\/2023\\\/wp-content\\\/uploads\\\/2023\\\/08\\\/Institucion-financiera.jpg\",\"datePublished\":\"2023-08-11T13:47:45+00:00\",\"dateModified\":\"2024-08-28T08:21:20+00:00\",\"breadcrumb\":{\"@id\":\"https:\\\/\\\/memoriacesib.es\\\/2023\\\/7-institucions-financeres\\\/#breadcrumb\"},\"inLanguage\":\"es\",\"potentialAction\":[{\"@type\":\"ReadAction\",\"target\":[\"https:\\\/\\\/memoriacesib.es\\\/2023\\\/7-institucions-financeres\\\/\"]}]},{\"@type\":\"ImageObject\",\"inLanguage\":\"es\",\"@id\":\"https:\\\/\\\/memoriacesib.es\\\/2023\\\/7-institucions-financeres\\\/#primaryimage\",\"url\":\"https:\\\/\\\/memoriacesib.es\\\/2023\\\/wp-content\\\/uploads\\\/2023\\\/08\\\/Institucion-financiera.jpg\",\"contentUrl\":\"https:\\\/\\\/memoriacesib.es\\\/2023\\\/wp-content\\\/uploads\\\/2023\\\/08\\\/Institucion-financiera.jpg\",\"width\":768,\"height\":768},{\"@type\":\"BreadcrumbList\",\"@id\":\"https:\\\/\\\/memoriacesib.es\\\/2023\\\/7-institucions-financeres\\\/#breadcrumb\",\"itemListElement\":[{\"@type\":\"ListItem\",\"position\":1,\"name\":\"Portada\",\"item\":\"https:\\\/\\\/memoriacesib.es\\\/2023\\\/\"},{\"@type\":\"ListItem\",\"position\":2,\"name\":\"7. Institucions financeres\"}]},{\"@type\":\"WebSite\",\"@id\":\"https:\\\/\\\/memoriacesib.es\\\/2023\\\/#website\",\"url\":\"https:\\\/\\\/memoriacesib.es\\\/2023\\\/\",\"name\":\"Memoria CES 2023\",\"description\":\"Memoria CES 2023\",\"publisher\":{\"@id\":\"https:\\\/\\\/memoriacesib.es\\\/2023\\\/#organization\"},\"potentialAction\":[{\"@type\":\"SearchAction\",\"target\":{\"@type\":\"EntryPoint\",\"urlTemplate\":\"https:\\\/\\\/memoriacesib.es\\\/2023\\\/?s={search_term_string}\"},\"query-input\":{\"@type\":\"PropertyValueSpecification\",\"valueRequired\":true,\"valueName\":\"search_term_string\"}}],\"inLanguage\":\"es\"},{\"@type\":\"Organization\",\"@id\":\"https:\\\/\\\/memoriacesib.es\\\/2023\\\/#organization\",\"name\":\"Consell Economic i Social de les Illes Balears (CES)\",\"url\":\"https:\\\/\\\/memoriacesib.es\\\/2023\\\/\",\"logo\":{\"@type\":\"ImageObject\",\"inLanguage\":\"es\",\"@id\":\"https:\\\/\\\/memoriacesib.es\\\/2023\\\/#\\\/schema\\\/logo\\\/image\\\/\",\"url\":\"https:\\\/\\\/memoriacesib.es\\\/2023\\\/wp-content\\\/uploads\\\/2023\\\/06\\\/Logo-Memoria-Ces-2023.png\",\"contentUrl\":\"https:\\\/\\\/memoriacesib.es\\\/2023\\\/wp-content\\\/uploads\\\/2023\\\/06\\\/Logo-Memoria-Ces-2023.png\",\"width\":800,\"height\":195,\"caption\":\"Consell Economic i Social de les Illes Balears (CES)\"},\"image\":{\"@id\":\"https:\\\/\\\/memoriacesib.es\\\/2023\\\/#\\\/schema\\\/logo\\\/image\\\/\"},\"sameAs\":[\"https:\\\/\\\/www.facebook.com\\\/cesillesbalears\",\"https:\\\/\\\/x.com\\\/ces_ib\",\"https:\\\/\\\/www.youtube.com\\\/channel\\\/UCrEmO9wh7KlUaQ9dWzvYrVg\"]},{\"@type\":\"Person\",\"@id\":\"https:\\\/\\\/memoriacesib.es\\\/2023\\\/#\\\/schema\\\/person\\\/2936f44710febf12ed5d851c6aa74117\",\"name\":\"admin\",\"image\":{\"@type\":\"ImageObject\",\"inLanguage\":\"es\",\"@id\":\"https:\\\/\\\/secure.gravatar.com\\\/avatar\\\/42a3717e1ac37e7f2d90262c48d11756024e6ed18ebaae3567f6c00866abe5f2?s=96&d=mm&r=g\",\"url\":\"https:\\\/\\\/secure.gravatar.com\\\/avatar\\\/42a3717e1ac37e7f2d90262c48d11756024e6ed18ebaae3567f6c00866abe5f2?s=96&d=mm&r=g\",\"contentUrl\":\"https:\\\/\\\/secure.gravatar.com\\\/avatar\\\/42a3717e1ac37e7f2d90262c48d11756024e6ed18ebaae3567f6c00866abe5f2?s=96&d=mm&r=g\",\"caption\":\"admin\"},\"sameAs\":[\"http:\\\/\\\/memoriacesib.es\\\/2023\"],\"url\":\"https:\\\/\\\/memoriacesib.es\\\/2023\\\/author\\\/admin\\\/\"}]}<\/script>\n<!-- \/ Yoast SEO plugin. -->","yoast_head_json":{"title":"7. Institucions financeres - Memoria CES 2023","robots":{"index":"index","follow":"follow","max-snippet":"max-snippet:-1","max-image-preview":"max-image-preview:large","max-video-preview":"max-video-preview:-1"},"canonical":"https:\/\/memoriacesib.es\/2023\/7-institucions-financeres\/","og_locale":"es_ES","og_type":"article","og_title":"7. Institucions financeres - Memoria CES 2023","og_description":"7. Institucions financeres Alfredo Mart\u00edn Oliver Descarregar CAP I. 7. Institucions financeres El 2023 s\u2019observa un creixement del PIB a les Illes Balears que contrasta amb una reducci\u00f3 del cr\u00e8dit concedit per entitats de dip\u00f2sits i un creixement baix del volum de dip\u00f2sits. El volum de cr\u00e8dit a finals de 2023 es redueix en un [&hellip;]","og_url":"https:\/\/memoriacesib.es\/2023\/7-institucions-financeres\/","og_site_name":"Memoria CES 2023","article_publisher":"https:\/\/www.facebook.com\/cesillesbalears","article_published_time":"2023-08-11T13:47:45+00:00","article_modified_time":"2024-08-28T08:21:20+00:00","og_image":[{"width":768,"height":768,"url":"https:\/\/memoriacesib.es\/2023\/wp-content\/uploads\/2023\/08\/Institucion-financiera.jpg","type":"image\/jpeg"}],"author":"admin","twitter_card":"summary_large_image","twitter_creator":"@ces_ib","twitter_site":"@ces_ib","twitter_misc":{"Escrito por":"admin","Tiempo de lectura":"3 minutos"},"schema":{"@context":"https:\/\/schema.org","@graph":[{"@type":"Article","@id":"https:\/\/memoriacesib.es\/2023\/7-institucions-financeres\/#article","isPartOf":{"@id":"https:\/\/memoriacesib.es\/2023\/7-institucions-financeres\/"},"author":{"name":"admin","@id":"https:\/\/memoriacesib.es\/2023\/#\/schema\/person\/2936f44710febf12ed5d851c6aa74117"},"headline":"7. Institucions financeres","datePublished":"2023-08-11T13:47:45+00:00","dateModified":"2024-08-28T08:21:20+00:00","mainEntityOfPage":{"@id":"https:\/\/memoriacesib.es\/2023\/7-institucions-financeres\/"},"wordCount":572,"commentCount":0,"publisher":{"@id":"https:\/\/memoriacesib.es\/2023\/#organization"},"image":{"@id":"https:\/\/memoriacesib.es\/2023\/7-institucions-financeres\/#primaryimage"},"thumbnailUrl":"https:\/\/memoriacesib.es\/2023\/wp-content\/uploads\/2023\/08\/Institucion-financiera.jpg","articleSection":["1. El panorama econ\u00f2mic de les Illes Balears","Cap\u00edtol I"],"inLanguage":"es","potentialAction":[{"@type":"CommentAction","name":"Comment","target":["https:\/\/memoriacesib.es\/2023\/7-institucions-financeres\/#respond"]}]},{"@type":"WebPage","@id":"https:\/\/memoriacesib.es\/2023\/7-institucions-financeres\/","url":"https:\/\/memoriacesib.es\/2023\/7-institucions-financeres\/","name":"7. Institucions financeres - Memoria CES 2023","isPartOf":{"@id":"https:\/\/memoriacesib.es\/2023\/#website"},"primaryImageOfPage":{"@id":"https:\/\/memoriacesib.es\/2023\/7-institucions-financeres\/#primaryimage"},"image":{"@id":"https:\/\/memoriacesib.es\/2023\/7-institucions-financeres\/#primaryimage"},"thumbnailUrl":"https:\/\/memoriacesib.es\/2023\/wp-content\/uploads\/2023\/08\/Institucion-financiera.jpg","datePublished":"2023-08-11T13:47:45+00:00","dateModified":"2024-08-28T08:21:20+00:00","breadcrumb":{"@id":"https:\/\/memoriacesib.es\/2023\/7-institucions-financeres\/#breadcrumb"},"inLanguage":"es","potentialAction":[{"@type":"ReadAction","target":["https:\/\/memoriacesib.es\/2023\/7-institucions-financeres\/"]}]},{"@type":"ImageObject","inLanguage":"es","@id":"https:\/\/memoriacesib.es\/2023\/7-institucions-financeres\/#primaryimage","url":"https:\/\/memoriacesib.es\/2023\/wp-content\/uploads\/2023\/08\/Institucion-financiera.jpg","contentUrl":"https:\/\/memoriacesib.es\/2023\/wp-content\/uploads\/2023\/08\/Institucion-financiera.jpg","width":768,"height":768},{"@type":"BreadcrumbList","@id":"https:\/\/memoriacesib.es\/2023\/7-institucions-financeres\/#breadcrumb","itemListElement":[{"@type":"ListItem","position":1,"name":"Portada","item":"https:\/\/memoriacesib.es\/2023\/"},{"@type":"ListItem","position":2,"name":"7. Institucions financeres"}]},{"@type":"WebSite","@id":"https:\/\/memoriacesib.es\/2023\/#website","url":"https:\/\/memoriacesib.es\/2023\/","name":"Memoria CES 2023","description":"Memoria CES 2023","publisher":{"@id":"https:\/\/memoriacesib.es\/2023\/#organization"},"potentialAction":[{"@type":"SearchAction","target":{"@type":"EntryPoint","urlTemplate":"https:\/\/memoriacesib.es\/2023\/?s={search_term_string}"},"query-input":{"@type":"PropertyValueSpecification","valueRequired":true,"valueName":"search_term_string"}}],"inLanguage":"es"},{"@type":"Organization","@id":"https:\/\/memoriacesib.es\/2023\/#organization","name":"Consell Economic i Social de les Illes Balears (CES)","url":"https:\/\/memoriacesib.es\/2023\/","logo":{"@type":"ImageObject","inLanguage":"es","@id":"https:\/\/memoriacesib.es\/2023\/#\/schema\/logo\/image\/","url":"https:\/\/memoriacesib.es\/2023\/wp-content\/uploads\/2023\/06\/Logo-Memoria-Ces-2023.png","contentUrl":"https:\/\/memoriacesib.es\/2023\/wp-content\/uploads\/2023\/06\/Logo-Memoria-Ces-2023.png","width":800,"height":195,"caption":"Consell Economic i Social de les Illes Balears (CES)"},"image":{"@id":"https:\/\/memoriacesib.es\/2023\/#\/schema\/logo\/image\/"},"sameAs":["https:\/\/www.facebook.com\/cesillesbalears","https:\/\/x.com\/ces_ib","https:\/\/www.youtube.com\/channel\/UCrEmO9wh7KlUaQ9dWzvYrVg"]},{"@type":"Person","@id":"https:\/\/memoriacesib.es\/2023\/#\/schema\/person\/2936f44710febf12ed5d851c6aa74117","name":"admin","image":{"@type":"ImageObject","inLanguage":"es","@id":"https:\/\/secure.gravatar.com\/avatar\/42a3717e1ac37e7f2d90262c48d11756024e6ed18ebaae3567f6c00866abe5f2?s=96&d=mm&r=g","url":"https:\/\/secure.gravatar.com\/avatar\/42a3717e1ac37e7f2d90262c48d11756024e6ed18ebaae3567f6c00866abe5f2?s=96&d=mm&r=g","contentUrl":"https:\/\/secure.gravatar.com\/avatar\/42a3717e1ac37e7f2d90262c48d11756024e6ed18ebaae3567f6c00866abe5f2?s=96&d=mm&r=g","caption":"admin"},"sameAs":["http:\/\/memoriacesib.es\/2023"],"url":"https:\/\/memoriacesib.es\/2023\/author\/admin\/"}]}},"_links":{"self":[{"href":"https:\/\/memoriacesib.es\/2023\/wp-json\/wp\/v2\/posts\/1654","targetHints":{"allow":["GET"]}}],"collection":[{"href":"https:\/\/memoriacesib.es\/2023\/wp-json\/wp\/v2\/posts"}],"about":[{"href":"https:\/\/memoriacesib.es\/2023\/wp-json\/wp\/v2\/types\/post"}],"author":[{"embeddable":true,"href":"https:\/\/memoriacesib.es\/2023\/wp-json\/wp\/v2\/users\/1"}],"replies":[{"embeddable":true,"href":"https:\/\/memoriacesib.es\/2023\/wp-json\/wp\/v2\/comments?post=1654"}],"version-history":[{"count":44,"href":"https:\/\/memoriacesib.es\/2023\/wp-json\/wp\/v2\/posts\/1654\/revisions"}],"predecessor-version":[{"id":3555,"href":"https:\/\/memoriacesib.es\/2023\/wp-json\/wp\/v2\/posts\/1654\/revisions\/3555"}],"wp:featuredmedia":[{"embeddable":true,"href":"https:\/\/memoriacesib.es\/2023\/wp-json\/wp\/v2\/media\/1655"}],"wp:attachment":[{"href":"https:\/\/memoriacesib.es\/2023\/wp-json\/wp\/v2\/media?parent=1654"}],"wp:term":[{"taxonomy":"category","embeddable":true,"href":"https:\/\/memoriacesib.es\/2023\/wp-json\/wp\/v2\/categories?post=1654"},{"taxonomy":"post_tag","embeddable":true,"href":"https:\/\/memoriacesib.es\/2023\/wp-json\/wp\/v2\/tags?post=1654"}],"curies":[{"name":"wp","href":"https:\/\/api.w.org\/{rel}","templated":true}]}}