{"id":1688,"date":"2023-08-11T14:10:27","date_gmt":"2023-08-11T14:10:27","guid":{"rendered":"http:\/\/memoriacesib.es\/2023\/?p=1688"},"modified":"2024-08-28T08:21:32","modified_gmt":"2024-08-28T08:21:32","slug":"8-administracions-publiques-i-carrega-fiscal","status":"publish","type":"post","link":"https:\/\/memoriacesib.es\/2023\/8-administracions-publiques-i-carrega-fiscal\/","title":{"rendered":"8. Administracions p\u00fabliques i c\u00e0rrega fiscal"},"content":{"rendered":"\t\t<div data-elementor-type=\"wp-post\" data-elementor-id=\"1688\" class=\"elementor elementor-1688\" data-elementor-post-type=\"post\">\n\t\t\t\t\t\t<section class=\"elementor-section elementor-top-section elementor-element elementor-element-1d36a559 elementor-section-boxed elementor-section-height-default elementor-section-height-default\" data-id=\"1d36a559\" data-element_type=\"section\" data-e-type=\"section\">\n\t\t\t\t\t\t<div class=\"elementor-container elementor-column-gap-default\">\n\t\t\t\t\t<div class=\"elementor-column elementor-col-100 elementor-top-column elementor-element elementor-element-2bdefa94\" data-id=\"2bdefa94\" data-element_type=\"column\" data-e-type=\"column\">\n\t\t\t<div class=\"elementor-widget-wrap elementor-element-populated\">\n\t\t\t\t\t\t<div class=\"elementor-element elementor-element-2902387f elementor-widget elementor-widget-heading\" data-id=\"2902387f\" data-element_type=\"widget\" data-e-type=\"widget\" data-widget_type=\"heading.default\">\n\t\t\t\t<div class=\"elementor-widget-container\">\n\t\t\t\t\t<h1 class=\"elementor-heading-title elementor-size-default\">8. Administracions p\u00fabliques i c\u00e0rrega fiscal<\/h1>\t\t\t\t<\/div>\n\t\t\t\t<\/div>\n\t\t\t\t<div class=\"elementor-element elementor-element-4ec45cb elementor-icon-list--layout-inline elementor-align-end elementor-list-item-link-full_width elementor-widget elementor-widget-icon-list\" data-id=\"4ec45cb\" data-element_type=\"widget\" data-e-type=\"widget\" data-widget_type=\"icon-list.default\">\n\t\t\t\t<div class=\"elementor-widget-container\">\n\t\t\t\t\t\t\t<ul class=\"elementor-icon-list-items elementor-inline-items\">\n\t\t\t\t\t\t\t<li class=\"elementor-icon-list-item elementor-inline-item\">\n\t\t\t\t\t\t\t\t\t\t<span class=\"elementor-icon-list-text\">Nicolas Alomar Olson<\/span>\n\t\t\t\t\t\t\t\t\t<\/li>\n\t\t\t\t\t\t<\/ul>\n\t\t\t\t\t\t<\/div>\n\t\t\t\t<\/div>\n\t\t\t\t<div class=\"elementor-element elementor-element-8e188a5 elementor-align-right elementor-widget elementor-widget-button\" data-id=\"8e188a5\" data-element_type=\"widget\" data-e-type=\"widget\" data-widget_type=\"button.default\">\n\t\t\t\t<div class=\"elementor-widget-container\">\n\t\t\t\t\t\t\t\t\t<div class=\"elementor-button-wrapper\">\n\t\t\t\t\t<a class=\"elementor-button elementor-button-link elementor-size-xs\" href=\"https:\/\/memoriacesib.es\/2023\/wp-content\/uploads\/2024\/08\/CAP-I_8.pdf\" target=\"_blank\">\n\t\t\t\t\t\t<span class=\"elementor-button-content-wrapper\">\n\t\t\t\t\t\t<span class=\"elementor-button-icon\">\n\t\t\t\t<i aria-hidden=\"true\" class=\"fas fa-file-pdf\"><\/i>\t\t\t<\/span>\n\t\t\t\t\t\t\t\t\t<span class=\"elementor-button-text\">Descarregar CAP I. 8. Administracions p\u00fabliques i c\u00e0rrega fiscal<\/span>\n\t\t\t\t\t<\/span>\n\t\t\t\t\t<\/a>\n\t\t\t\t<\/div>\n\t\t\t\t\t\t\t\t<\/div>\n\t\t\t\t<\/div>\n\t\t\t\t<div class=\"elementor-element elementor-element-16679881 elementor-widget-divider--view-line elementor-widget elementor-widget-divider\" data-id=\"16679881\" data-element_type=\"widget\" data-e-type=\"widget\" data-widget_type=\"divider.default\">\n\t\t\t\t<div class=\"elementor-widget-container\">\n\t\t\t\t\t\t\t<div class=\"elementor-divider\">\n\t\t\t<span class=\"elementor-divider-separator\">\n\t\t\t\t\t\t<\/span>\n\t\t<\/div>\n\t\t\t\t\t\t<\/div>\n\t\t\t\t<\/div>\n\t\t\t\t\t<\/div>\n\t\t<\/div>\n\t\t\t\t\t<\/div>\n\t\t<\/section>\n\t\t\t\t<section class=\"elementor-section elementor-top-section elementor-element elementor-element-b6699e0 elementor-section-boxed elementor-section-height-default elementor-section-height-default\" data-id=\"b6699e0\" data-element_type=\"section\" data-e-type=\"section\">\n\t\t\t\t\t\t<div class=\"elementor-container elementor-column-gap-default\">\n\t\t\t\t\t<div class=\"elementor-column elementor-col-100 elementor-top-column elementor-element elementor-element-2889c969\" data-id=\"2889c969\" data-element_type=\"column\" data-e-type=\"column\">\n\t\t\t<div class=\"elementor-widget-wrap elementor-element-populated\">\n\t\t\t\t\t\t<div class=\"elementor-element elementor-element-37b0087c elementor-widget elementor-widget-text-editor\" data-id=\"37b0087c\" data-element_type=\"widget\" data-e-type=\"widget\" data-widget_type=\"text-editor.default\">\n\t\t\t\t<div class=\"elementor-widget-container\">\n\t\t\t\t\t\t\t\t\t<p class=\"p1\">El pressupost no financer de la CAIB per al 2023 augmenta un 14,9\u2009%, impulsat principalment per un creixement del 20,4\u2009% en els ingressos corrents i gr\u00e0cies al manteniment de la suspensi\u00f3 del marc fiscal, especialment de la regla de despesa que limita el creixement de la despesa. Tot i aquest increment, el pressupost s\u2019alinea amb l\u2019objectiu d\u2019estabilitat de refer\u00e8ncia marcat pel govern central.<\/p>\n<p class=\"p1\">Els ingressos del sistema de finan\u00e7ament auton\u00f2mic (SFA) creixen un 25,2\u2009%, sobretot pel notable increment dels ingressos de l\u2019IVA, tant la bestreta a compte com la liquidaci\u00f3. Altres imposts indirectes que impulsen els ingressos corrents s\u00f3n l\u2019impost de transmissions patrimonials i l\u2019impost sobre els actes jur\u00eddics documentats. Les despeses corrents augmenten un 11,7\u2009% per\u00f2 amb un ritme inferior al dels ingressos, millorant el marge corrent.<span class=\"Apple-converted-space\">\u00a0<\/span><\/p>\n<p class=\"p1\">L\u2019activitat inversora mant\u00e9 la intensitat postpand\u00e8mica per la important entrada de recursos del mecanisme de recuperaci\u00f3 i resili\u00e8ncia (MRR) i de REACT, ambd\u00f3s programes de l\u2019instrument Next Generation-EU, i aix\u00ed les despeses per operacions de capital apugen un 34,0\u2009%. La part d\u2019inversions nom\u00e9s finan\u00e7ada amb recursos propis tamb\u00e9 creix, per\u00f2 menys.<\/p>\n<p class=\"p1\">Les despeses per operacions financeres mantenen la t\u00f2nica descendent d\u2019exercicis anteriors. Els ingressos financers, que financen les anteriors per la insufici\u00e8ncia d\u2019estalvi net, tamb\u00e9 minven.<\/p>\n<p class=\"p1\">En comparaci\u00f3 amb la mitjana del G-5 (comunitats aut\u00f2nomes amb poblacions similars), el pes sobre el PIB dels ingressos i despeses corrents \u00e9s inferior, i s\u00f3n destacables els diferencials a favor del G-5 en les pol\u00edtiques de salut i educaci\u00f3. No obstant aix\u00f2, continua el proc\u00e9s de lenta converg\u00e8ncia d\u2019abans del 2015 que va reduint progressivament el diferencial. En tots els indicadors d\u2019equilibri pressupostari i d\u2019efici\u00e8ncia, les xifres de la CAIB s\u00f3n millors que les del G-5. Cas contrari, s\u00f3n els d\u2019impacte, en disposar la CAIB de menys recursos corrents amb relaci\u00f3 al PIB per aplicar a pol\u00edtiques.<\/p>\n<p class=\"p1\">La pressi\u00f3 fiscal que exerceix la CAIB, s\u2019incrementa en 1,1 punts percentuals, fins al 13,0 \u2009% del PIB, la m\u00e9s alta del G-5, tot i ser la segona amb menys recursos tributaris amb relaci\u00f3 al PIB. Aquesta situaci\u00f3 s\u2019explica, sobretot, pels fons d\u2019anivellament horitzontal de l\u2019SFA, ja que del G-5, les Illes Balears s\u00f3n l\u2019\u00fanica comunitat aut\u00f2noma contribuent neta.<\/p>\n<p class=\"p1\">El deute en termes relatius al PIB continua el seu descens, no per una reducci\u00f3 del volum, sin\u00f3 per l\u2019increment de la grand\u00e0ria de l\u2019economia. En termes comparatius, la c\u00e0rrega pressupost\u00e0ria del deute \u00e9s superior a la mitjana del G-5, fet que suposa que l\u2019efecte despla\u00e7ament de recursos cap al pagament del deute sigui major. Aix\u00f2 implica menys recursos per pol\u00edtiques que s\u00f3n un servei directe al ciutad\u00e0.<\/p>\n<p style=\"font-weight: 400;\"><span style=\"color: #01a1df; font-size: 25px;\"><b><i>Es preveu que el deute acumulat de la CAIB sigui un 23,4\u2009% del PIB<\/i><\/b><\/span><\/p>\n<p class=\"p1\">El sector p\u00fablic consolidat de les Illes Balears, que inclou el sector p\u00fablic instrumental (SPI) de la CAIB, i el sector p\u00fablic local (SPL), t\u00e9 un pressupost no financer de 7.817,0 milions d\u2019euros, que equival a un 20,1 \u2009% del PIB. En aquest consolidat, el pressupost de la CAIB representa un 78,6\u2009%. En termes generals, la contribuci\u00f3 de l\u2019SPL \u00e9s positiva i produeix una millora en tots els indicadors.<span class=\"Apple-converted-space\">\u00a0<\/span><\/p>\n<p class=\"p1\">La pressi\u00f3 fiscal global, que no nom\u00e9s inclou els ens de l\u2019SPIB sin\u00f3 tamb\u00e9 els tributs recaptats per l\u2019Estat, representa un 23,8\u2009% del PIB, del qual nom\u00e9s un 28,0\u2009% correspon a tributs gestionats per administracions de les Illes Balears.<span class=\"Apple-converted-space\">\u00a0<\/span><\/p>\t\t\t\t\t\t\t\t<\/div>\n\t\t\t\t<\/div>\n\t\t\t\t\t<\/div>\n\t\t<\/div>\n\t\t\t\t\t<\/div>\n\t\t<\/section>\n\t\t\t\t<section class=\"elementor-section elementor-top-section elementor-element elementor-element-47c11c8d elementor-section-boxed elementor-section-height-default elementor-section-height-default\" data-id=\"47c11c8d\" data-element_type=\"section\" data-e-type=\"section\">\n\t\t\t\t\t\t<div class=\"elementor-container elementor-column-gap-default\">\n\t\t\t\t\t<div class=\"elementor-column elementor-col-100 elementor-top-column elementor-element elementor-element-b9d9437\" data-id=\"b9d9437\" data-element_type=\"column\" data-e-type=\"column\">\n\t\t\t<div class=\"elementor-widget-wrap elementor-element-populated\">\n\t\t\t\t\t\t<div class=\"elementor-element elementor-element-3b83e6c1 elementor-widget-divider--view-line elementor-widget elementor-widget-divider\" data-id=\"3b83e6c1\" data-element_type=\"widget\" data-e-type=\"widget\" data-widget_type=\"divider.default\">\n\t\t\t\t<div class=\"elementor-widget-container\">\n\t\t\t\t\t\t\t<div class=\"elementor-divider\">\n\t\t\t<span class=\"elementor-divider-separator\">\n\t\t\t\t\t\t<\/span>\n\t\t<\/div>\n\t\t\t\t\t\t<\/div>\n\t\t\t\t<\/div>\n\t\t\t\t\t<\/div>\n\t\t<\/div>\n\t\t\t\t\t<\/div>\n\t\t<\/section>\n\t\t\t\t<\/div>\n\t\t","protected":false},"excerpt":{"rendered":"<p>8. Administracions p\u00fabliques i c\u00e0rrega fiscal Nicolas Alomar Olson Descarregar CAP I. 8. Administracions p\u00fabliques i c\u00e0rrega fiscal El pressupost no financer de la CAIB per al 2023 augmenta un 14,9\u2009%, impulsat principalment per un creixement del 20,4\u2009% en els ingressos corrents i gr\u00e0cies al manteniment de la suspensi\u00f3 del marc fiscal, especialment de la [&hellip;]<\/p>\n","protected":false},"author":1,"featured_media":1689,"comment_status":"open","ping_status":"open","sticky":false,"template":"","format":"standard","meta":{"footnotes":""},"categories":[3,2],"tags":[],"class_list":["post-1688","post","type-post","status-publish","format-standard","has-post-thumbnail","hentry","category-panoramaeconomicdelesillesbalears","category-capitoli"],"yoast_head":"<!-- This site is optimized with the Yoast SEO plugin v27.3 - https:\/\/yoast.com\/product\/yoast-seo-wordpress\/ -->\n<title>8. Administracions p\u00fabliques i c\u00e0rrega fiscal - Memoria CES 2023<\/title>\n<meta name=\"robots\" content=\"index, follow, max-snippet:-1, max-image-preview:large, max-video-preview:-1\" \/>\n<link rel=\"canonical\" href=\"https:\/\/memoriacesib.es\/2023\/8-administracions-publiques-i-carrega-fiscal\/\" \/>\n<meta property=\"og:locale\" content=\"es_ES\" \/>\n<meta property=\"og:type\" content=\"article\" \/>\n<meta property=\"og:title\" content=\"8. Administracions p\u00fabliques i c\u00e0rrega fiscal - Memoria CES 2023\" \/>\n<meta property=\"og:description\" content=\"8. Administracions p\u00fabliques i c\u00e0rrega fiscal Nicolas Alomar Olson Descarregar CAP I. 8. Administracions p\u00fabliques i c\u00e0rrega fiscal El pressupost no financer de la CAIB per al 2023 augmenta un 14,9\u2009%, impulsat principalment per un creixement del 20,4\u2009% en els ingressos corrents i gr\u00e0cies al manteniment de la suspensi\u00f3 del marc fiscal, especialment de la [&hellip;]\" \/>\n<meta property=\"og:url\" content=\"https:\/\/memoriacesib.es\/2023\/8-administracions-publiques-i-carrega-fiscal\/\" \/>\n<meta property=\"og:site_name\" content=\"Memoria CES 2023\" \/>\n<meta property=\"article:publisher\" content=\"https:\/\/www.facebook.com\/cesillesbalears\" \/>\n<meta property=\"article:published_time\" content=\"2023-08-11T14:10:27+00:00\" \/>\n<meta property=\"article:modified_time\" content=\"2024-08-28T08:21:32+00:00\" \/>\n<meta property=\"og:image\" content=\"https:\/\/memoriacesib.es\/2023\/wp-content\/uploads\/2023\/08\/Carga-fiscal.jpg\" \/>\n\t<meta property=\"og:image:width\" content=\"768\" \/>\n\t<meta property=\"og:image:height\" content=\"768\" \/>\n\t<meta property=\"og:image:type\" content=\"image\/jpeg\" \/>\n<meta name=\"author\" content=\"admin\" \/>\n<meta name=\"twitter:card\" content=\"summary_large_image\" \/>\n<meta name=\"twitter:creator\" content=\"@ces_ib\" \/>\n<meta name=\"twitter:site\" content=\"@ces_ib\" \/>\n<meta name=\"twitter:label1\" content=\"Escrito por\" \/>\n\t<meta name=\"twitter:data1\" content=\"admin\" \/>\n\t<meta name=\"twitter:label2\" content=\"Tiempo de lectura\" \/>\n\t<meta name=\"twitter:data2\" content=\"3 minutos\" \/>\n<script type=\"application\/ld+json\" class=\"yoast-schema-graph\">{\"@context\":\"https:\\\/\\\/schema.org\",\"@graph\":[{\"@type\":\"Article\",\"@id\":\"https:\\\/\\\/memoriacesib.es\\\/2023\\\/8-administracions-publiques-i-carrega-fiscal\\\/#article\",\"isPartOf\":{\"@id\":\"https:\\\/\\\/memoriacesib.es\\\/2023\\\/8-administracions-publiques-i-carrega-fiscal\\\/\"},\"author\":{\"name\":\"admin\",\"@id\":\"https:\\\/\\\/memoriacesib.es\\\/2023\\\/#\\\/schema\\\/person\\\/2936f44710febf12ed5d851c6aa74117\"},\"headline\":\"8. Administracions p\u00fabliques i c\u00e0rrega fiscal\",\"datePublished\":\"2023-08-11T14:10:27+00:00\",\"dateModified\":\"2024-08-28T08:21:32+00:00\",\"mainEntityOfPage\":{\"@id\":\"https:\\\/\\\/memoriacesib.es\\\/2023\\\/8-administracions-publiques-i-carrega-fiscal\\\/\"},\"wordCount\":624,\"commentCount\":0,\"publisher\":{\"@id\":\"https:\\\/\\\/memoriacesib.es\\\/2023\\\/#organization\"},\"image\":{\"@id\":\"https:\\\/\\\/memoriacesib.es\\\/2023\\\/8-administracions-publiques-i-carrega-fiscal\\\/#primaryimage\"},\"thumbnailUrl\":\"https:\\\/\\\/memoriacesib.es\\\/2023\\\/wp-content\\\/uploads\\\/2023\\\/08\\\/Carga-fiscal.jpg\",\"articleSection\":[\"1. El panorama econ\u00f2mic de les Illes Balears\",\"Cap\u00edtol I\"],\"inLanguage\":\"es\",\"potentialAction\":[{\"@type\":\"CommentAction\",\"name\":\"Comment\",\"target\":[\"https:\\\/\\\/memoriacesib.es\\\/2023\\\/8-administracions-publiques-i-carrega-fiscal\\\/#respond\"]}]},{\"@type\":\"WebPage\",\"@id\":\"https:\\\/\\\/memoriacesib.es\\\/2023\\\/8-administracions-publiques-i-carrega-fiscal\\\/\",\"url\":\"https:\\\/\\\/memoriacesib.es\\\/2023\\\/8-administracions-publiques-i-carrega-fiscal\\\/\",\"name\":\"8. Administracions p\u00fabliques i c\u00e0rrega fiscal - Memoria CES 2023\",\"isPartOf\":{\"@id\":\"https:\\\/\\\/memoriacesib.es\\\/2023\\\/#website\"},\"primaryImageOfPage\":{\"@id\":\"https:\\\/\\\/memoriacesib.es\\\/2023\\\/8-administracions-publiques-i-carrega-fiscal\\\/#primaryimage\"},\"image\":{\"@id\":\"https:\\\/\\\/memoriacesib.es\\\/2023\\\/8-administracions-publiques-i-carrega-fiscal\\\/#primaryimage\"},\"thumbnailUrl\":\"https:\\\/\\\/memoriacesib.es\\\/2023\\\/wp-content\\\/uploads\\\/2023\\\/08\\\/Carga-fiscal.jpg\",\"datePublished\":\"2023-08-11T14:10:27+00:00\",\"dateModified\":\"2024-08-28T08:21:32+00:00\",\"breadcrumb\":{\"@id\":\"https:\\\/\\\/memoriacesib.es\\\/2023\\\/8-administracions-publiques-i-carrega-fiscal\\\/#breadcrumb\"},\"inLanguage\":\"es\",\"potentialAction\":[{\"@type\":\"ReadAction\",\"target\":[\"https:\\\/\\\/memoriacesib.es\\\/2023\\\/8-administracions-publiques-i-carrega-fiscal\\\/\"]}]},{\"@type\":\"ImageObject\",\"inLanguage\":\"es\",\"@id\":\"https:\\\/\\\/memoriacesib.es\\\/2023\\\/8-administracions-publiques-i-carrega-fiscal\\\/#primaryimage\",\"url\":\"https:\\\/\\\/memoriacesib.es\\\/2023\\\/wp-content\\\/uploads\\\/2023\\\/08\\\/Carga-fiscal.jpg\",\"contentUrl\":\"https:\\\/\\\/memoriacesib.es\\\/2023\\\/wp-content\\\/uploads\\\/2023\\\/08\\\/Carga-fiscal.jpg\",\"width\":768,\"height\":768},{\"@type\":\"BreadcrumbList\",\"@id\":\"https:\\\/\\\/memoriacesib.es\\\/2023\\\/8-administracions-publiques-i-carrega-fiscal\\\/#breadcrumb\",\"itemListElement\":[{\"@type\":\"ListItem\",\"position\":1,\"name\":\"Portada\",\"item\":\"https:\\\/\\\/memoriacesib.es\\\/2023\\\/\"},{\"@type\":\"ListItem\",\"position\":2,\"name\":\"8. Administracions p\u00fabliques i c\u00e0rrega fiscal\"}]},{\"@type\":\"WebSite\",\"@id\":\"https:\\\/\\\/memoriacesib.es\\\/2023\\\/#website\",\"url\":\"https:\\\/\\\/memoriacesib.es\\\/2023\\\/\",\"name\":\"Memoria CES 2023\",\"description\":\"Memoria CES 2023\",\"publisher\":{\"@id\":\"https:\\\/\\\/memoriacesib.es\\\/2023\\\/#organization\"},\"potentialAction\":[{\"@type\":\"SearchAction\",\"target\":{\"@type\":\"EntryPoint\",\"urlTemplate\":\"https:\\\/\\\/memoriacesib.es\\\/2023\\\/?s={search_term_string}\"},\"query-input\":{\"@type\":\"PropertyValueSpecification\",\"valueRequired\":true,\"valueName\":\"search_term_string\"}}],\"inLanguage\":\"es\"},{\"@type\":\"Organization\",\"@id\":\"https:\\\/\\\/memoriacesib.es\\\/2023\\\/#organization\",\"name\":\"Consell Economic i Social de les Illes Balears (CES)\",\"url\":\"https:\\\/\\\/memoriacesib.es\\\/2023\\\/\",\"logo\":{\"@type\":\"ImageObject\",\"inLanguage\":\"es\",\"@id\":\"https:\\\/\\\/memoriacesib.es\\\/2023\\\/#\\\/schema\\\/logo\\\/image\\\/\",\"url\":\"https:\\\/\\\/memoriacesib.es\\\/2023\\\/wp-content\\\/uploads\\\/2023\\\/06\\\/Logo-Memoria-Ces-2023.png\",\"contentUrl\":\"https:\\\/\\\/memoriacesib.es\\\/2023\\\/wp-content\\\/uploads\\\/2023\\\/06\\\/Logo-Memoria-Ces-2023.png\",\"width\":800,\"height\":195,\"caption\":\"Consell Economic i Social de les Illes Balears (CES)\"},\"image\":{\"@id\":\"https:\\\/\\\/memoriacesib.es\\\/2023\\\/#\\\/schema\\\/logo\\\/image\\\/\"},\"sameAs\":[\"https:\\\/\\\/www.facebook.com\\\/cesillesbalears\",\"https:\\\/\\\/x.com\\\/ces_ib\",\"https:\\\/\\\/www.youtube.com\\\/channel\\\/UCrEmO9wh7KlUaQ9dWzvYrVg\"]},{\"@type\":\"Person\",\"@id\":\"https:\\\/\\\/memoriacesib.es\\\/2023\\\/#\\\/schema\\\/person\\\/2936f44710febf12ed5d851c6aa74117\",\"name\":\"admin\",\"image\":{\"@type\":\"ImageObject\",\"inLanguage\":\"es\",\"@id\":\"https:\\\/\\\/secure.gravatar.com\\\/avatar\\\/42a3717e1ac37e7f2d90262c48d11756024e6ed18ebaae3567f6c00866abe5f2?s=96&d=mm&r=g\",\"url\":\"https:\\\/\\\/secure.gravatar.com\\\/avatar\\\/42a3717e1ac37e7f2d90262c48d11756024e6ed18ebaae3567f6c00866abe5f2?s=96&d=mm&r=g\",\"contentUrl\":\"https:\\\/\\\/secure.gravatar.com\\\/avatar\\\/42a3717e1ac37e7f2d90262c48d11756024e6ed18ebaae3567f6c00866abe5f2?s=96&d=mm&r=g\",\"caption\":\"admin\"},\"sameAs\":[\"http:\\\/\\\/memoriacesib.es\\\/2023\"],\"url\":\"https:\\\/\\\/memoriacesib.es\\\/2023\\\/author\\\/admin\\\/\"}]}<\/script>\n<!-- \/ Yoast SEO plugin. -->","yoast_head_json":{"title":"8. Administracions p\u00fabliques i c\u00e0rrega fiscal - Memoria CES 2023","robots":{"index":"index","follow":"follow","max-snippet":"max-snippet:-1","max-image-preview":"max-image-preview:large","max-video-preview":"max-video-preview:-1"},"canonical":"https:\/\/memoriacesib.es\/2023\/8-administracions-publiques-i-carrega-fiscal\/","og_locale":"es_ES","og_type":"article","og_title":"8. Administracions p\u00fabliques i c\u00e0rrega fiscal - Memoria CES 2023","og_description":"8. Administracions p\u00fabliques i c\u00e0rrega fiscal Nicolas Alomar Olson Descarregar CAP I. 8. Administracions p\u00fabliques i c\u00e0rrega fiscal El pressupost no financer de la CAIB per al 2023 augmenta un 14,9\u2009%, impulsat principalment per un creixement del 20,4\u2009% en els ingressos corrents i gr\u00e0cies al manteniment de la suspensi\u00f3 del marc fiscal, especialment de la [&hellip;]","og_url":"https:\/\/memoriacesib.es\/2023\/8-administracions-publiques-i-carrega-fiscal\/","og_site_name":"Memoria CES 2023","article_publisher":"https:\/\/www.facebook.com\/cesillesbalears","article_published_time":"2023-08-11T14:10:27+00:00","article_modified_time":"2024-08-28T08:21:32+00:00","og_image":[{"width":768,"height":768,"url":"https:\/\/memoriacesib.es\/2023\/wp-content\/uploads\/2023\/08\/Carga-fiscal.jpg","type":"image\/jpeg"}],"author":"admin","twitter_card":"summary_large_image","twitter_creator":"@ces_ib","twitter_site":"@ces_ib","twitter_misc":{"Escrito por":"admin","Tiempo de lectura":"3 minutos"},"schema":{"@context":"https:\/\/schema.org","@graph":[{"@type":"Article","@id":"https:\/\/memoriacesib.es\/2023\/8-administracions-publiques-i-carrega-fiscal\/#article","isPartOf":{"@id":"https:\/\/memoriacesib.es\/2023\/8-administracions-publiques-i-carrega-fiscal\/"},"author":{"name":"admin","@id":"https:\/\/memoriacesib.es\/2023\/#\/schema\/person\/2936f44710febf12ed5d851c6aa74117"},"headline":"8. Administracions p\u00fabliques i c\u00e0rrega fiscal","datePublished":"2023-08-11T14:10:27+00:00","dateModified":"2024-08-28T08:21:32+00:00","mainEntityOfPage":{"@id":"https:\/\/memoriacesib.es\/2023\/8-administracions-publiques-i-carrega-fiscal\/"},"wordCount":624,"commentCount":0,"publisher":{"@id":"https:\/\/memoriacesib.es\/2023\/#organization"},"image":{"@id":"https:\/\/memoriacesib.es\/2023\/8-administracions-publiques-i-carrega-fiscal\/#primaryimage"},"thumbnailUrl":"https:\/\/memoriacesib.es\/2023\/wp-content\/uploads\/2023\/08\/Carga-fiscal.jpg","articleSection":["1. El panorama econ\u00f2mic de les Illes Balears","Cap\u00edtol I"],"inLanguage":"es","potentialAction":[{"@type":"CommentAction","name":"Comment","target":["https:\/\/memoriacesib.es\/2023\/8-administracions-publiques-i-carrega-fiscal\/#respond"]}]},{"@type":"WebPage","@id":"https:\/\/memoriacesib.es\/2023\/8-administracions-publiques-i-carrega-fiscal\/","url":"https:\/\/memoriacesib.es\/2023\/8-administracions-publiques-i-carrega-fiscal\/","name":"8. Administracions p\u00fabliques i c\u00e0rrega fiscal - Memoria CES 2023","isPartOf":{"@id":"https:\/\/memoriacesib.es\/2023\/#website"},"primaryImageOfPage":{"@id":"https:\/\/memoriacesib.es\/2023\/8-administracions-publiques-i-carrega-fiscal\/#primaryimage"},"image":{"@id":"https:\/\/memoriacesib.es\/2023\/8-administracions-publiques-i-carrega-fiscal\/#primaryimage"},"thumbnailUrl":"https:\/\/memoriacesib.es\/2023\/wp-content\/uploads\/2023\/08\/Carga-fiscal.jpg","datePublished":"2023-08-11T14:10:27+00:00","dateModified":"2024-08-28T08:21:32+00:00","breadcrumb":{"@id":"https:\/\/memoriacesib.es\/2023\/8-administracions-publiques-i-carrega-fiscal\/#breadcrumb"},"inLanguage":"es","potentialAction":[{"@type":"ReadAction","target":["https:\/\/memoriacesib.es\/2023\/8-administracions-publiques-i-carrega-fiscal\/"]}]},{"@type":"ImageObject","inLanguage":"es","@id":"https:\/\/memoriacesib.es\/2023\/8-administracions-publiques-i-carrega-fiscal\/#primaryimage","url":"https:\/\/memoriacesib.es\/2023\/wp-content\/uploads\/2023\/08\/Carga-fiscal.jpg","contentUrl":"https:\/\/memoriacesib.es\/2023\/wp-content\/uploads\/2023\/08\/Carga-fiscal.jpg","width":768,"height":768},{"@type":"BreadcrumbList","@id":"https:\/\/memoriacesib.es\/2023\/8-administracions-publiques-i-carrega-fiscal\/#breadcrumb","itemListElement":[{"@type":"ListItem","position":1,"name":"Portada","item":"https:\/\/memoriacesib.es\/2023\/"},{"@type":"ListItem","position":2,"name":"8. Administracions p\u00fabliques i c\u00e0rrega fiscal"}]},{"@type":"WebSite","@id":"https:\/\/memoriacesib.es\/2023\/#website","url":"https:\/\/memoriacesib.es\/2023\/","name":"Memoria CES 2023","description":"Memoria CES 2023","publisher":{"@id":"https:\/\/memoriacesib.es\/2023\/#organization"},"potentialAction":[{"@type":"SearchAction","target":{"@type":"EntryPoint","urlTemplate":"https:\/\/memoriacesib.es\/2023\/?s={search_term_string}"},"query-input":{"@type":"PropertyValueSpecification","valueRequired":true,"valueName":"search_term_string"}}],"inLanguage":"es"},{"@type":"Organization","@id":"https:\/\/memoriacesib.es\/2023\/#organization","name":"Consell Economic i Social de les Illes Balears (CES)","url":"https:\/\/memoriacesib.es\/2023\/","logo":{"@type":"ImageObject","inLanguage":"es","@id":"https:\/\/memoriacesib.es\/2023\/#\/schema\/logo\/image\/","url":"https:\/\/memoriacesib.es\/2023\/wp-content\/uploads\/2023\/06\/Logo-Memoria-Ces-2023.png","contentUrl":"https:\/\/memoriacesib.es\/2023\/wp-content\/uploads\/2023\/06\/Logo-Memoria-Ces-2023.png","width":800,"height":195,"caption":"Consell Economic i Social de les Illes Balears (CES)"},"image":{"@id":"https:\/\/memoriacesib.es\/2023\/#\/schema\/logo\/image\/"},"sameAs":["https:\/\/www.facebook.com\/cesillesbalears","https:\/\/x.com\/ces_ib","https:\/\/www.youtube.com\/channel\/UCrEmO9wh7KlUaQ9dWzvYrVg"]},{"@type":"Person","@id":"https:\/\/memoriacesib.es\/2023\/#\/schema\/person\/2936f44710febf12ed5d851c6aa74117","name":"admin","image":{"@type":"ImageObject","inLanguage":"es","@id":"https:\/\/secure.gravatar.com\/avatar\/42a3717e1ac37e7f2d90262c48d11756024e6ed18ebaae3567f6c00866abe5f2?s=96&d=mm&r=g","url":"https:\/\/secure.gravatar.com\/avatar\/42a3717e1ac37e7f2d90262c48d11756024e6ed18ebaae3567f6c00866abe5f2?s=96&d=mm&r=g","contentUrl":"https:\/\/secure.gravatar.com\/avatar\/42a3717e1ac37e7f2d90262c48d11756024e6ed18ebaae3567f6c00866abe5f2?s=96&d=mm&r=g","caption":"admin"},"sameAs":["http:\/\/memoriacesib.es\/2023"],"url":"https:\/\/memoriacesib.es\/2023\/author\/admin\/"}]}},"_links":{"self":[{"href":"https:\/\/memoriacesib.es\/2023\/wp-json\/wp\/v2\/posts\/1688","targetHints":{"allow":["GET"]}}],"collection":[{"href":"https:\/\/memoriacesib.es\/2023\/wp-json\/wp\/v2\/posts"}],"about":[{"href":"https:\/\/memoriacesib.es\/2023\/wp-json\/wp\/v2\/types\/post"}],"author":[{"embeddable":true,"href":"https:\/\/memoriacesib.es\/2023\/wp-json\/wp\/v2\/users\/1"}],"replies":[{"embeddable":true,"href":"https:\/\/memoriacesib.es\/2023\/wp-json\/wp\/v2\/comments?post=1688"}],"version-history":[{"count":44,"href":"https:\/\/memoriacesib.es\/2023\/wp-json\/wp\/v2\/posts\/1688\/revisions"}],"predecessor-version":[{"id":3557,"href":"https:\/\/memoriacesib.es\/2023\/wp-json\/wp\/v2\/posts\/1688\/revisions\/3557"}],"wp:featuredmedia":[{"embeddable":true,"href":"https:\/\/memoriacesib.es\/2023\/wp-json\/wp\/v2\/media\/1689"}],"wp:attachment":[{"href":"https:\/\/memoriacesib.es\/2023\/wp-json\/wp\/v2\/media?parent=1688"}],"wp:term":[{"taxonomy":"category","embeddable":true,"href":"https:\/\/memoriacesib.es\/2023\/wp-json\/wp\/v2\/categories?post=1688"},{"taxonomy":"post_tag","embeddable":true,"href":"https:\/\/memoriacesib.es\/2023\/wp-json\/wp\/v2\/tags?post=1688"}],"curies":[{"name":"wp","href":"https:\/\/api.w.org\/{rel}","templated":true}]}}