{"id":1724,"date":"2023-08-11T15:41:23","date_gmt":"2023-08-11T15:41:23","guid":{"rendered":"http:\/\/memoriacesib.es\/2023\/?p=1724"},"modified":"2024-08-28T08:22:32","modified_gmt":"2024-08-28T08:22:32","slug":"9-societat-del-coneixement-i-de-l-a-informacio","status":"publish","type":"post","link":"https:\/\/memoriacesib.es\/2023\/9-societat-del-coneixement-i-de-l-a-informacio\/","title":{"rendered":"9. Societat del coneixement i de la informaci\u00f3"},"content":{"rendered":"\t\t<div data-elementor-type=\"wp-post\" data-elementor-id=\"1724\" class=\"elementor elementor-1724\" data-elementor-post-type=\"post\">\n\t\t\t\t\t\t<section class=\"elementor-section elementor-top-section elementor-element elementor-element-1ba3bd86 elementor-section-boxed elementor-section-height-default elementor-section-height-default\" data-id=\"1ba3bd86\" data-element_type=\"section\" data-e-type=\"section\">\n\t\t\t\t\t\t<div class=\"elementor-container elementor-column-gap-default\">\n\t\t\t\t\t<div class=\"elementor-column elementor-col-100 elementor-top-column elementor-element elementor-element-2ede2ff1\" data-id=\"2ede2ff1\" data-element_type=\"column\" data-e-type=\"column\">\n\t\t\t<div class=\"elementor-widget-wrap elementor-element-populated\">\n\t\t\t\t\t\t<div class=\"elementor-element elementor-element-55d052ba elementor-widget elementor-widget-heading\" data-id=\"55d052ba\" data-element_type=\"widget\" data-e-type=\"widget\" data-widget_type=\"heading.default\">\n\t\t\t\t<div class=\"elementor-widget-container\">\n\t\t\t\t\t<h1 class=\"elementor-heading-title elementor-size-default\">9. Societat del coneixement i de la informaci\u00f3<\/h1>\t\t\t\t<\/div>\n\t\t\t\t<\/div>\n\t\t\t\t<div class=\"elementor-element elementor-element-3c68c100 elementor-icon-list--layout-inline elementor-align-end elementor-list-item-link-full_width elementor-widget elementor-widget-icon-list\" data-id=\"3c68c100\" data-element_type=\"widget\" data-e-type=\"widget\" data-widget_type=\"icon-list.default\">\n\t\t\t\t<div class=\"elementor-widget-container\">\n\t\t\t\t\t\t\t<ul class=\"elementor-icon-list-items elementor-inline-items\">\n\t\t\t\t\t\t\t<li class=\"elementor-icon-list-item elementor-inline-item\">\n\t\t\t\t\t\t\t\t\t\t<span class=\"elementor-icon-list-text\">Mar\u00eda Diaz Codina<\/span>\n\t\t\t\t\t\t\t\t\t<\/li>\n\t\t\t\t\t\t\t\t<li class=\"elementor-icon-list-item elementor-inline-item\">\n\t\t\t\t\t\t\t\t\t\t<span class=\"elementor-icon-list-text\">Bel Llodr\u00e0 Riera<\/span>\n\t\t\t\t\t\t\t\t\t<\/li>\n\t\t\t\t\t\t\t\t<li class=\"elementor-icon-list-item elementor-inline-item\">\n\t\t\t\t\t\t\t\t\t\t<span class=\"elementor-icon-list-text\">Francesca Morey Fern\u00e1ndez<\/span>\n\t\t\t\t\t\t\t\t\t<\/li>\n\t\t\t\t\t\t\t\t<li class=\"elementor-icon-list-item elementor-inline-item\">\n\t\t\t\t\t\t\t\t\t\t<span class=\"elementor-icon-list-text\">Llucia Asensio Torres<\/span>\n\t\t\t\t\t\t\t\t\t<\/li>\n\t\t\t\t\t\t<\/ul>\n\t\t\t\t\t\t<\/div>\n\t\t\t\t<\/div>\n\t\t\t\t<div class=\"elementor-element elementor-element-41c51acf elementor-align-right elementor-widget elementor-widget-button\" data-id=\"41c51acf\" data-element_type=\"widget\" data-e-type=\"widget\" data-widget_type=\"button.default\">\n\t\t\t\t<div class=\"elementor-widget-container\">\n\t\t\t\t\t\t\t\t\t<div class=\"elementor-button-wrapper\">\n\t\t\t\t\t<a class=\"elementor-button elementor-button-link elementor-size-xs\" href=\"https:\/\/memoriacesib.es\/2023\/wp-content\/uploads\/2024\/08\/CAP-I_9.pdf\" target=\"_blank\">\n\t\t\t\t\t\t<span class=\"elementor-button-content-wrapper\">\n\t\t\t\t\t\t<span class=\"elementor-button-icon\">\n\t\t\t\t<i aria-hidden=\"true\" class=\"fas fa-file-pdf\"><\/i>\t\t\t<\/span>\n\t\t\t\t\t\t\t\t\t<span class=\"elementor-button-text\">Descarregar CAP I. 9. Societat del coneixement i de l a informaci\u00f3<\/span>\n\t\t\t\t\t<\/span>\n\t\t\t\t\t<\/a>\n\t\t\t\t<\/div>\n\t\t\t\t\t\t\t\t<\/div>\n\t\t\t\t<\/div>\n\t\t\t\t<div class=\"elementor-element elementor-element-74e17b0b elementor-widget-divider--view-line elementor-widget elementor-widget-divider\" data-id=\"74e17b0b\" data-element_type=\"widget\" data-e-type=\"widget\" data-widget_type=\"divider.default\">\n\t\t\t\t<div class=\"elementor-widget-container\">\n\t\t\t\t\t\t\t<div class=\"elementor-divider\">\n\t\t\t<span class=\"elementor-divider-separator\">\n\t\t\t\t\t\t<\/span>\n\t\t<\/div>\n\t\t\t\t\t\t<\/div>\n\t\t\t\t<\/div>\n\t\t\t\t\t<\/div>\n\t\t<\/div>\n\t\t\t\t\t<\/div>\n\t\t<\/section>\n\t\t\t\t<section class=\"elementor-section elementor-top-section elementor-element elementor-element-1ecd989b elementor-section-boxed elementor-section-height-default elementor-section-height-default\" data-id=\"1ecd989b\" data-element_type=\"section\" data-e-type=\"section\">\n\t\t\t\t\t\t<div class=\"elementor-container elementor-column-gap-default\">\n\t\t\t\t\t<div class=\"elementor-column elementor-col-100 elementor-top-column elementor-element elementor-element-72a370a6\" data-id=\"72a370a6\" data-element_type=\"column\" data-e-type=\"column\">\n\t\t\t<div class=\"elementor-widget-wrap elementor-element-populated\">\n\t\t\t\t\t\t<div class=\"elementor-element elementor-element-6cedc3b6 elementor-widget elementor-widget-text-editor\" data-id=\"6cedc3b6\" data-element_type=\"widget\" data-e-type=\"widget\" data-widget_type=\"text-editor.default\">\n\t\t\t\t<div class=\"elementor-widget-container\">\n\t\t\t\t\t\t\t\t\t<p class=\"p1\">Les Illes Balears s\u00f3n una de les poques comunitats aut\u00f2nomes que han tingut una tend\u00e8ncia continuada en el creixement de la despesa en R+D. El percentatge del creixement de la despesa en R+D de les Illes Balears en el per\u00edode 2021-2022 es troba lleugerament per sobre de la mitjana espanyola.<\/p>\n<p style=\"font-weight: 400;\"><span style=\"color: #01a1df; font-size: 25px;\"><b><i>El creixement de la despesa en R+D de les Illes Balears en el per\u00edode 2021-2022 ha estat del 12,0\u2009%.<\/i><\/b><\/span><\/p>\n<p class=\"p1\">Pel que fa a la distribuci\u00f3 sectorial, la despesa executada pel sector d\u2019empreses a les Illes Balears continua amb la tend\u00e8ncia de creixement iniciada l\u2019any 2016 i supera des de fa tres anys la despesa que fa la Universitat de les Illes Balears; per tant, aix\u00ed \u00e9s el sector que m\u00e9s hi ha invertit.<span class=\"Apple-converted-space\">\u00a0<\/span><\/p>\n<p class=\"p1\">L\u2019any 2022 hi va haver 3.237,5 persones dedicades a activats de recerca, la qual cosa va suposar un augment del 8,04\u2009% respecte a l\u2019any anterior, encara que pel que fa al nombre d\u2019investigadors, hi ha hagut una p\u00e8rdua en el nombre total, ja que han passat de tenir 2.244,0 a 2.187,3 EDP.<\/p>\n<p class=\"p1\">El 69,9\u2009% de les dones investigadores s\u00f3n a la Universitat de les Illes Balears. A les empreses, la seva pres\u00e8ncia continua sent molt baixa, nom\u00e9s d\u2019un 9,3\u2009%.<\/p>\n<p class=\"p1\">El nombre d\u2019empreses innovadores en el per\u00edode 2020-2022 ubicades a les Illes Balears va ser de 762 empreses. D\u2019aquestes, 344 varen ser innovadores en producte; 629 empreses en processos de negoci, i que fossin juntament innovadores en producte i processos de negoci, 210 empreses.<\/p>\n<p class=\"p1\">Durant el per\u00edode 2020-2022, nom\u00e9s el 3,56\u2009% del total d\u2019empreses de les Illes Balears varen cooperar per fer activitats innovadores i, a m\u00e9s, nom\u00e9s el 0,51\u2009% va ser per desenvolupar activitats d\u2019R+D.<\/p>\n<p class=\"p1\">El 2023 les empreses de m\u00e9s de deu treballadors de les Illes Balears se situen en la majoria d\u2019indicadors TIC lleugerament per sota de l\u2019Estat, excepte en l\u2019\u00fas de xarxes socials. Les xarxes m\u00e9s emprades s\u00f3n Facebook i LinkedIn.<\/p>\n<p class=\"p1\">Continua el descens de les empreses que tenen connexi\u00f3 i web, i passen d\u2019un 81,4\u2009% el 2020 a un 75,6\u2009%. Tamb\u00e9 baixen les que permeten fer teletreball, d\u2019un 33,9\u2009% a un 22,9\u2009%. L\u2019\u00fas de la intel\u00b7lig\u00e8ncia artificial cau d\u2019un 9,7\u2009% a un 6,2\u2009%, lluny del 9,5\u2009% estatal.<\/p>\n<p class=\"p1\">S\u2019observa una baixada generalitzada i significativa en la majoria d\u2019indicadors TIC de les empreses illenques de menys de deu treballadors. En canvi, la pres\u00e8ncia a internet d\u2019aquestes empreses, ja sigui amb web (35,1\u2009%) i\/o xarxes socials (38,3\u2009%) es consolida i se situa per sobre de la mitjana estatal.<\/p>\n<p class=\"p1\">La totalitat de llars de les Illes Balears disposen de tel\u00e8fon m\u00f2bil, el 97,3\u2009% tenen connexi\u00f3 a internet i el 97,2\u2009% de la poblaci\u00f3 ha utilitzat alguna vegada internet, principalment emprant la missatgeria instant\u00e0nia com el WhatsApp, (97\u2009%), el correu electr\u00f2nic (86,9\u2009%) o per telefonar o fer videotrucades (82,8\u2009%).<\/p>\n<p class=\"p1\">El comer\u00e7 electr\u00f2nic continua augmentant, un 77,9\u2009% de les persones de 16 a 74 anys han comprat en l\u00ednia durant el 2023, sobretot roba, cal\u00e7at i accessoris (61,8\u2009%) i menjar a domicili (43,9\u2009%).<\/p>\n<p class=\"p1\">El teletreball de les persones ocupades a les Balears passa d\u2019un 6,7\u2009% a un 13\u2009% el 2023.<\/p>\t\t\t\t\t\t\t\t<\/div>\n\t\t\t\t<\/div>\n\t\t\t\t\t<\/div>\n\t\t<\/div>\n\t\t\t\t\t<\/div>\n\t\t<\/section>\n\t\t\t\t<section class=\"elementor-section elementor-top-section elementor-element elementor-element-2b00a930 elementor-section-boxed elementor-section-height-default elementor-section-height-default\" data-id=\"2b00a930\" data-element_type=\"section\" data-e-type=\"section\">\n\t\t\t\t\t\t<div class=\"elementor-container elementor-column-gap-default\">\n\t\t\t\t\t<div class=\"elementor-column elementor-col-100 elementor-top-column elementor-element elementor-element-5ddee474\" data-id=\"5ddee474\" data-element_type=\"column\" data-e-type=\"column\">\n\t\t\t<div class=\"elementor-widget-wrap elementor-element-populated\">\n\t\t\t\t\t\t<div class=\"elementor-element elementor-element-4db6b509 elementor-widget-divider--view-line elementor-widget elementor-widget-divider\" data-id=\"4db6b509\" data-element_type=\"widget\" data-e-type=\"widget\" data-widget_type=\"divider.default\">\n\t\t\t\t<div class=\"elementor-widget-container\">\n\t\t\t\t\t\t\t<div class=\"elementor-divider\">\n\t\t\t<span class=\"elementor-divider-separator\">\n\t\t\t\t\t\t<\/span>\n\t\t<\/div>\n\t\t\t\t\t\t<\/div>\n\t\t\t\t<\/div>\n\t\t\t\t\t<\/div>\n\t\t<\/div>\n\t\t\t\t\t<\/div>\n\t\t<\/section>\n\t\t\t\t<\/div>\n\t\t","protected":false},"excerpt":{"rendered":"<p>9. Societat del coneixement i de la informaci\u00f3 Mar\u00eda Diaz Codina Bel Llodr\u00e0 Riera Francesca Morey Fern\u00e1ndez Llucia Asensio Torres Descarregar CAP I. 9. Societat del coneixement i de l a informaci\u00f3 Les Illes Balears s\u00f3n una de les poques comunitats aut\u00f2nomes que han tingut una tend\u00e8ncia continuada en el creixement de la despesa en [&hellip;]<\/p>\n","protected":false},"author":1,"featured_media":1723,"comment_status":"open","ping_status":"open","sticky":false,"template":"","format":"standard","meta":{"footnotes":""},"categories":[3,2],"tags":[],"class_list":["post-1724","post","type-post","status-publish","format-standard","has-post-thumbnail","hentry","category-panoramaeconomicdelesillesbalears","category-capitoli"],"yoast_head":"<!-- This site is optimized with the Yoast SEO plugin v27.3 - https:\/\/yoast.com\/product\/yoast-seo-wordpress\/ -->\n<title>9. Societat del coneixement i de la informaci\u00f3 - Memoria CES 2023<\/title>\n<meta name=\"robots\" content=\"index, follow, max-snippet:-1, max-image-preview:large, max-video-preview:-1\" \/>\n<link rel=\"canonical\" href=\"https:\/\/memoriacesib.es\/2023\/9-societat-del-coneixement-i-de-l-a-informacio\/\" \/>\n<meta property=\"og:locale\" content=\"es_ES\" \/>\n<meta property=\"og:type\" content=\"article\" \/>\n<meta property=\"og:title\" content=\"9. Societat del coneixement i de la informaci\u00f3 - Memoria CES 2023\" \/>\n<meta property=\"og:description\" content=\"9. Societat del coneixement i de la informaci\u00f3 Mar\u00eda Diaz Codina Bel Llodr\u00e0 Riera Francesca Morey Fern\u00e1ndez Llucia Asensio Torres Descarregar CAP I. 9. Societat del coneixement i de l a informaci\u00f3 Les Illes Balears s\u00f3n una de les poques comunitats aut\u00f2nomes que han tingut una tend\u00e8ncia continuada en el creixement de la despesa en [&hellip;]\" \/>\n<meta property=\"og:url\" content=\"https:\/\/memoriacesib.es\/2023\/9-societat-del-coneixement-i-de-l-a-informacio\/\" \/>\n<meta property=\"og:site_name\" content=\"Memoria CES 2023\" \/>\n<meta property=\"article:publisher\" content=\"https:\/\/www.facebook.com\/cesillesbalears\" \/>\n<meta property=\"article:published_time\" content=\"2023-08-11T15:41:23+00:00\" \/>\n<meta property=\"article:modified_time\" content=\"2024-08-28T08:22:32+00:00\" \/>\n<meta property=\"og:image\" content=\"https:\/\/memoriacesib.es\/2023\/wp-content\/uploads\/2023\/08\/Societat-del-coneixement.jpg\" \/>\n\t<meta property=\"og:image:width\" content=\"768\" \/>\n\t<meta property=\"og:image:height\" content=\"768\" \/>\n\t<meta property=\"og:image:type\" content=\"image\/jpeg\" \/>\n<meta name=\"author\" content=\"admin\" \/>\n<meta name=\"twitter:card\" content=\"summary_large_image\" \/>\n<meta name=\"twitter:creator\" content=\"@ces_ib\" \/>\n<meta name=\"twitter:site\" content=\"@ces_ib\" \/>\n<meta name=\"twitter:label1\" content=\"Escrito por\" \/>\n\t<meta name=\"twitter:data1\" content=\"admin\" \/>\n\t<meta name=\"twitter:label2\" content=\"Tiempo de lectura\" \/>\n\t<meta name=\"twitter:data2\" content=\"3 minutos\" \/>\n<script type=\"application\/ld+json\" class=\"yoast-schema-graph\">{\"@context\":\"https:\\\/\\\/schema.org\",\"@graph\":[{\"@type\":\"Article\",\"@id\":\"https:\\\/\\\/memoriacesib.es\\\/2023\\\/9-societat-del-coneixement-i-de-l-a-informacio\\\/#article\",\"isPartOf\":{\"@id\":\"https:\\\/\\\/memoriacesib.es\\\/2023\\\/9-societat-del-coneixement-i-de-l-a-informacio\\\/\"},\"author\":{\"name\":\"admin\",\"@id\":\"https:\\\/\\\/memoriacesib.es\\\/2023\\\/#\\\/schema\\\/person\\\/2936f44710febf12ed5d851c6aa74117\"},\"headline\":\"9. Societat del coneixement i de la informaci\u00f3\",\"datePublished\":\"2023-08-11T15:41:23+00:00\",\"dateModified\":\"2024-08-28T08:22:32+00:00\",\"mainEntityOfPage\":{\"@id\":\"https:\\\/\\\/memoriacesib.es\\\/2023\\\/9-societat-del-coneixement-i-de-l-a-informacio\\\/\"},\"wordCount\":565,\"commentCount\":0,\"publisher\":{\"@id\":\"https:\\\/\\\/memoriacesib.es\\\/2023\\\/#organization\"},\"image\":{\"@id\":\"https:\\\/\\\/memoriacesib.es\\\/2023\\\/9-societat-del-coneixement-i-de-l-a-informacio\\\/#primaryimage\"},\"thumbnailUrl\":\"https:\\\/\\\/memoriacesib.es\\\/2023\\\/wp-content\\\/uploads\\\/2023\\\/08\\\/Societat-del-coneixement.jpg\",\"articleSection\":[\"1. El panorama econ\u00f2mic de les Illes Balears\",\"Cap\u00edtol I\"],\"inLanguage\":\"es\",\"potentialAction\":[{\"@type\":\"CommentAction\",\"name\":\"Comment\",\"target\":[\"https:\\\/\\\/memoriacesib.es\\\/2023\\\/9-societat-del-coneixement-i-de-l-a-informacio\\\/#respond\"]}]},{\"@type\":\"WebPage\",\"@id\":\"https:\\\/\\\/memoriacesib.es\\\/2023\\\/9-societat-del-coneixement-i-de-l-a-informacio\\\/\",\"url\":\"https:\\\/\\\/memoriacesib.es\\\/2023\\\/9-societat-del-coneixement-i-de-l-a-informacio\\\/\",\"name\":\"9. Societat del coneixement i de la informaci\u00f3 - Memoria CES 2023\",\"isPartOf\":{\"@id\":\"https:\\\/\\\/memoriacesib.es\\\/2023\\\/#website\"},\"primaryImageOfPage\":{\"@id\":\"https:\\\/\\\/memoriacesib.es\\\/2023\\\/9-societat-del-coneixement-i-de-l-a-informacio\\\/#primaryimage\"},\"image\":{\"@id\":\"https:\\\/\\\/memoriacesib.es\\\/2023\\\/9-societat-del-coneixement-i-de-l-a-informacio\\\/#primaryimage\"},\"thumbnailUrl\":\"https:\\\/\\\/memoriacesib.es\\\/2023\\\/wp-content\\\/uploads\\\/2023\\\/08\\\/Societat-del-coneixement.jpg\",\"datePublished\":\"2023-08-11T15:41:23+00:00\",\"dateModified\":\"2024-08-28T08:22:32+00:00\",\"breadcrumb\":{\"@id\":\"https:\\\/\\\/memoriacesib.es\\\/2023\\\/9-societat-del-coneixement-i-de-l-a-informacio\\\/#breadcrumb\"},\"inLanguage\":\"es\",\"potentialAction\":[{\"@type\":\"ReadAction\",\"target\":[\"https:\\\/\\\/memoriacesib.es\\\/2023\\\/9-societat-del-coneixement-i-de-l-a-informacio\\\/\"]}]},{\"@type\":\"ImageObject\",\"inLanguage\":\"es\",\"@id\":\"https:\\\/\\\/memoriacesib.es\\\/2023\\\/9-societat-del-coneixement-i-de-l-a-informacio\\\/#primaryimage\",\"url\":\"https:\\\/\\\/memoriacesib.es\\\/2023\\\/wp-content\\\/uploads\\\/2023\\\/08\\\/Societat-del-coneixement.jpg\",\"contentUrl\":\"https:\\\/\\\/memoriacesib.es\\\/2023\\\/wp-content\\\/uploads\\\/2023\\\/08\\\/Societat-del-coneixement.jpg\",\"width\":768,\"height\":768},{\"@type\":\"BreadcrumbList\",\"@id\":\"https:\\\/\\\/memoriacesib.es\\\/2023\\\/9-societat-del-coneixement-i-de-l-a-informacio\\\/#breadcrumb\",\"itemListElement\":[{\"@type\":\"ListItem\",\"position\":1,\"name\":\"Portada\",\"item\":\"https:\\\/\\\/memoriacesib.es\\\/2023\\\/\"},{\"@type\":\"ListItem\",\"position\":2,\"name\":\"9. Societat del coneixement i de la informaci\u00f3\"}]},{\"@type\":\"WebSite\",\"@id\":\"https:\\\/\\\/memoriacesib.es\\\/2023\\\/#website\",\"url\":\"https:\\\/\\\/memoriacesib.es\\\/2023\\\/\",\"name\":\"Memoria CES 2023\",\"description\":\"Memoria CES 2023\",\"publisher\":{\"@id\":\"https:\\\/\\\/memoriacesib.es\\\/2023\\\/#organization\"},\"potentialAction\":[{\"@type\":\"SearchAction\",\"target\":{\"@type\":\"EntryPoint\",\"urlTemplate\":\"https:\\\/\\\/memoriacesib.es\\\/2023\\\/?s={search_term_string}\"},\"query-input\":{\"@type\":\"PropertyValueSpecification\",\"valueRequired\":true,\"valueName\":\"search_term_string\"}}],\"inLanguage\":\"es\"},{\"@type\":\"Organization\",\"@id\":\"https:\\\/\\\/memoriacesib.es\\\/2023\\\/#organization\",\"name\":\"Consell Economic i Social de les Illes Balears (CES)\",\"url\":\"https:\\\/\\\/memoriacesib.es\\\/2023\\\/\",\"logo\":{\"@type\":\"ImageObject\",\"inLanguage\":\"es\",\"@id\":\"https:\\\/\\\/memoriacesib.es\\\/2023\\\/#\\\/schema\\\/logo\\\/image\\\/\",\"url\":\"https:\\\/\\\/memoriacesib.es\\\/2023\\\/wp-content\\\/uploads\\\/2023\\\/06\\\/Logo-Memoria-Ces-2023.png\",\"contentUrl\":\"https:\\\/\\\/memoriacesib.es\\\/2023\\\/wp-content\\\/uploads\\\/2023\\\/06\\\/Logo-Memoria-Ces-2023.png\",\"width\":800,\"height\":195,\"caption\":\"Consell Economic i Social de les Illes Balears (CES)\"},\"image\":{\"@id\":\"https:\\\/\\\/memoriacesib.es\\\/2023\\\/#\\\/schema\\\/logo\\\/image\\\/\"},\"sameAs\":[\"https:\\\/\\\/www.facebook.com\\\/cesillesbalears\",\"https:\\\/\\\/x.com\\\/ces_ib\",\"https:\\\/\\\/www.youtube.com\\\/channel\\\/UCrEmO9wh7KlUaQ9dWzvYrVg\"]},{\"@type\":\"Person\",\"@id\":\"https:\\\/\\\/memoriacesib.es\\\/2023\\\/#\\\/schema\\\/person\\\/2936f44710febf12ed5d851c6aa74117\",\"name\":\"admin\",\"image\":{\"@type\":\"ImageObject\",\"inLanguage\":\"es\",\"@id\":\"https:\\\/\\\/secure.gravatar.com\\\/avatar\\\/42a3717e1ac37e7f2d90262c48d11756024e6ed18ebaae3567f6c00866abe5f2?s=96&d=mm&r=g\",\"url\":\"https:\\\/\\\/secure.gravatar.com\\\/avatar\\\/42a3717e1ac37e7f2d90262c48d11756024e6ed18ebaae3567f6c00866abe5f2?s=96&d=mm&r=g\",\"contentUrl\":\"https:\\\/\\\/secure.gravatar.com\\\/avatar\\\/42a3717e1ac37e7f2d90262c48d11756024e6ed18ebaae3567f6c00866abe5f2?s=96&d=mm&r=g\",\"caption\":\"admin\"},\"sameAs\":[\"http:\\\/\\\/memoriacesib.es\\\/2023\"],\"url\":\"https:\\\/\\\/memoriacesib.es\\\/2023\\\/author\\\/admin\\\/\"}]}<\/script>\n<!-- \/ Yoast SEO plugin. -->","yoast_head_json":{"title":"9. Societat del coneixement i de la informaci\u00f3 - Memoria CES 2023","robots":{"index":"index","follow":"follow","max-snippet":"max-snippet:-1","max-image-preview":"max-image-preview:large","max-video-preview":"max-video-preview:-1"},"canonical":"https:\/\/memoriacesib.es\/2023\/9-societat-del-coneixement-i-de-l-a-informacio\/","og_locale":"es_ES","og_type":"article","og_title":"9. Societat del coneixement i de la informaci\u00f3 - Memoria CES 2023","og_description":"9. Societat del coneixement i de la informaci\u00f3 Mar\u00eda Diaz Codina Bel Llodr\u00e0 Riera Francesca Morey Fern\u00e1ndez Llucia Asensio Torres Descarregar CAP I. 9. Societat del coneixement i de l a informaci\u00f3 Les Illes Balears s\u00f3n una de les poques comunitats aut\u00f2nomes que han tingut una tend\u00e8ncia continuada en el creixement de la despesa en [&hellip;]","og_url":"https:\/\/memoriacesib.es\/2023\/9-societat-del-coneixement-i-de-l-a-informacio\/","og_site_name":"Memoria CES 2023","article_publisher":"https:\/\/www.facebook.com\/cesillesbalears","article_published_time":"2023-08-11T15:41:23+00:00","article_modified_time":"2024-08-28T08:22:32+00:00","og_image":[{"width":768,"height":768,"url":"https:\/\/memoriacesib.es\/2023\/wp-content\/uploads\/2023\/08\/Societat-del-coneixement.jpg","type":"image\/jpeg"}],"author":"admin","twitter_card":"summary_large_image","twitter_creator":"@ces_ib","twitter_site":"@ces_ib","twitter_misc":{"Escrito por":"admin","Tiempo de lectura":"3 minutos"},"schema":{"@context":"https:\/\/schema.org","@graph":[{"@type":"Article","@id":"https:\/\/memoriacesib.es\/2023\/9-societat-del-coneixement-i-de-l-a-informacio\/#article","isPartOf":{"@id":"https:\/\/memoriacesib.es\/2023\/9-societat-del-coneixement-i-de-l-a-informacio\/"},"author":{"name":"admin","@id":"https:\/\/memoriacesib.es\/2023\/#\/schema\/person\/2936f44710febf12ed5d851c6aa74117"},"headline":"9. Societat del coneixement i de la informaci\u00f3","datePublished":"2023-08-11T15:41:23+00:00","dateModified":"2024-08-28T08:22:32+00:00","mainEntityOfPage":{"@id":"https:\/\/memoriacesib.es\/2023\/9-societat-del-coneixement-i-de-l-a-informacio\/"},"wordCount":565,"commentCount":0,"publisher":{"@id":"https:\/\/memoriacesib.es\/2023\/#organization"},"image":{"@id":"https:\/\/memoriacesib.es\/2023\/9-societat-del-coneixement-i-de-l-a-informacio\/#primaryimage"},"thumbnailUrl":"https:\/\/memoriacesib.es\/2023\/wp-content\/uploads\/2023\/08\/Societat-del-coneixement.jpg","articleSection":["1. El panorama econ\u00f2mic de les Illes Balears","Cap\u00edtol I"],"inLanguage":"es","potentialAction":[{"@type":"CommentAction","name":"Comment","target":["https:\/\/memoriacesib.es\/2023\/9-societat-del-coneixement-i-de-l-a-informacio\/#respond"]}]},{"@type":"WebPage","@id":"https:\/\/memoriacesib.es\/2023\/9-societat-del-coneixement-i-de-l-a-informacio\/","url":"https:\/\/memoriacesib.es\/2023\/9-societat-del-coneixement-i-de-l-a-informacio\/","name":"9. Societat del coneixement i de la informaci\u00f3 - Memoria CES 2023","isPartOf":{"@id":"https:\/\/memoriacesib.es\/2023\/#website"},"primaryImageOfPage":{"@id":"https:\/\/memoriacesib.es\/2023\/9-societat-del-coneixement-i-de-l-a-informacio\/#primaryimage"},"image":{"@id":"https:\/\/memoriacesib.es\/2023\/9-societat-del-coneixement-i-de-l-a-informacio\/#primaryimage"},"thumbnailUrl":"https:\/\/memoriacesib.es\/2023\/wp-content\/uploads\/2023\/08\/Societat-del-coneixement.jpg","datePublished":"2023-08-11T15:41:23+00:00","dateModified":"2024-08-28T08:22:32+00:00","breadcrumb":{"@id":"https:\/\/memoriacesib.es\/2023\/9-societat-del-coneixement-i-de-l-a-informacio\/#breadcrumb"},"inLanguage":"es","potentialAction":[{"@type":"ReadAction","target":["https:\/\/memoriacesib.es\/2023\/9-societat-del-coneixement-i-de-l-a-informacio\/"]}]},{"@type":"ImageObject","inLanguage":"es","@id":"https:\/\/memoriacesib.es\/2023\/9-societat-del-coneixement-i-de-l-a-informacio\/#primaryimage","url":"https:\/\/memoriacesib.es\/2023\/wp-content\/uploads\/2023\/08\/Societat-del-coneixement.jpg","contentUrl":"https:\/\/memoriacesib.es\/2023\/wp-content\/uploads\/2023\/08\/Societat-del-coneixement.jpg","width":768,"height":768},{"@type":"BreadcrumbList","@id":"https:\/\/memoriacesib.es\/2023\/9-societat-del-coneixement-i-de-l-a-informacio\/#breadcrumb","itemListElement":[{"@type":"ListItem","position":1,"name":"Portada","item":"https:\/\/memoriacesib.es\/2023\/"},{"@type":"ListItem","position":2,"name":"9. Societat del coneixement i de la informaci\u00f3"}]},{"@type":"WebSite","@id":"https:\/\/memoriacesib.es\/2023\/#website","url":"https:\/\/memoriacesib.es\/2023\/","name":"Memoria CES 2023","description":"Memoria CES 2023","publisher":{"@id":"https:\/\/memoriacesib.es\/2023\/#organization"},"potentialAction":[{"@type":"SearchAction","target":{"@type":"EntryPoint","urlTemplate":"https:\/\/memoriacesib.es\/2023\/?s={search_term_string}"},"query-input":{"@type":"PropertyValueSpecification","valueRequired":true,"valueName":"search_term_string"}}],"inLanguage":"es"},{"@type":"Organization","@id":"https:\/\/memoriacesib.es\/2023\/#organization","name":"Consell Economic i Social de les Illes Balears (CES)","url":"https:\/\/memoriacesib.es\/2023\/","logo":{"@type":"ImageObject","inLanguage":"es","@id":"https:\/\/memoriacesib.es\/2023\/#\/schema\/logo\/image\/","url":"https:\/\/memoriacesib.es\/2023\/wp-content\/uploads\/2023\/06\/Logo-Memoria-Ces-2023.png","contentUrl":"https:\/\/memoriacesib.es\/2023\/wp-content\/uploads\/2023\/06\/Logo-Memoria-Ces-2023.png","width":800,"height":195,"caption":"Consell Economic i Social de les Illes Balears (CES)"},"image":{"@id":"https:\/\/memoriacesib.es\/2023\/#\/schema\/logo\/image\/"},"sameAs":["https:\/\/www.facebook.com\/cesillesbalears","https:\/\/x.com\/ces_ib","https:\/\/www.youtube.com\/channel\/UCrEmO9wh7KlUaQ9dWzvYrVg"]},{"@type":"Person","@id":"https:\/\/memoriacesib.es\/2023\/#\/schema\/person\/2936f44710febf12ed5d851c6aa74117","name":"admin","image":{"@type":"ImageObject","inLanguage":"es","@id":"https:\/\/secure.gravatar.com\/avatar\/42a3717e1ac37e7f2d90262c48d11756024e6ed18ebaae3567f6c00866abe5f2?s=96&d=mm&r=g","url":"https:\/\/secure.gravatar.com\/avatar\/42a3717e1ac37e7f2d90262c48d11756024e6ed18ebaae3567f6c00866abe5f2?s=96&d=mm&r=g","contentUrl":"https:\/\/secure.gravatar.com\/avatar\/42a3717e1ac37e7f2d90262c48d11756024e6ed18ebaae3567f6c00866abe5f2?s=96&d=mm&r=g","caption":"admin"},"sameAs":["http:\/\/memoriacesib.es\/2023"],"url":"https:\/\/memoriacesib.es\/2023\/author\/admin\/"}]}},"_links":{"self":[{"href":"https:\/\/memoriacesib.es\/2023\/wp-json\/wp\/v2\/posts\/1724","targetHints":{"allow":["GET"]}}],"collection":[{"href":"https:\/\/memoriacesib.es\/2023\/wp-json\/wp\/v2\/posts"}],"about":[{"href":"https:\/\/memoriacesib.es\/2023\/wp-json\/wp\/v2\/types\/post"}],"author":[{"embeddable":true,"href":"https:\/\/memoriacesib.es\/2023\/wp-json\/wp\/v2\/users\/1"}],"replies":[{"embeddable":true,"href":"https:\/\/memoriacesib.es\/2023\/wp-json\/wp\/v2\/comments?post=1724"}],"version-history":[{"count":58,"href":"https:\/\/memoriacesib.es\/2023\/wp-json\/wp\/v2\/posts\/1724\/revisions"}],"predecessor-version":[{"id":3560,"href":"https:\/\/memoriacesib.es\/2023\/wp-json\/wp\/v2\/posts\/1724\/revisions\/3560"}],"wp:featuredmedia":[{"embeddable":true,"href":"https:\/\/memoriacesib.es\/2023\/wp-json\/wp\/v2\/media\/1723"}],"wp:attachment":[{"href":"https:\/\/memoriacesib.es\/2023\/wp-json\/wp\/v2\/media?parent=1724"}],"wp:term":[{"taxonomy":"category","embeddable":true,"href":"https:\/\/memoriacesib.es\/2023\/wp-json\/wp\/v2\/categories?post=1724"},{"taxonomy":"post_tag","embeddable":true,"href":"https:\/\/memoriacesib.es\/2023\/wp-json\/wp\/v2\/tags?post=1724"}],"curies":[{"name":"wp","href":"https:\/\/api.w.org\/{rel}","templated":true}]}}