{"id":1796,"date":"2023-08-12T10:02:45","date_gmt":"2023-08-12T10:02:45","guid":{"rendered":"http:\/\/memoriacesib.es\/2023\/?p=1796"},"modified":"2024-08-28T08:22:52","modified_gmt":"2024-08-28T08:22:52","slug":"10-economia-social-i-solidaria-i-finances-etiques","status":"publish","type":"post","link":"https:\/\/memoriacesib.es\/2023\/10-economia-social-i-solidaria-i-finances-etiques\/","title":{"rendered":"10. Economia social i solid\u00e0ria i finances \u00e8tiques"},"content":{"rendered":"\t\t<div data-elementor-type=\"wp-post\" data-elementor-id=\"1796\" class=\"elementor elementor-1796\" data-elementor-post-type=\"post\">\n\t\t\t\t\t\t<section class=\"elementor-section elementor-top-section elementor-element elementor-element-5c1b9621 elementor-section-boxed elementor-section-height-default elementor-section-height-default\" data-id=\"5c1b9621\" data-element_type=\"section\" data-e-type=\"section\">\n\t\t\t\t\t\t<div class=\"elementor-container elementor-column-gap-default\">\n\t\t\t\t\t<div class=\"elementor-column elementor-col-100 elementor-top-column elementor-element elementor-element-45a5289d\" data-id=\"45a5289d\" data-element_type=\"column\" data-e-type=\"column\">\n\t\t\t<div class=\"elementor-widget-wrap elementor-element-populated\">\n\t\t\t\t\t\t<div class=\"elementor-element elementor-element-35e4affe elementor-widget elementor-widget-heading\" data-id=\"35e4affe\" data-element_type=\"widget\" data-e-type=\"widget\" data-widget_type=\"heading.default\">\n\t\t\t\t<div class=\"elementor-widget-container\">\n\t\t\t\t\t<h1 class=\"elementor-heading-title elementor-size-default\">10. Economia social i solid\u00e0ria i finances \u00e8tiques<\/h1>\t\t\t\t<\/div>\n\t\t\t\t<\/div>\n\t\t\t\t<div class=\"elementor-element elementor-element-6caee70f elementor-icon-list--layout-inline elementor-align-end elementor-list-item-link-full_width elementor-widget elementor-widget-icon-list\" data-id=\"6caee70f\" data-element_type=\"widget\" data-e-type=\"widget\" data-widget_type=\"icon-list.default\">\n\t\t\t\t<div class=\"elementor-widget-container\">\n\t\t\t\t\t\t\t<ul class=\"elementor-icon-list-items elementor-inline-items\">\n\t\t\t\t\t\t\t<li class=\"elementor-icon-list-item elementor-inline-item\">\n\t\t\t\t\t\t\t\t\t\t<span class=\"elementor-icon-list-text\">David Abril Herv\u00e0s<\/span>\n\t\t\t\t\t\t\t\t\t<\/li>\n\t\t\t\t\t\t<\/ul>\n\t\t\t\t\t\t<\/div>\n\t\t\t\t<\/div>\n\t\t\t\t<div class=\"elementor-element elementor-element-42b66cf6 elementor-align-right elementor-widget elementor-widget-button\" data-id=\"42b66cf6\" data-element_type=\"widget\" data-e-type=\"widget\" data-widget_type=\"button.default\">\n\t\t\t\t<div class=\"elementor-widget-container\">\n\t\t\t\t\t\t\t\t\t<div class=\"elementor-button-wrapper\">\n\t\t\t\t\t<a class=\"elementor-button elementor-button-link elementor-size-xs\" href=\"https:\/\/memoriacesib.es\/2023\/wp-content\/uploads\/2024\/08\/CAP-I_10.pdf\" target=\"_blank\">\n\t\t\t\t\t\t<span class=\"elementor-button-content-wrapper\">\n\t\t\t\t\t\t<span class=\"elementor-button-icon\">\n\t\t\t\t<i aria-hidden=\"true\" class=\"fas fa-file-pdf\"><\/i>\t\t\t<\/span>\n\t\t\t\t\t\t\t\t\t<span class=\"elementor-button-text\">Descarregar CAP I. 10. Economia social i solid\u00e0ria i finances \u00e8tiques<\/span>\n\t\t\t\t\t<\/span>\n\t\t\t\t\t<\/a>\n\t\t\t\t<\/div>\n\t\t\t\t\t\t\t\t<\/div>\n\t\t\t\t<\/div>\n\t\t\t\t<div class=\"elementor-element elementor-element-52c8c4cb elementor-widget-divider--view-line elementor-widget elementor-widget-divider\" data-id=\"52c8c4cb\" data-element_type=\"widget\" data-e-type=\"widget\" data-widget_type=\"divider.default\">\n\t\t\t\t<div class=\"elementor-widget-container\">\n\t\t\t\t\t\t\t<div class=\"elementor-divider\">\n\t\t\t<span class=\"elementor-divider-separator\">\n\t\t\t\t\t\t<\/span>\n\t\t<\/div>\n\t\t\t\t\t\t<\/div>\n\t\t\t\t<\/div>\n\t\t\t\t\t<\/div>\n\t\t<\/div>\n\t\t\t\t\t<\/div>\n\t\t<\/section>\n\t\t\t\t<section class=\"elementor-section elementor-top-section elementor-element elementor-element-64c50a80 elementor-section-boxed elementor-section-height-default elementor-section-height-default\" data-id=\"64c50a80\" data-element_type=\"section\" data-e-type=\"section\">\n\t\t\t\t\t\t<div class=\"elementor-container elementor-column-gap-default\">\n\t\t\t\t\t<div class=\"elementor-column elementor-col-100 elementor-top-column elementor-element elementor-element-f875714\" data-id=\"f875714\" data-element_type=\"column\" data-e-type=\"column\">\n\t\t\t<div class=\"elementor-widget-wrap elementor-element-populated\">\n\t\t\t\t\t\t<div class=\"elementor-element elementor-element-628957c5 elementor-widget elementor-widget-text-editor\" data-id=\"628957c5\" data-element_type=\"widget\" data-e-type=\"widget\" data-widget_type=\"text-editor.default\">\n\t\t\t\t<div class=\"elementor-widget-container\">\n\t\t\t\t\t\t\t\t\t<p class=\"p1\">L\u2019economia social \u00e9s un conjunt de pr\u00e0ctiques econ\u00f2miques que, a difer\u00e8ncia de l\u2019economia convencional, no cerquen el lucre, sin\u00f3 generar activitat econ\u00f2mica al servei de les persones, les comunitats i la sostenibilitat, basades en un funcionament democr\u00e0tic i igualitari. Es tracta de pr\u00e0ctiques molt diverses, que abasten el conjunt dels sectors d\u2019activitat de la nostra comunitat, i sota formes jur\u00eddiques tamb\u00e9 molt plurals, que inclouen operadors de mercat i de no mercat. El 2023 les Nacions Unides varen adoptar la primera resoluci\u00f3 en la seva hist\u00f2ria sobre economia social, a inst\u00e0ncies del Govern d\u2019Espanya, que ha impulsat el sector des de la presid\u00e8ncia espanyola de la UE ocupada el 2023.<\/p>\n<p style=\"font-weight: 400;\"><span style=\"color: #01a1df; font-size: 25px;\"><b><i>  El 2,3\u2009% de les empreses s\u00f3n d\u2019economia social<\/i><\/b><\/span><\/p>\n<p class=\"p1\">Les empreses d\u2019economia social suposen un 2,3\u2009% del conjunt de les empreses de les Illes Balears, una xifra que seria molt m\u00e9s elevada si es comptassin tamb\u00e9 els productors de no mercat, com ara les entitats del tercer sector d\u2019acci\u00f3 social que no sols gestionen serveis socials i de cures, sin\u00f3 tamb\u00e9 serveis p\u00fablics a diferents \u00e0mbits, sota la f\u00f3rmula de la concertaci\u00f3 o la contractaci\u00f3 p\u00fablica, amb un volum de gesti\u00f3 econ\u00f2mica no agregable amb les eines estad\u00edstiques a l\u2019abast, per\u00f2 molt considerable o en creixement. Les cooperatives representen la modalitat amb m\u00e9s recorregut i implantaci\u00f3 hist\u00f2rica i territorial. Destaquen les cooperatives de treball associat, amb un important creixement en els darrers anys de les microcooperatives, aix\u00ed com de les cooperatives agroaliment\u00e0ries.<\/p>\n<p class=\"p1\">Tot i el context politiconormatiu favorable a escala estatal i europea, el suport p\u00fablic de les administracions auton\u00f2miques, insulars i locals a l\u2019economia social ha estat limitat, com es descriu al final de cap\u00edtol. No obstant aix\u00f2, les iniciatives d\u2019economia social i solid\u00e0ria continuen sent un instrument \u00f2ptim per transitar cap a un model econ\u00f2mic m\u00e9s just, sostenible i resilient.<\/p>\t\t\t\t\t\t\t\t<\/div>\n\t\t\t\t<\/div>\n\t\t\t\t\t<\/div>\n\t\t<\/div>\n\t\t\t\t\t<\/div>\n\t\t<\/section>\n\t\t\t\t<section class=\"elementor-section elementor-top-section elementor-element elementor-element-7728fb66 elementor-section-boxed elementor-section-height-default elementor-section-height-default\" data-id=\"7728fb66\" data-element_type=\"section\" data-e-type=\"section\">\n\t\t\t\t\t\t<div class=\"elementor-container elementor-column-gap-default\">\n\t\t\t\t\t<div class=\"elementor-column elementor-col-100 elementor-top-column elementor-element elementor-element-5b3dbd46\" data-id=\"5b3dbd46\" data-element_type=\"column\" data-e-type=\"column\">\n\t\t\t<div class=\"elementor-widget-wrap elementor-element-populated\">\n\t\t\t\t\t\t<div class=\"elementor-element elementor-element-6a4a4581 elementor-widget-divider--view-line elementor-widget elementor-widget-divider\" data-id=\"6a4a4581\" data-element_type=\"widget\" data-e-type=\"widget\" data-widget_type=\"divider.default\">\n\t\t\t\t<div class=\"elementor-widget-container\">\n\t\t\t\t\t\t\t<div class=\"elementor-divider\">\n\t\t\t<span class=\"elementor-divider-separator\">\n\t\t\t\t\t\t<\/span>\n\t\t<\/div>\n\t\t\t\t\t\t<\/div>\n\t\t\t\t<\/div>\n\t\t\t\t\t<\/div>\n\t\t<\/div>\n\t\t\t\t\t<\/div>\n\t\t<\/section>\n\t\t\t\t<\/div>\n\t\t","protected":false},"excerpt":{"rendered":"<p>10. Economia social i solid\u00e0ria i finances \u00e8tiques David Abril Herv\u00e0s Descarregar CAP I. 10. Economia social i solid\u00e0ria i finances \u00e8tiques L\u2019economia social \u00e9s un conjunt de pr\u00e0ctiques econ\u00f2miques que, a difer\u00e8ncia de l\u2019economia convencional, no cerquen el lucre, sin\u00f3 generar activitat econ\u00f2mica al servei de les persones, les comunitats i la sostenibilitat, basades [&hellip;]<\/p>\n","protected":false},"author":1,"featured_media":1797,"comment_status":"open","ping_status":"open","sticky":false,"template":"","format":"standard","meta":{"footnotes":""},"categories":[3,2],"tags":[],"class_list":["post-1796","post","type-post","status-publish","format-standard","has-post-thumbnail","hentry","category-panoramaeconomicdelesillesbalears","category-capitoli"],"yoast_head":"<!-- This site is optimized with the Yoast SEO plugin v27.3 - https:\/\/yoast.com\/product\/yoast-seo-wordpress\/ -->\n<title>10. Economia social i solid\u00e0ria i finances \u00e8tiques - Memoria CES 2023<\/title>\n<meta name=\"robots\" content=\"index, follow, max-snippet:-1, max-image-preview:large, max-video-preview:-1\" \/>\n<link rel=\"canonical\" href=\"https:\/\/memoriacesib.es\/2023\/10-economia-social-i-solidaria-i-finances-etiques\/\" \/>\n<meta property=\"og:locale\" content=\"es_ES\" \/>\n<meta property=\"og:type\" content=\"article\" \/>\n<meta property=\"og:title\" content=\"10. Economia social i solid\u00e0ria i finances \u00e8tiques - Memoria CES 2023\" \/>\n<meta property=\"og:description\" content=\"10. Economia social i solid\u00e0ria i finances \u00e8tiques David Abril Herv\u00e0s Descarregar CAP I. 10. Economia social i solid\u00e0ria i finances \u00e8tiques L\u2019economia social \u00e9s un conjunt de pr\u00e0ctiques econ\u00f2miques que, a difer\u00e8ncia de l\u2019economia convencional, no cerquen el lucre, sin\u00f3 generar activitat econ\u00f2mica al servei de les persones, les comunitats i la sostenibilitat, basades [&hellip;]\" \/>\n<meta property=\"og:url\" content=\"https:\/\/memoriacesib.es\/2023\/10-economia-social-i-solidaria-i-finances-etiques\/\" \/>\n<meta property=\"og:site_name\" content=\"Memoria CES 2023\" \/>\n<meta property=\"article:publisher\" content=\"https:\/\/www.facebook.com\/cesillesbalears\" \/>\n<meta property=\"article:published_time\" content=\"2023-08-12T10:02:45+00:00\" \/>\n<meta property=\"article:modified_time\" content=\"2024-08-28T08:22:52+00:00\" \/>\n<meta property=\"og:image\" content=\"https:\/\/memoriacesib.es\/2023\/wp-content\/uploads\/2023\/08\/Economia-Social.jpg\" \/>\n\t<meta property=\"og:image:width\" content=\"768\" \/>\n\t<meta property=\"og:image:height\" content=\"768\" \/>\n\t<meta property=\"og:image:type\" content=\"image\/jpeg\" \/>\n<meta name=\"author\" content=\"admin\" \/>\n<meta name=\"twitter:card\" content=\"summary_large_image\" \/>\n<meta name=\"twitter:creator\" content=\"@ces_ib\" \/>\n<meta name=\"twitter:site\" content=\"@ces_ib\" \/>\n<meta name=\"twitter:label1\" content=\"Escrito por\" \/>\n\t<meta name=\"twitter:data1\" content=\"admin\" \/>\n\t<meta name=\"twitter:label2\" content=\"Tiempo de lectura\" \/>\n\t<meta name=\"twitter:data2\" content=\"2 minutos\" \/>\n<script type=\"application\/ld+json\" class=\"yoast-schema-graph\">{\"@context\":\"https:\\\/\\\/schema.org\",\"@graph\":[{\"@type\":\"Article\",\"@id\":\"https:\\\/\\\/memoriacesib.es\\\/2023\\\/10-economia-social-i-solidaria-i-finances-etiques\\\/#article\",\"isPartOf\":{\"@id\":\"https:\\\/\\\/memoriacesib.es\\\/2023\\\/10-economia-social-i-solidaria-i-finances-etiques\\\/\"},\"author\":{\"name\":\"admin\",\"@id\":\"https:\\\/\\\/memoriacesib.es\\\/2023\\\/#\\\/schema\\\/person\\\/2936f44710febf12ed5d851c6aa74117\"},\"headline\":\"10. Economia social i solid\u00e0ria i finances \u00e8tiques\",\"datePublished\":\"2023-08-12T10:02:45+00:00\",\"dateModified\":\"2024-08-28T08:22:52+00:00\",\"mainEntityOfPage\":{\"@id\":\"https:\\\/\\\/memoriacesib.es\\\/2023\\\/10-economia-social-i-solidaria-i-finances-etiques\\\/\"},\"wordCount\":364,\"commentCount\":0,\"publisher\":{\"@id\":\"https:\\\/\\\/memoriacesib.es\\\/2023\\\/#organization\"},\"image\":{\"@id\":\"https:\\\/\\\/memoriacesib.es\\\/2023\\\/10-economia-social-i-solidaria-i-finances-etiques\\\/#primaryimage\"},\"thumbnailUrl\":\"https:\\\/\\\/memoriacesib.es\\\/2023\\\/wp-content\\\/uploads\\\/2023\\\/08\\\/Economia-Social.jpg\",\"articleSection\":[\"1. El panorama econ\u00f2mic de les Illes Balears\",\"Cap\u00edtol I\"],\"inLanguage\":\"es\",\"potentialAction\":[{\"@type\":\"CommentAction\",\"name\":\"Comment\",\"target\":[\"https:\\\/\\\/memoriacesib.es\\\/2023\\\/10-economia-social-i-solidaria-i-finances-etiques\\\/#respond\"]}]},{\"@type\":\"WebPage\",\"@id\":\"https:\\\/\\\/memoriacesib.es\\\/2023\\\/10-economia-social-i-solidaria-i-finances-etiques\\\/\",\"url\":\"https:\\\/\\\/memoriacesib.es\\\/2023\\\/10-economia-social-i-solidaria-i-finances-etiques\\\/\",\"name\":\"10. Economia social i solid\u00e0ria i finances \u00e8tiques - Memoria CES 2023\",\"isPartOf\":{\"@id\":\"https:\\\/\\\/memoriacesib.es\\\/2023\\\/#website\"},\"primaryImageOfPage\":{\"@id\":\"https:\\\/\\\/memoriacesib.es\\\/2023\\\/10-economia-social-i-solidaria-i-finances-etiques\\\/#primaryimage\"},\"image\":{\"@id\":\"https:\\\/\\\/memoriacesib.es\\\/2023\\\/10-economia-social-i-solidaria-i-finances-etiques\\\/#primaryimage\"},\"thumbnailUrl\":\"https:\\\/\\\/memoriacesib.es\\\/2023\\\/wp-content\\\/uploads\\\/2023\\\/08\\\/Economia-Social.jpg\",\"datePublished\":\"2023-08-12T10:02:45+00:00\",\"dateModified\":\"2024-08-28T08:22:52+00:00\",\"breadcrumb\":{\"@id\":\"https:\\\/\\\/memoriacesib.es\\\/2023\\\/10-economia-social-i-solidaria-i-finances-etiques\\\/#breadcrumb\"},\"inLanguage\":\"es\",\"potentialAction\":[{\"@type\":\"ReadAction\",\"target\":[\"https:\\\/\\\/memoriacesib.es\\\/2023\\\/10-economia-social-i-solidaria-i-finances-etiques\\\/\"]}]},{\"@type\":\"ImageObject\",\"inLanguage\":\"es\",\"@id\":\"https:\\\/\\\/memoriacesib.es\\\/2023\\\/10-economia-social-i-solidaria-i-finances-etiques\\\/#primaryimage\",\"url\":\"https:\\\/\\\/memoriacesib.es\\\/2023\\\/wp-content\\\/uploads\\\/2023\\\/08\\\/Economia-Social.jpg\",\"contentUrl\":\"https:\\\/\\\/memoriacesib.es\\\/2023\\\/wp-content\\\/uploads\\\/2023\\\/08\\\/Economia-Social.jpg\",\"width\":768,\"height\":768},{\"@type\":\"BreadcrumbList\",\"@id\":\"https:\\\/\\\/memoriacesib.es\\\/2023\\\/10-economia-social-i-solidaria-i-finances-etiques\\\/#breadcrumb\",\"itemListElement\":[{\"@type\":\"ListItem\",\"position\":1,\"name\":\"Portada\",\"item\":\"https:\\\/\\\/memoriacesib.es\\\/2023\\\/\"},{\"@type\":\"ListItem\",\"position\":2,\"name\":\"10. Economia social i solid\u00e0ria i finances \u00e8tiques\"}]},{\"@type\":\"WebSite\",\"@id\":\"https:\\\/\\\/memoriacesib.es\\\/2023\\\/#website\",\"url\":\"https:\\\/\\\/memoriacesib.es\\\/2023\\\/\",\"name\":\"Memoria CES 2023\",\"description\":\"Memoria CES 2023\",\"publisher\":{\"@id\":\"https:\\\/\\\/memoriacesib.es\\\/2023\\\/#organization\"},\"potentialAction\":[{\"@type\":\"SearchAction\",\"target\":{\"@type\":\"EntryPoint\",\"urlTemplate\":\"https:\\\/\\\/memoriacesib.es\\\/2023\\\/?s={search_term_string}\"},\"query-input\":{\"@type\":\"PropertyValueSpecification\",\"valueRequired\":true,\"valueName\":\"search_term_string\"}}],\"inLanguage\":\"es\"},{\"@type\":\"Organization\",\"@id\":\"https:\\\/\\\/memoriacesib.es\\\/2023\\\/#organization\",\"name\":\"Consell Economic i Social de les Illes Balears (CES)\",\"url\":\"https:\\\/\\\/memoriacesib.es\\\/2023\\\/\",\"logo\":{\"@type\":\"ImageObject\",\"inLanguage\":\"es\",\"@id\":\"https:\\\/\\\/memoriacesib.es\\\/2023\\\/#\\\/schema\\\/logo\\\/image\\\/\",\"url\":\"https:\\\/\\\/memoriacesib.es\\\/2023\\\/wp-content\\\/uploads\\\/2023\\\/06\\\/Logo-Memoria-Ces-2023.png\",\"contentUrl\":\"https:\\\/\\\/memoriacesib.es\\\/2023\\\/wp-content\\\/uploads\\\/2023\\\/06\\\/Logo-Memoria-Ces-2023.png\",\"width\":800,\"height\":195,\"caption\":\"Consell Economic i Social de les Illes Balears (CES)\"},\"image\":{\"@id\":\"https:\\\/\\\/memoriacesib.es\\\/2023\\\/#\\\/schema\\\/logo\\\/image\\\/\"},\"sameAs\":[\"https:\\\/\\\/www.facebook.com\\\/cesillesbalears\",\"https:\\\/\\\/x.com\\\/ces_ib\",\"https:\\\/\\\/www.youtube.com\\\/channel\\\/UCrEmO9wh7KlUaQ9dWzvYrVg\"]},{\"@type\":\"Person\",\"@id\":\"https:\\\/\\\/memoriacesib.es\\\/2023\\\/#\\\/schema\\\/person\\\/2936f44710febf12ed5d851c6aa74117\",\"name\":\"admin\",\"image\":{\"@type\":\"ImageObject\",\"inLanguage\":\"es\",\"@id\":\"https:\\\/\\\/secure.gravatar.com\\\/avatar\\\/42a3717e1ac37e7f2d90262c48d11756024e6ed18ebaae3567f6c00866abe5f2?s=96&d=mm&r=g\",\"url\":\"https:\\\/\\\/secure.gravatar.com\\\/avatar\\\/42a3717e1ac37e7f2d90262c48d11756024e6ed18ebaae3567f6c00866abe5f2?s=96&d=mm&r=g\",\"contentUrl\":\"https:\\\/\\\/secure.gravatar.com\\\/avatar\\\/42a3717e1ac37e7f2d90262c48d11756024e6ed18ebaae3567f6c00866abe5f2?s=96&d=mm&r=g\",\"caption\":\"admin\"},\"sameAs\":[\"http:\\\/\\\/memoriacesib.es\\\/2023\"],\"url\":\"https:\\\/\\\/memoriacesib.es\\\/2023\\\/author\\\/admin\\\/\"}]}<\/script>\n<!-- \/ Yoast SEO plugin. -->","yoast_head_json":{"title":"10. Economia social i solid\u00e0ria i finances \u00e8tiques - Memoria CES 2023","robots":{"index":"index","follow":"follow","max-snippet":"max-snippet:-1","max-image-preview":"max-image-preview:large","max-video-preview":"max-video-preview:-1"},"canonical":"https:\/\/memoriacesib.es\/2023\/10-economia-social-i-solidaria-i-finances-etiques\/","og_locale":"es_ES","og_type":"article","og_title":"10. Economia social i solid\u00e0ria i finances \u00e8tiques - Memoria CES 2023","og_description":"10. Economia social i solid\u00e0ria i finances \u00e8tiques David Abril Herv\u00e0s Descarregar CAP I. 10. Economia social i solid\u00e0ria i finances \u00e8tiques L\u2019economia social \u00e9s un conjunt de pr\u00e0ctiques econ\u00f2miques que, a difer\u00e8ncia de l\u2019economia convencional, no cerquen el lucre, sin\u00f3 generar activitat econ\u00f2mica al servei de les persones, les comunitats i la sostenibilitat, basades [&hellip;]","og_url":"https:\/\/memoriacesib.es\/2023\/10-economia-social-i-solidaria-i-finances-etiques\/","og_site_name":"Memoria CES 2023","article_publisher":"https:\/\/www.facebook.com\/cesillesbalears","article_published_time":"2023-08-12T10:02:45+00:00","article_modified_time":"2024-08-28T08:22:52+00:00","og_image":[{"width":768,"height":768,"url":"https:\/\/memoriacesib.es\/2023\/wp-content\/uploads\/2023\/08\/Economia-Social.jpg","type":"image\/jpeg"}],"author":"admin","twitter_card":"summary_large_image","twitter_creator":"@ces_ib","twitter_site":"@ces_ib","twitter_misc":{"Escrito por":"admin","Tiempo de lectura":"2 minutos"},"schema":{"@context":"https:\/\/schema.org","@graph":[{"@type":"Article","@id":"https:\/\/memoriacesib.es\/2023\/10-economia-social-i-solidaria-i-finances-etiques\/#article","isPartOf":{"@id":"https:\/\/memoriacesib.es\/2023\/10-economia-social-i-solidaria-i-finances-etiques\/"},"author":{"name":"admin","@id":"https:\/\/memoriacesib.es\/2023\/#\/schema\/person\/2936f44710febf12ed5d851c6aa74117"},"headline":"10. Economia social i solid\u00e0ria i finances \u00e8tiques","datePublished":"2023-08-12T10:02:45+00:00","dateModified":"2024-08-28T08:22:52+00:00","mainEntityOfPage":{"@id":"https:\/\/memoriacesib.es\/2023\/10-economia-social-i-solidaria-i-finances-etiques\/"},"wordCount":364,"commentCount":0,"publisher":{"@id":"https:\/\/memoriacesib.es\/2023\/#organization"},"image":{"@id":"https:\/\/memoriacesib.es\/2023\/10-economia-social-i-solidaria-i-finances-etiques\/#primaryimage"},"thumbnailUrl":"https:\/\/memoriacesib.es\/2023\/wp-content\/uploads\/2023\/08\/Economia-Social.jpg","articleSection":["1. El panorama econ\u00f2mic de les Illes Balears","Cap\u00edtol I"],"inLanguage":"es","potentialAction":[{"@type":"CommentAction","name":"Comment","target":["https:\/\/memoriacesib.es\/2023\/10-economia-social-i-solidaria-i-finances-etiques\/#respond"]}]},{"@type":"WebPage","@id":"https:\/\/memoriacesib.es\/2023\/10-economia-social-i-solidaria-i-finances-etiques\/","url":"https:\/\/memoriacesib.es\/2023\/10-economia-social-i-solidaria-i-finances-etiques\/","name":"10. Economia social i solid\u00e0ria i finances \u00e8tiques - Memoria CES 2023","isPartOf":{"@id":"https:\/\/memoriacesib.es\/2023\/#website"},"primaryImageOfPage":{"@id":"https:\/\/memoriacesib.es\/2023\/10-economia-social-i-solidaria-i-finances-etiques\/#primaryimage"},"image":{"@id":"https:\/\/memoriacesib.es\/2023\/10-economia-social-i-solidaria-i-finances-etiques\/#primaryimage"},"thumbnailUrl":"https:\/\/memoriacesib.es\/2023\/wp-content\/uploads\/2023\/08\/Economia-Social.jpg","datePublished":"2023-08-12T10:02:45+00:00","dateModified":"2024-08-28T08:22:52+00:00","breadcrumb":{"@id":"https:\/\/memoriacesib.es\/2023\/10-economia-social-i-solidaria-i-finances-etiques\/#breadcrumb"},"inLanguage":"es","potentialAction":[{"@type":"ReadAction","target":["https:\/\/memoriacesib.es\/2023\/10-economia-social-i-solidaria-i-finances-etiques\/"]}]},{"@type":"ImageObject","inLanguage":"es","@id":"https:\/\/memoriacesib.es\/2023\/10-economia-social-i-solidaria-i-finances-etiques\/#primaryimage","url":"https:\/\/memoriacesib.es\/2023\/wp-content\/uploads\/2023\/08\/Economia-Social.jpg","contentUrl":"https:\/\/memoriacesib.es\/2023\/wp-content\/uploads\/2023\/08\/Economia-Social.jpg","width":768,"height":768},{"@type":"BreadcrumbList","@id":"https:\/\/memoriacesib.es\/2023\/10-economia-social-i-solidaria-i-finances-etiques\/#breadcrumb","itemListElement":[{"@type":"ListItem","position":1,"name":"Portada","item":"https:\/\/memoriacesib.es\/2023\/"},{"@type":"ListItem","position":2,"name":"10. Economia social i solid\u00e0ria i finances \u00e8tiques"}]},{"@type":"WebSite","@id":"https:\/\/memoriacesib.es\/2023\/#website","url":"https:\/\/memoriacesib.es\/2023\/","name":"Memoria CES 2023","description":"Memoria CES 2023","publisher":{"@id":"https:\/\/memoriacesib.es\/2023\/#organization"},"potentialAction":[{"@type":"SearchAction","target":{"@type":"EntryPoint","urlTemplate":"https:\/\/memoriacesib.es\/2023\/?s={search_term_string}"},"query-input":{"@type":"PropertyValueSpecification","valueRequired":true,"valueName":"search_term_string"}}],"inLanguage":"es"},{"@type":"Organization","@id":"https:\/\/memoriacesib.es\/2023\/#organization","name":"Consell Economic i Social de les Illes Balears (CES)","url":"https:\/\/memoriacesib.es\/2023\/","logo":{"@type":"ImageObject","inLanguage":"es","@id":"https:\/\/memoriacesib.es\/2023\/#\/schema\/logo\/image\/","url":"https:\/\/memoriacesib.es\/2023\/wp-content\/uploads\/2023\/06\/Logo-Memoria-Ces-2023.png","contentUrl":"https:\/\/memoriacesib.es\/2023\/wp-content\/uploads\/2023\/06\/Logo-Memoria-Ces-2023.png","width":800,"height":195,"caption":"Consell Economic i Social de les Illes Balears (CES)"},"image":{"@id":"https:\/\/memoriacesib.es\/2023\/#\/schema\/logo\/image\/"},"sameAs":["https:\/\/www.facebook.com\/cesillesbalears","https:\/\/x.com\/ces_ib","https:\/\/www.youtube.com\/channel\/UCrEmO9wh7KlUaQ9dWzvYrVg"]},{"@type":"Person","@id":"https:\/\/memoriacesib.es\/2023\/#\/schema\/person\/2936f44710febf12ed5d851c6aa74117","name":"admin","image":{"@type":"ImageObject","inLanguage":"es","@id":"https:\/\/secure.gravatar.com\/avatar\/42a3717e1ac37e7f2d90262c48d11756024e6ed18ebaae3567f6c00866abe5f2?s=96&d=mm&r=g","url":"https:\/\/secure.gravatar.com\/avatar\/42a3717e1ac37e7f2d90262c48d11756024e6ed18ebaae3567f6c00866abe5f2?s=96&d=mm&r=g","contentUrl":"https:\/\/secure.gravatar.com\/avatar\/42a3717e1ac37e7f2d90262c48d11756024e6ed18ebaae3567f6c00866abe5f2?s=96&d=mm&r=g","caption":"admin"},"sameAs":["http:\/\/memoriacesib.es\/2023"],"url":"https:\/\/memoriacesib.es\/2023\/author\/admin\/"}]}},"_links":{"self":[{"href":"https:\/\/memoriacesib.es\/2023\/wp-json\/wp\/v2\/posts\/1796","targetHints":{"allow":["GET"]}}],"collection":[{"href":"https:\/\/memoriacesib.es\/2023\/wp-json\/wp\/v2\/posts"}],"about":[{"href":"https:\/\/memoriacesib.es\/2023\/wp-json\/wp\/v2\/types\/post"}],"author":[{"embeddable":true,"href":"https:\/\/memoriacesib.es\/2023\/wp-json\/wp\/v2\/users\/1"}],"replies":[{"embeddable":true,"href":"https:\/\/memoriacesib.es\/2023\/wp-json\/wp\/v2\/comments?post=1796"}],"version-history":[{"count":32,"href":"https:\/\/memoriacesib.es\/2023\/wp-json\/wp\/v2\/posts\/1796\/revisions"}],"predecessor-version":[{"id":3563,"href":"https:\/\/memoriacesib.es\/2023\/wp-json\/wp\/v2\/posts\/1796\/revisions\/3563"}],"wp:featuredmedia":[{"embeddable":true,"href":"https:\/\/memoriacesib.es\/2023\/wp-json\/wp\/v2\/media\/1797"}],"wp:attachment":[{"href":"https:\/\/memoriacesib.es\/2023\/wp-json\/wp\/v2\/media?parent=1796"}],"wp:term":[{"taxonomy":"category","embeddable":true,"href":"https:\/\/memoriacesib.es\/2023\/wp-json\/wp\/v2\/categories?post=1796"},{"taxonomy":"post_tag","embeddable":true,"href":"https:\/\/memoriacesib.es\/2023\/wp-json\/wp\/v2\/tags?post=1796"}],"curies":[{"name":"wp","href":"https:\/\/api.w.org\/{rel}","templated":true}]}}