{"id":1847,"date":"2023-08-12T10:26:21","date_gmt":"2023-08-12T10:26:21","guid":{"rendered":"http:\/\/memoriacesib.es\/2023\/?p=1847"},"modified":"2024-08-28T08:23:14","modified_gmt":"2024-08-28T08:23:14","slug":"lestat-del-medi-ambient-a-partir-de-lindicador-sintetic-mediambiental","status":"publish","type":"post","link":"https:\/\/memoriacesib.es\/2023\/lestat-del-medi-ambient-a-partir-de-lindicador-sintetic-mediambiental\/","title":{"rendered":"11. L\u2019estat del medi ambient a partir de l\u2019indicador sint\u00e8tic mediambiental"},"content":{"rendered":"\t\t<div data-elementor-type=\"wp-post\" data-elementor-id=\"1847\" class=\"elementor elementor-1847\" data-elementor-post-type=\"post\">\n\t\t\t\t\t\t<section class=\"elementor-section elementor-top-section elementor-element elementor-element-7b014fed elementor-section-boxed elementor-section-height-default elementor-section-height-default\" data-id=\"7b014fed\" data-element_type=\"section\" data-e-type=\"section\">\n\t\t\t\t\t\t<div class=\"elementor-container elementor-column-gap-default\">\n\t\t\t\t\t<div class=\"elementor-column elementor-col-100 elementor-top-column elementor-element elementor-element-19b23dd5\" data-id=\"19b23dd5\" data-element_type=\"column\" data-e-type=\"column\">\n\t\t\t<div class=\"elementor-widget-wrap elementor-element-populated\">\n\t\t\t\t\t\t<div class=\"elementor-element elementor-element-270892aa elementor-widget elementor-widget-heading\" data-id=\"270892aa\" data-element_type=\"widget\" data-e-type=\"widget\" data-widget_type=\"heading.default\">\n\t\t\t\t<div class=\"elementor-widget-container\">\n\t\t\t\t\t<h1 class=\"elementor-heading-title elementor-size-default\">11. L\u2019estat del medi ambient a partir de l\u2019indicador sint\u00e8tic mediambiental<\/h1>\t\t\t\t<\/div>\n\t\t\t\t<\/div>\n\t\t\t\t<div class=\"elementor-element elementor-element-15312f9d elementor-icon-list--layout-inline elementor-align-end elementor-list-item-link-full_width elementor-widget elementor-widget-icon-list\" data-id=\"15312f9d\" data-element_type=\"widget\" data-e-type=\"widget\" data-widget_type=\"icon-list.default\">\n\t\t\t\t<div class=\"elementor-widget-container\">\n\t\t\t\t\t\t\t<ul class=\"elementor-icon-list-items elementor-inline-items\">\n\t\t\t\t\t\t\t<li class=\"elementor-icon-list-item elementor-inline-item\">\n\t\t\t\t\t\t\t\t\t\t<span class=\"elementor-icon-list-text\">Mart\u00ed Llobera O Brien<\/span>\n\t\t\t\t\t\t\t\t\t<\/li>\n\t\t\t\t\t\t<\/ul>\n\t\t\t\t\t\t<\/div>\n\t\t\t\t<\/div>\n\t\t\t\t<div class=\"elementor-element elementor-element-364a860a elementor-align-right elementor-widget elementor-widget-button\" data-id=\"364a860a\" data-element_type=\"widget\" data-e-type=\"widget\" data-widget_type=\"button.default\">\n\t\t\t\t<div class=\"elementor-widget-container\">\n\t\t\t\t\t\t\t\t\t<div class=\"elementor-button-wrapper\">\n\t\t\t\t\t<a class=\"elementor-button elementor-button-link elementor-size-xs\" href=\"https:\/\/memoriacesib.es\/2023\/wp-content\/uploads\/2024\/08\/CAP-I_11.pdf\" target=\"_blank\">\n\t\t\t\t\t\t<span class=\"elementor-button-content-wrapper\">\n\t\t\t\t\t\t<span class=\"elementor-button-icon\">\n\t\t\t\t<i aria-hidden=\"true\" class=\"fas fa-file-pdf\"><\/i>\t\t\t<\/span>\n\t\t\t\t\t\t\t\t\t<span class=\"elementor-button-text\">Descarregar CAP I. 11. L\u2019estat del medi ambient a partir de l\u2019indicador sint\u00e8tic mediambiental<\/span>\n\t\t\t\t\t<\/span>\n\t\t\t\t\t<\/a>\n\t\t\t\t<\/div>\n\t\t\t\t\t\t\t\t<\/div>\n\t\t\t\t<\/div>\n\t\t\t\t<div class=\"elementor-element elementor-element-31f68e23 elementor-widget-divider--view-line elementor-widget elementor-widget-divider\" data-id=\"31f68e23\" data-element_type=\"widget\" data-e-type=\"widget\" data-widget_type=\"divider.default\">\n\t\t\t\t<div class=\"elementor-widget-container\">\n\t\t\t\t\t\t\t<div class=\"elementor-divider\">\n\t\t\t<span class=\"elementor-divider-separator\">\n\t\t\t\t\t\t<\/span>\n\t\t<\/div>\n\t\t\t\t\t\t<\/div>\n\t\t\t\t<\/div>\n\t\t\t\t\t<\/div>\n\t\t<\/div>\n\t\t\t\t\t<\/div>\n\t\t<\/section>\n\t\t\t\t<section class=\"elementor-section elementor-top-section elementor-element elementor-element-707a5af5 elementor-section-boxed elementor-section-height-default elementor-section-height-default\" data-id=\"707a5af5\" data-element_type=\"section\" data-e-type=\"section\">\n\t\t\t\t\t\t<div class=\"elementor-container elementor-column-gap-default\">\n\t\t\t\t\t<div class=\"elementor-column elementor-col-100 elementor-top-column elementor-element elementor-element-227f5548\" data-id=\"227f5548\" data-element_type=\"column\" data-e-type=\"column\">\n\t\t\t<div class=\"elementor-widget-wrap elementor-element-populated\">\n\t\t\t\t\t\t<div class=\"elementor-element elementor-element-87ca095 elementor-widget elementor-widget-text-editor\" data-id=\"87ca095\" data-element_type=\"widget\" data-e-type=\"widget\" data-widget_type=\"text-editor.default\">\n\t\t\t\t<div class=\"elementor-widget-container\">\n\t\t\t\t\t\t\t\t\t<p class=\"p1\">L\u2019evoluci\u00f3 de l\u2019\u00edndex sint\u00e8tic mediambiental de les Illes Balears des de 2019 queda reflectit en el quadre I-S2.42. Malgrat que no es disposa de dades actualitzades per al 2023 de tres dels \u00edndexs parcials, igualment se\u2019n poden extreure algunes conclusions.<\/p>\n<p class=\"p1\">La millora observada el 2020 respecte del 2019 i el 2023 \u00e9s causada per diversos factors, tots a conseq\u00fc\u00e8ncia de les limitacions de mobilitat decretades arran de la pand\u00e8mia. Aix\u00ed, l\u2019\u00edndex de qualitat de l\u2019aire va ser afavorit per un descens significatiu del transport, que es va traduir en una baixada important del funcionament de motors alimentats per combustibles f\u00f2ssils. Aquest fet tamb\u00e9 es va reflectir en l\u2019\u00edndex de transici\u00f3 energ\u00e8tica, en baixar la quantitat d\u2019energia consumida per habitant i, de retruc, en l\u2019augment de la proporci\u00f3 de les energies renovables, no perqu\u00e8 hi hagu\u00e9s un augment significatiu d\u2019aquestes, sin\u00f3 perqu\u00e8 en disminuir el consum d\u2019energies d\u2019origen f\u00f2ssil, la proporci\u00f3 va augmentar sensiblement. En canvi, en altres \u00edndexs, com el de resili\u00e8ncia clim\u00e0tica, hi ha un retroc\u00e9s, ja que hi influeixen factors naturals que poc tenen a veure amb la mobilitat humana.<\/p>\n<p class=\"p1\">L\u2019evoluci\u00f3 de l\u2019\u00cdSM des del 2020 fins al 2022 o 2023, almenys en els casos en qu\u00e8 es disposa de dades, \u00e9s de lleugera millora, excepte en el cas de la transici\u00f3 energ\u00e8tica. Si b\u00e9 en tots els casos aquesta no \u00e9s gaire destacable (en el darrer any, l\u2019\u00edndex de gesti\u00f3 del territori i biodiversitat millora 2 punts, i el de gesti\u00f3 i circularitat de residus millora 3 punts), cal remarcar que, malgrat l\u2019augment progressiu d\u2019activitat econ\u00f2mica, aix\u00f2 no s\u2019ha tradu\u00eft en un empitjorament de la protecci\u00f3 del territori ni de la circularitat en mat\u00e8ria de residus.<span class=\"Apple-converted-space\">\u00a0<\/span><\/p>\n<p class=\"p1\">El 2019 va ser r\u00e8cord en quantitat de turistes, amb la qual cosa va resultar un \u00edndex sint\u00e8tic per davall dels 50 punts. De fet, aix\u00f2 va arrossegar mals resultats en mat\u00e8ria de circularitat de residus (sobretot a Mallorca i Eivissa) i d\u2019optimitzaci\u00f3 energ\u00e8tica, en aquest cas a causa de les xifres elevades de consum de combustibles f\u00f2ssils dels sectors de transport i serveis. Aix\u00ed, aquell any es van aconseguir millors resultats pels GEH que el 2018 i la climatologia va acompanyar amb temperatures i pluges lleugerament superiors a la mitjana, la qual cosa explica el valor de l\u2019\u00edndex de resili\u00e8ncia clim\u00e0tica.<span class=\"Apple-converted-space\">\u00a0<\/span><\/p>\n<p class=\"p1\">En les dades per al 2020 es detecten canvis substancials respecte de l\u2019any anterior. El 2020 va ser l\u2019any en qu\u00e8 va irrompre la pand\u00e8mia, del confinament i de les restriccions. Aix\u00f2 va ser determinant en la millora dels \u00edndexs, sobretot el de transici\u00f3 energ\u00e8tica, en disminuir el consum de combustibles f\u00f2ssils, i, d\u2019aquesta manera, millorar el percentatge de renovables. L\u2019\u00edndex que va empitjorar m\u00e9s clarament va ser el de resili\u00e8ncia clim\u00e0tica, ja que, malgrat que es redu\u00efren les emissions de GEH, la temperatura mitjana i la pluviositat (factors no antr\u00f2pics) no en permeteren una millora. Tot i aix\u00f2, l\u2019\u00cdSM va millorar en 13,8 punts respecte de l\u2019any anterior.<span class=\"Apple-converted-space\">\u00a0<\/span><\/p>\n<p class=\"p1\">El 2021 va ser l\u2019any de la recuperaci\u00f3 econ\u00f2mica amb restriccions. Es va quedar lluny de l\u2019aflu\u00e8ncia tur\u00edstica del 2019, per\u00f2 aquesta augment\u00e0 respecte de 2020.<span class=\"Apple-converted-space\">\u00a0<\/span><\/p>\n<p class=\"p1\">El 2021, l\u2019\u00cdSM va baixar 8,5 punts, baixada en qu\u00e8 sobretot va influir l\u2019empitjorament de l\u2019\u00edndex de transici\u00f3 energ\u00e8tica, que va baixar 46,6 punts respecte de l\u2019any anterior (94,9 el 2020) a causa de la recuperaci\u00f3 parcial del transport i dels serveis. La resta dels \u00edndexs es van moure en valors semblants als de l\u2019any anterior, ja que, malgrat que es produ\u00eds un augment de l\u2019activitat econ\u00f2mica, no va ser de la magnitud que hi havia en anys anteriors a la pand\u00e8mia i, d\u2019aquesta manera, la influ\u00e8ncia humana sobre factors mediambientals va ser moderada.<span class=\"Apple-converted-space\">\u00a0<\/span><\/p>\n<p style=\"font-weight: 400;\"><span style=\"color: #01a1df; font-size: 25px;\"><b><i>Despr\u00e9s de la millora de l\u2019estat del medi ambient amb la pand\u00e8mia, es produeix un retroc\u00e9s a xifres de 2019<\/i><\/b><\/span><\/p>\n<p class=\"p1\">El 2022 s\u2019eliminaren la majoria de les restriccions existents per lluitar contra la covid, la qual cosa es va traduir en un augment significatiu de l\u2019activitat econ\u00f2mica respecte de 2021. Les dades per al 2022 es detallen en el quadre I-S2.46. Es rebaixen els valors per resili\u00e8ncia clim\u00e0tica, qualitat de l\u2019aire i, sobretot, els de transici\u00f3 energ\u00e8tica, tot un reflex de l\u2019increment de l\u2019activitat econ\u00f2mica.<\/p>\n<p class=\"p1\">No es disposa de prou dades per elaborar tres dels sis \u00edndexs parcials per 2023, per la qual cosa no figura valor per a l\u2019\u00edndex sint\u00e8tic. Tot i aix\u00f2, destaca que els tres dels quals s\u00ed que hi ha dades registren una millora respecte al 2022, especialment els de qualitat de l\u2019aire i gesti\u00f3 dels residus. En tot cas, cal tenir present que els anys secs i calorosos, cada vegada m\u00e9s intensos, afecten l\u2019\u00edndex de resili\u00e8ncia clim\u00e0tica i no en tenim cap control. La recuperaci\u00f3 econ\u00f2mica suposa un empitjorament en els \u00edndexs de transici\u00f3 energ\u00e8tica i consum i qualitat de l\u2019aigua. Per tant, s\u00f3n dos \u00e0mbits en qu\u00e8 una aflu\u00e8ncia massiva de turistes tradicionalment ha jugat en contra.<\/p>\n\n\n<table class=\"t1\" cellspacing=\"0\" cellpadding=\"0\">\n<tbody>\n<tr>\n<td class=\"td1\" valign=\"top\" style=\"font-weight: 600; background: #01A1DF; color: white;\" colspan=\"6\">Resultat de l\u2019\u00edndex sint\u00e8tic mediambiental a les Illes Balears (2019-2023)<\/td><\/tr>\n<tr>\n<td class=\"td1\" valign=\"top\"><\/td>\n<td class=\"td2\" valign=\"top\">\n<p class=\"p3\"><b>2019<\/b><\/p>\n<\/td>\n<td class=\"td3\" valign=\"top\">\n<p class=\"p3\"><b>2020<\/b><\/p>\n<\/td>\n<td class=\"td2\" valign=\"top\">\n<p class=\"p3\"><b>2021<\/b><\/p>\n<\/td>\n<td class=\"td2\" valign=\"top\">\n<p class=\"p3\"><b>2022<\/b><\/p>\n<\/td>\n<td class=\"td2\" valign=\"top\">\n<p class=\"p3\"><b>2023<\/b><\/p>\n<\/td>\n<\/tr>\n<tr>\n<td class=\"td1\" valign=\"top\">\n<p class=\"p3\">\u00cdndex de resili\u00e8ncia clim\u00e0tica<\/p>\n<\/td>\n<td class=\"td4\" valign=\"top\">\n<p class=\"p3\">57,0<\/p>\n<\/td>\n<td class=\"td5\" valign=\"top\">\n<p class=\"p3\">63,6<\/p>\n<\/td>\n<td class=\"td4\" valign=\"top\">\n<p class=\"p3\">60,1<\/p>\n<\/td>\n<td class=\"td6\" valign=\"top\">\n<p class=\"p3\">31,0<\/p>\n<\/td>\n<td class=\"td2\" valign=\"top\">\n<p class=\"p3\">s.d.<\/p>\n<\/td>\n<\/tr>\n<tr>\n<td class=\"td7\" valign=\"top\">\n<p class=\"p3\">\u00cdndex de qualitat de l\u2019aire<\/p>\n<\/td>\n<td class=\"td8\" valign=\"top\">\n<p class=\"p3\">67,8<\/p>\n<\/td>\n<td class=\"td9\" valign=\"top\">\n<p class=\"p3\">72,4<\/p>\n<\/td>\n<td class=\"td8\" valign=\"top\">\n<p class=\"p3\">70,0<\/p>\n<\/td>\n<td class=\"td8\" valign=\"top\">\n<p class=\"p3\">72,2<\/p>\n<\/td>\n<td class=\"td8\" valign=\"top\">\n<p class=\"p3\">71,6<\/p>\n<\/td>\n<\/tr>\n<tr>\n<td class=\"td1\" valign=\"top\">\n<p class=\"p3\">\u00cdndex de transici\u00f3 energ\u00e8tica<\/p>\n<\/td>\n<td class=\"td4\" valign=\"top\">\n<p class=\"p3\">38,0<\/p>\n<\/td>\n<td class=\"td10\" valign=\"top\">\n<p class=\"p3\">73,1<\/p>\n<\/td>\n<td class=\"td4\" valign=\"top\">\n<p class=\"p3\">48,3<\/p>\n<\/td>\n<td class=\"td6\" valign=\"top\">\n<p class=\"p3\">30,1<\/p>\n<\/td>\n<td class=\"td6\" valign=\"top\">\n<p class=\"p3\">0,0<\/p>\n<\/td>\n<\/tr>\n<tr>\n<td class=\"td1\" valign=\"top\">\n<p class=\"p3\">\u00cdndex de consum i qualitat de l\u2019aigua<\/p>\n<\/td>\n<td class=\"td4\" valign=\"top\">\n<p class=\"p3\">45,3<\/p>\n<\/td>\n<td class=\"td5\" valign=\"top\">\n<p class=\"p3\">55,9<\/p>\n<\/td>\n<td class=\"td4\" valign=\"top\">\n<p class=\"p3\">48,8<\/p>\n<\/td>\n<td class=\"td4\" valign=\"top\">\n<p class=\"p3\">49,7<\/p>\n<\/td>\n<td class=\"td6\" valign=\"top\">\n<p class=\"p3\">9,0<\/p>\n<\/td>\n<\/tr>\n<tr>\n<td class=\"td1\" valign=\"top\">\n<p class=\"p3\">\u00cdndex de gesti\u00f3 del territori i biodiversitat<\/p>\n<\/td>\n<td class=\"td4\" valign=\"top\">\n<p class=\"p3\">41,4<\/p>\n<\/td>\n<td class=\"td5\" valign=\"top\">\n<p class=\"p3\">40,6<\/p>\n<\/td>\n<td class=\"td4\" valign=\"top\">\n<p class=\"p3\">42,1<\/p>\n<\/td>\n<td class=\"td4\" valign=\"top\">\n<p class=\"p3\">50,7<\/p>\n<\/td>\n<td class=\"td4\" valign=\"top\">\n<p class=\"p3\">52,7<\/p>\n<\/td>\n<\/tr>\n<tr>\n<td class=\"td1\" valign=\"top\">\n<p class=\"p3\">\u00cdndex de gesti\u00f3 i circularitat de residus<\/p>\n<\/td>\n<td class=\"td6\" valign=\"top\">\n<p class=\"p3\">23,8<\/p>\n<\/td>\n<td class=\"td11\" valign=\"top\">\n<p class=\"p3\">32,8<\/p>\n<\/td>\n<td class=\"td4\" valign=\"top\">\n<p class=\"p3\">34,4<\/p>\n<\/td>\n<td class=\"td4\" valign=\"top\">\n<p class=\"p3\">35,3<\/p>\n<\/td>\n<td class=\"td4\" valign=\"top\">\n<p class=\"p3\">38,3<\/p>\n<\/td>\n<\/tr>\n<tr>\n<td class=\"td7\" valign=\"top\">\n<p class=\"p3\">\u00cdndex ambiental<\/p>\n<\/td>\n<td class=\"td12\" valign=\"top\">\n<p class=\"p3\">44,9<\/p>\n<\/td>\n<td class=\"td13\" valign=\"top\">\n<p class=\"p3\">56,5<\/p>\n<\/td>\n<td class=\"td12\" valign=\"top\">\n<p class=\"p3\">50,1<\/p>\n<\/td>\n<td class=\"td12\" valign=\"top\">\n<p class=\"p3\">43,6<\/p>\n<\/td>\n<td class=\"td14\" valign=\"top\">\n<p class=\"p3\">s.d.<\/p>\n<\/td>\n<\/tr>\n<\/tbody>\n<\/table>\n<p class=\"p3\"><i>Font: Elaboraci\u00f3 pr\u00f2pia a partir de la metodologia de l\u2019ISM del CES IB<\/i><\/p>\n<p style=\"font-weight: 400;\">\n\n<\/p>\t\t\t\t\t\t\t\t<\/div>\n\t\t\t\t<\/div>\n\t\t\t\t\t<\/div>\n\t\t<\/div>\n\t\t\t\t\t<\/div>\n\t\t<\/section>\n\t\t\t\t<section class=\"elementor-section elementor-top-section elementor-element elementor-element-3c4c08d elementor-section-boxed elementor-section-height-default elementor-section-height-default\" data-id=\"3c4c08d\" data-element_type=\"section\" data-e-type=\"section\">\n\t\t\t\t\t\t<div class=\"elementor-container elementor-column-gap-default\">\n\t\t\t\t\t<div class=\"elementor-column elementor-col-100 elementor-top-column elementor-element elementor-element-7afd05ab\" data-id=\"7afd05ab\" data-element_type=\"column\" data-e-type=\"column\">\n\t\t\t<div class=\"elementor-widget-wrap elementor-element-populated\">\n\t\t\t\t\t\t<div class=\"elementor-element elementor-element-6b02630b elementor-widget-divider--view-line elementor-widget elementor-widget-divider\" data-id=\"6b02630b\" data-element_type=\"widget\" data-e-type=\"widget\" data-widget_type=\"divider.default\">\n\t\t\t\t<div class=\"elementor-widget-container\">\n\t\t\t\t\t\t\t<div class=\"elementor-divider\">\n\t\t\t<span class=\"elementor-divider-separator\">\n\t\t\t\t\t\t<\/span>\n\t\t<\/div>\n\t\t\t\t\t\t<\/div>\n\t\t\t\t<\/div>\n\t\t\t\t\t<\/div>\n\t\t<\/div>\n\t\t\t\t\t<\/div>\n\t\t<\/section>\n\t\t\t\t<\/div>\n\t\t","protected":false},"excerpt":{"rendered":"<p>11. L\u2019estat del medi ambient a partir de l\u2019indicador sint\u00e8tic mediambiental Mart\u00ed Llobera O Brien Descarregar CAP I. 11. L\u2019estat del medi ambient a partir de l\u2019indicador sint\u00e8tic mediambiental L\u2019evoluci\u00f3 de l\u2019\u00edndex sint\u00e8tic mediambiental de les Illes Balears des de 2019 queda reflectit en el quadre I-S2.42. Malgrat que no es disposa de dades actualitzades [&hellip;]<\/p>\n","protected":false},"author":1,"featured_media":1848,"comment_status":"open","ping_status":"open","sticky":false,"template":"","format":"standard","meta":{"footnotes":""},"categories":[3,2],"tags":[],"class_list":["post-1847","post","type-post","status-publish","format-standard","has-post-thumbnail","hentry","category-panoramaeconomicdelesillesbalears","category-capitoli"],"yoast_head":"<!-- This site is optimized with the Yoast SEO plugin v27.3 - https:\/\/yoast.com\/product\/yoast-seo-wordpress\/ -->\n<title>11. L\u2019estat del medi ambient a partir de l\u2019indicador sint\u00e8tic mediambiental - Memoria CES 2023<\/title>\n<meta name=\"robots\" content=\"index, follow, max-snippet:-1, max-image-preview:large, max-video-preview:-1\" \/>\n<link rel=\"canonical\" href=\"https:\/\/memoriacesib.es\/2023\/lestat-del-medi-ambient-a-partir-de-lindicador-sintetic-mediambiental\/\" \/>\n<meta property=\"og:locale\" content=\"es_ES\" \/>\n<meta property=\"og:type\" content=\"article\" \/>\n<meta property=\"og:title\" content=\"11. L\u2019estat del medi ambient a partir de l\u2019indicador sint\u00e8tic mediambiental - Memoria CES 2023\" \/>\n<meta property=\"og:description\" content=\"11. L\u2019estat del medi ambient a partir de l\u2019indicador sint\u00e8tic mediambiental Mart\u00ed Llobera O Brien Descarregar CAP I. 11. L\u2019estat del medi ambient a partir de l\u2019indicador sint\u00e8tic mediambiental L\u2019evoluci\u00f3 de l\u2019\u00edndex sint\u00e8tic mediambiental de les Illes Balears des de 2019 queda reflectit en el quadre I-S2.42. Malgrat que no es disposa de dades actualitzades [&hellip;]\" \/>\n<meta property=\"og:url\" content=\"https:\/\/memoriacesib.es\/2023\/lestat-del-medi-ambient-a-partir-de-lindicador-sintetic-mediambiental\/\" \/>\n<meta property=\"og:site_name\" content=\"Memoria CES 2023\" \/>\n<meta property=\"article:publisher\" content=\"https:\/\/www.facebook.com\/cesillesbalears\" \/>\n<meta property=\"article:published_time\" content=\"2023-08-12T10:26:21+00:00\" \/>\n<meta property=\"article:modified_time\" content=\"2024-08-28T08:23:14+00:00\" \/>\n<meta property=\"og:image\" content=\"https:\/\/memoriacesib.es\/2023\/wp-content\/uploads\/2023\/08\/panorama-medioambiental.jpg\" \/>\n\t<meta property=\"og:image:width\" content=\"768\" \/>\n\t<meta property=\"og:image:height\" content=\"768\" \/>\n\t<meta property=\"og:image:type\" content=\"image\/jpeg\" \/>\n<meta name=\"author\" content=\"admin\" \/>\n<meta name=\"twitter:card\" content=\"summary_large_image\" \/>\n<meta name=\"twitter:creator\" content=\"@ces_ib\" \/>\n<meta name=\"twitter:site\" content=\"@ces_ib\" \/>\n<meta name=\"twitter:label1\" content=\"Escrito por\" \/>\n\t<meta name=\"twitter:data1\" content=\"admin\" \/>\n\t<meta name=\"twitter:label2\" content=\"Tiempo de lectura\" \/>\n\t<meta name=\"twitter:data2\" content=\"5 minutos\" \/>\n<script type=\"application\/ld+json\" class=\"yoast-schema-graph\">{\"@context\":\"https:\\\/\\\/schema.org\",\"@graph\":[{\"@type\":\"Article\",\"@id\":\"https:\\\/\\\/memoriacesib.es\\\/2023\\\/lestat-del-medi-ambient-a-partir-de-lindicador-sintetic-mediambiental\\\/#article\",\"isPartOf\":{\"@id\":\"https:\\\/\\\/memoriacesib.es\\\/2023\\\/lestat-del-medi-ambient-a-partir-de-lindicador-sintetic-mediambiental\\\/\"},\"author\":{\"name\":\"admin\",\"@id\":\"https:\\\/\\\/memoriacesib.es\\\/2023\\\/#\\\/schema\\\/person\\\/2936f44710febf12ed5d851c6aa74117\"},\"headline\":\"11. L\u2019estat del medi ambient a partir de l\u2019indicador sint\u00e8tic mediambiental\",\"datePublished\":\"2023-08-12T10:26:21+00:00\",\"dateModified\":\"2024-08-28T08:23:14+00:00\",\"mainEntityOfPage\":{\"@id\":\"https:\\\/\\\/memoriacesib.es\\\/2023\\\/lestat-del-medi-ambient-a-partir-de-lindicador-sintetic-mediambiental\\\/\"},\"wordCount\":998,\"commentCount\":0,\"publisher\":{\"@id\":\"https:\\\/\\\/memoriacesib.es\\\/2023\\\/#organization\"},\"image\":{\"@id\":\"https:\\\/\\\/memoriacesib.es\\\/2023\\\/lestat-del-medi-ambient-a-partir-de-lindicador-sintetic-mediambiental\\\/#primaryimage\"},\"thumbnailUrl\":\"https:\\\/\\\/memoriacesib.es\\\/2023\\\/wp-content\\\/uploads\\\/2023\\\/08\\\/panorama-medioambiental.jpg\",\"articleSection\":[\"1. El panorama econ\u00f2mic de les Illes Balears\",\"Cap\u00edtol I\"],\"inLanguage\":\"es\",\"potentialAction\":[{\"@type\":\"CommentAction\",\"name\":\"Comment\",\"target\":[\"https:\\\/\\\/memoriacesib.es\\\/2023\\\/lestat-del-medi-ambient-a-partir-de-lindicador-sintetic-mediambiental\\\/#respond\"]}]},{\"@type\":\"WebPage\",\"@id\":\"https:\\\/\\\/memoriacesib.es\\\/2023\\\/lestat-del-medi-ambient-a-partir-de-lindicador-sintetic-mediambiental\\\/\",\"url\":\"https:\\\/\\\/memoriacesib.es\\\/2023\\\/lestat-del-medi-ambient-a-partir-de-lindicador-sintetic-mediambiental\\\/\",\"name\":\"11. L\u2019estat del medi ambient a partir de l\u2019indicador sint\u00e8tic mediambiental - Memoria CES 2023\",\"isPartOf\":{\"@id\":\"https:\\\/\\\/memoriacesib.es\\\/2023\\\/#website\"},\"primaryImageOfPage\":{\"@id\":\"https:\\\/\\\/memoriacesib.es\\\/2023\\\/lestat-del-medi-ambient-a-partir-de-lindicador-sintetic-mediambiental\\\/#primaryimage\"},\"image\":{\"@id\":\"https:\\\/\\\/memoriacesib.es\\\/2023\\\/lestat-del-medi-ambient-a-partir-de-lindicador-sintetic-mediambiental\\\/#primaryimage\"},\"thumbnailUrl\":\"https:\\\/\\\/memoriacesib.es\\\/2023\\\/wp-content\\\/uploads\\\/2023\\\/08\\\/panorama-medioambiental.jpg\",\"datePublished\":\"2023-08-12T10:26:21+00:00\",\"dateModified\":\"2024-08-28T08:23:14+00:00\",\"breadcrumb\":{\"@id\":\"https:\\\/\\\/memoriacesib.es\\\/2023\\\/lestat-del-medi-ambient-a-partir-de-lindicador-sintetic-mediambiental\\\/#breadcrumb\"},\"inLanguage\":\"es\",\"potentialAction\":[{\"@type\":\"ReadAction\",\"target\":[\"https:\\\/\\\/memoriacesib.es\\\/2023\\\/lestat-del-medi-ambient-a-partir-de-lindicador-sintetic-mediambiental\\\/\"]}]},{\"@type\":\"ImageObject\",\"inLanguage\":\"es\",\"@id\":\"https:\\\/\\\/memoriacesib.es\\\/2023\\\/lestat-del-medi-ambient-a-partir-de-lindicador-sintetic-mediambiental\\\/#primaryimage\",\"url\":\"https:\\\/\\\/memoriacesib.es\\\/2023\\\/wp-content\\\/uploads\\\/2023\\\/08\\\/panorama-medioambiental.jpg\",\"contentUrl\":\"https:\\\/\\\/memoriacesib.es\\\/2023\\\/wp-content\\\/uploads\\\/2023\\\/08\\\/panorama-medioambiental.jpg\",\"width\":768,\"height\":768},{\"@type\":\"BreadcrumbList\",\"@id\":\"https:\\\/\\\/memoriacesib.es\\\/2023\\\/lestat-del-medi-ambient-a-partir-de-lindicador-sintetic-mediambiental\\\/#breadcrumb\",\"itemListElement\":[{\"@type\":\"ListItem\",\"position\":1,\"name\":\"Portada\",\"item\":\"https:\\\/\\\/memoriacesib.es\\\/2023\\\/\"},{\"@type\":\"ListItem\",\"position\":2,\"name\":\"11. L\u2019estat del medi ambient a partir de l\u2019indicador sint\u00e8tic mediambiental\"}]},{\"@type\":\"WebSite\",\"@id\":\"https:\\\/\\\/memoriacesib.es\\\/2023\\\/#website\",\"url\":\"https:\\\/\\\/memoriacesib.es\\\/2023\\\/\",\"name\":\"Memoria CES 2023\",\"description\":\"Memoria CES 2023\",\"publisher\":{\"@id\":\"https:\\\/\\\/memoriacesib.es\\\/2023\\\/#organization\"},\"potentialAction\":[{\"@type\":\"SearchAction\",\"target\":{\"@type\":\"EntryPoint\",\"urlTemplate\":\"https:\\\/\\\/memoriacesib.es\\\/2023\\\/?s={search_term_string}\"},\"query-input\":{\"@type\":\"PropertyValueSpecification\",\"valueRequired\":true,\"valueName\":\"search_term_string\"}}],\"inLanguage\":\"es\"},{\"@type\":\"Organization\",\"@id\":\"https:\\\/\\\/memoriacesib.es\\\/2023\\\/#organization\",\"name\":\"Consell Economic i Social de les Illes Balears (CES)\",\"url\":\"https:\\\/\\\/memoriacesib.es\\\/2023\\\/\",\"logo\":{\"@type\":\"ImageObject\",\"inLanguage\":\"es\",\"@id\":\"https:\\\/\\\/memoriacesib.es\\\/2023\\\/#\\\/schema\\\/logo\\\/image\\\/\",\"url\":\"https:\\\/\\\/memoriacesib.es\\\/2023\\\/wp-content\\\/uploads\\\/2023\\\/06\\\/Logo-Memoria-Ces-2023.png\",\"contentUrl\":\"https:\\\/\\\/memoriacesib.es\\\/2023\\\/wp-content\\\/uploads\\\/2023\\\/06\\\/Logo-Memoria-Ces-2023.png\",\"width\":800,\"height\":195,\"caption\":\"Consell Economic i Social de les Illes Balears (CES)\"},\"image\":{\"@id\":\"https:\\\/\\\/memoriacesib.es\\\/2023\\\/#\\\/schema\\\/logo\\\/image\\\/\"},\"sameAs\":[\"https:\\\/\\\/www.facebook.com\\\/cesillesbalears\",\"https:\\\/\\\/x.com\\\/ces_ib\",\"https:\\\/\\\/www.youtube.com\\\/channel\\\/UCrEmO9wh7KlUaQ9dWzvYrVg\"]},{\"@type\":\"Person\",\"@id\":\"https:\\\/\\\/memoriacesib.es\\\/2023\\\/#\\\/schema\\\/person\\\/2936f44710febf12ed5d851c6aa74117\",\"name\":\"admin\",\"image\":{\"@type\":\"ImageObject\",\"inLanguage\":\"es\",\"@id\":\"https:\\\/\\\/secure.gravatar.com\\\/avatar\\\/42a3717e1ac37e7f2d90262c48d11756024e6ed18ebaae3567f6c00866abe5f2?s=96&d=mm&r=g\",\"url\":\"https:\\\/\\\/secure.gravatar.com\\\/avatar\\\/42a3717e1ac37e7f2d90262c48d11756024e6ed18ebaae3567f6c00866abe5f2?s=96&d=mm&r=g\",\"contentUrl\":\"https:\\\/\\\/secure.gravatar.com\\\/avatar\\\/42a3717e1ac37e7f2d90262c48d11756024e6ed18ebaae3567f6c00866abe5f2?s=96&d=mm&r=g\",\"caption\":\"admin\"},\"sameAs\":[\"http:\\\/\\\/memoriacesib.es\\\/2023\"],\"url\":\"https:\\\/\\\/memoriacesib.es\\\/2023\\\/author\\\/admin\\\/\"}]}<\/script>\n<!-- \/ Yoast SEO plugin. -->","yoast_head_json":{"title":"11. L\u2019estat del medi ambient a partir de l\u2019indicador sint\u00e8tic mediambiental - Memoria CES 2023","robots":{"index":"index","follow":"follow","max-snippet":"max-snippet:-1","max-image-preview":"max-image-preview:large","max-video-preview":"max-video-preview:-1"},"canonical":"https:\/\/memoriacesib.es\/2023\/lestat-del-medi-ambient-a-partir-de-lindicador-sintetic-mediambiental\/","og_locale":"es_ES","og_type":"article","og_title":"11. L\u2019estat del medi ambient a partir de l\u2019indicador sint\u00e8tic mediambiental - Memoria CES 2023","og_description":"11. L\u2019estat del medi ambient a partir de l\u2019indicador sint\u00e8tic mediambiental Mart\u00ed Llobera O Brien Descarregar CAP I. 11. L\u2019estat del medi ambient a partir de l\u2019indicador sint\u00e8tic mediambiental L\u2019evoluci\u00f3 de l\u2019\u00edndex sint\u00e8tic mediambiental de les Illes Balears des de 2019 queda reflectit en el quadre I-S2.42. Malgrat que no es disposa de dades actualitzades [&hellip;]","og_url":"https:\/\/memoriacesib.es\/2023\/lestat-del-medi-ambient-a-partir-de-lindicador-sintetic-mediambiental\/","og_site_name":"Memoria CES 2023","article_publisher":"https:\/\/www.facebook.com\/cesillesbalears","article_published_time":"2023-08-12T10:26:21+00:00","article_modified_time":"2024-08-28T08:23:14+00:00","og_image":[{"width":768,"height":768,"url":"https:\/\/memoriacesib.es\/2023\/wp-content\/uploads\/2023\/08\/panorama-medioambiental.jpg","type":"image\/jpeg"}],"author":"admin","twitter_card":"summary_large_image","twitter_creator":"@ces_ib","twitter_site":"@ces_ib","twitter_misc":{"Escrito por":"admin","Tiempo de lectura":"5 minutos"},"schema":{"@context":"https:\/\/schema.org","@graph":[{"@type":"Article","@id":"https:\/\/memoriacesib.es\/2023\/lestat-del-medi-ambient-a-partir-de-lindicador-sintetic-mediambiental\/#article","isPartOf":{"@id":"https:\/\/memoriacesib.es\/2023\/lestat-del-medi-ambient-a-partir-de-lindicador-sintetic-mediambiental\/"},"author":{"name":"admin","@id":"https:\/\/memoriacesib.es\/2023\/#\/schema\/person\/2936f44710febf12ed5d851c6aa74117"},"headline":"11. L\u2019estat del medi ambient a partir de l\u2019indicador sint\u00e8tic mediambiental","datePublished":"2023-08-12T10:26:21+00:00","dateModified":"2024-08-28T08:23:14+00:00","mainEntityOfPage":{"@id":"https:\/\/memoriacesib.es\/2023\/lestat-del-medi-ambient-a-partir-de-lindicador-sintetic-mediambiental\/"},"wordCount":998,"commentCount":0,"publisher":{"@id":"https:\/\/memoriacesib.es\/2023\/#organization"},"image":{"@id":"https:\/\/memoriacesib.es\/2023\/lestat-del-medi-ambient-a-partir-de-lindicador-sintetic-mediambiental\/#primaryimage"},"thumbnailUrl":"https:\/\/memoriacesib.es\/2023\/wp-content\/uploads\/2023\/08\/panorama-medioambiental.jpg","articleSection":["1. El panorama econ\u00f2mic de les Illes Balears","Cap\u00edtol I"],"inLanguage":"es","potentialAction":[{"@type":"CommentAction","name":"Comment","target":["https:\/\/memoriacesib.es\/2023\/lestat-del-medi-ambient-a-partir-de-lindicador-sintetic-mediambiental\/#respond"]}]},{"@type":"WebPage","@id":"https:\/\/memoriacesib.es\/2023\/lestat-del-medi-ambient-a-partir-de-lindicador-sintetic-mediambiental\/","url":"https:\/\/memoriacesib.es\/2023\/lestat-del-medi-ambient-a-partir-de-lindicador-sintetic-mediambiental\/","name":"11. L\u2019estat del medi ambient a partir de l\u2019indicador sint\u00e8tic mediambiental - Memoria CES 2023","isPartOf":{"@id":"https:\/\/memoriacesib.es\/2023\/#website"},"primaryImageOfPage":{"@id":"https:\/\/memoriacesib.es\/2023\/lestat-del-medi-ambient-a-partir-de-lindicador-sintetic-mediambiental\/#primaryimage"},"image":{"@id":"https:\/\/memoriacesib.es\/2023\/lestat-del-medi-ambient-a-partir-de-lindicador-sintetic-mediambiental\/#primaryimage"},"thumbnailUrl":"https:\/\/memoriacesib.es\/2023\/wp-content\/uploads\/2023\/08\/panorama-medioambiental.jpg","datePublished":"2023-08-12T10:26:21+00:00","dateModified":"2024-08-28T08:23:14+00:00","breadcrumb":{"@id":"https:\/\/memoriacesib.es\/2023\/lestat-del-medi-ambient-a-partir-de-lindicador-sintetic-mediambiental\/#breadcrumb"},"inLanguage":"es","potentialAction":[{"@type":"ReadAction","target":["https:\/\/memoriacesib.es\/2023\/lestat-del-medi-ambient-a-partir-de-lindicador-sintetic-mediambiental\/"]}]},{"@type":"ImageObject","inLanguage":"es","@id":"https:\/\/memoriacesib.es\/2023\/lestat-del-medi-ambient-a-partir-de-lindicador-sintetic-mediambiental\/#primaryimage","url":"https:\/\/memoriacesib.es\/2023\/wp-content\/uploads\/2023\/08\/panorama-medioambiental.jpg","contentUrl":"https:\/\/memoriacesib.es\/2023\/wp-content\/uploads\/2023\/08\/panorama-medioambiental.jpg","width":768,"height":768},{"@type":"BreadcrumbList","@id":"https:\/\/memoriacesib.es\/2023\/lestat-del-medi-ambient-a-partir-de-lindicador-sintetic-mediambiental\/#breadcrumb","itemListElement":[{"@type":"ListItem","position":1,"name":"Portada","item":"https:\/\/memoriacesib.es\/2023\/"},{"@type":"ListItem","position":2,"name":"11. L\u2019estat del medi ambient a partir de l\u2019indicador sint\u00e8tic mediambiental"}]},{"@type":"WebSite","@id":"https:\/\/memoriacesib.es\/2023\/#website","url":"https:\/\/memoriacesib.es\/2023\/","name":"Memoria CES 2023","description":"Memoria CES 2023","publisher":{"@id":"https:\/\/memoriacesib.es\/2023\/#organization"},"potentialAction":[{"@type":"SearchAction","target":{"@type":"EntryPoint","urlTemplate":"https:\/\/memoriacesib.es\/2023\/?s={search_term_string}"},"query-input":{"@type":"PropertyValueSpecification","valueRequired":true,"valueName":"search_term_string"}}],"inLanguage":"es"},{"@type":"Organization","@id":"https:\/\/memoriacesib.es\/2023\/#organization","name":"Consell Economic i Social de les Illes Balears (CES)","url":"https:\/\/memoriacesib.es\/2023\/","logo":{"@type":"ImageObject","inLanguage":"es","@id":"https:\/\/memoriacesib.es\/2023\/#\/schema\/logo\/image\/","url":"https:\/\/memoriacesib.es\/2023\/wp-content\/uploads\/2023\/06\/Logo-Memoria-Ces-2023.png","contentUrl":"https:\/\/memoriacesib.es\/2023\/wp-content\/uploads\/2023\/06\/Logo-Memoria-Ces-2023.png","width":800,"height":195,"caption":"Consell Economic i Social de les Illes Balears (CES)"},"image":{"@id":"https:\/\/memoriacesib.es\/2023\/#\/schema\/logo\/image\/"},"sameAs":["https:\/\/www.facebook.com\/cesillesbalears","https:\/\/x.com\/ces_ib","https:\/\/www.youtube.com\/channel\/UCrEmO9wh7KlUaQ9dWzvYrVg"]},{"@type":"Person","@id":"https:\/\/memoriacesib.es\/2023\/#\/schema\/person\/2936f44710febf12ed5d851c6aa74117","name":"admin","image":{"@type":"ImageObject","inLanguage":"es","@id":"https:\/\/secure.gravatar.com\/avatar\/42a3717e1ac37e7f2d90262c48d11756024e6ed18ebaae3567f6c00866abe5f2?s=96&d=mm&r=g","url":"https:\/\/secure.gravatar.com\/avatar\/42a3717e1ac37e7f2d90262c48d11756024e6ed18ebaae3567f6c00866abe5f2?s=96&d=mm&r=g","contentUrl":"https:\/\/secure.gravatar.com\/avatar\/42a3717e1ac37e7f2d90262c48d11756024e6ed18ebaae3567f6c00866abe5f2?s=96&d=mm&r=g","caption":"admin"},"sameAs":["http:\/\/memoriacesib.es\/2023"],"url":"https:\/\/memoriacesib.es\/2023\/author\/admin\/"}]}},"_links":{"self":[{"href":"https:\/\/memoriacesib.es\/2023\/wp-json\/wp\/v2\/posts\/1847","targetHints":{"allow":["GET"]}}],"collection":[{"href":"https:\/\/memoriacesib.es\/2023\/wp-json\/wp\/v2\/posts"}],"about":[{"href":"https:\/\/memoriacesib.es\/2023\/wp-json\/wp\/v2\/types\/post"}],"author":[{"embeddable":true,"href":"https:\/\/memoriacesib.es\/2023\/wp-json\/wp\/v2\/users\/1"}],"replies":[{"embeddable":true,"href":"https:\/\/memoriacesib.es\/2023\/wp-json\/wp\/v2\/comments?post=1847"}],"version-history":[{"count":35,"href":"https:\/\/memoriacesib.es\/2023\/wp-json\/wp\/v2\/posts\/1847\/revisions"}],"predecessor-version":[{"id":3566,"href":"https:\/\/memoriacesib.es\/2023\/wp-json\/wp\/v2\/posts\/1847\/revisions\/3566"}],"wp:featuredmedia":[{"embeddable":true,"href":"https:\/\/memoriacesib.es\/2023\/wp-json\/wp\/v2\/media\/1848"}],"wp:attachment":[{"href":"https:\/\/memoriacesib.es\/2023\/wp-json\/wp\/v2\/media?parent=1847"}],"wp:term":[{"taxonomy":"category","embeddable":true,"href":"https:\/\/memoriacesib.es\/2023\/wp-json\/wp\/v2\/categories?post=1847"},{"taxonomy":"post_tag","embeddable":true,"href":"https:\/\/memoriacesib.es\/2023\/wp-json\/wp\/v2\/tags?post=1847"}],"curies":[{"name":"wp","href":"https:\/\/api.w.org\/{rel}","templated":true}]}}