{"id":1969,"date":"2023-08-13T06:53:06","date_gmt":"2023-08-13T06:53:06","guid":{"rendered":"http:\/\/memoriacesib.es\/2023\/?p=1969"},"modified":"2024-08-28T08:25:12","modified_gmt":"2024-08-28T08:25:12","slug":"3-politiques-actives-docupacio","status":"publish","type":"post","link":"https:\/\/memoriacesib.es\/2023\/3-politiques-actives-docupacio\/","title":{"rendered":"3. Pol\u00edtiques actives d\u2019ocupaci\u00f3"},"content":{"rendered":"\t\t<div data-elementor-type=\"wp-post\" data-elementor-id=\"1969\" class=\"elementor elementor-1969\" data-elementor-post-type=\"post\">\n\t\t\t\t\t\t<section class=\"elementor-section elementor-top-section elementor-element elementor-element-17b1bbe7 elementor-section-boxed elementor-section-height-default elementor-section-height-default\" data-id=\"17b1bbe7\" data-element_type=\"section\" data-e-type=\"section\">\n\t\t\t\t\t\t<div class=\"elementor-container elementor-column-gap-default\">\n\t\t\t\t\t<div class=\"elementor-column elementor-col-100 elementor-top-column elementor-element elementor-element-9b083b7\" data-id=\"9b083b7\" data-element_type=\"column\" data-e-type=\"column\">\n\t\t\t<div class=\"elementor-widget-wrap elementor-element-populated\">\n\t\t\t\t\t\t<div class=\"elementor-element elementor-element-6308db67 elementor-widget elementor-widget-heading\" data-id=\"6308db67\" data-element_type=\"widget\" data-e-type=\"widget\" data-widget_type=\"heading.default\">\n\t\t\t\t<div class=\"elementor-widget-container\">\n\t\t\t\t\t<h1 class=\"elementor-heading-title elementor-size-default\">3. Pol\u00edtiques actives d\u2019ocupaci\u00f3<\/h1>\t\t\t\t<\/div>\n\t\t\t\t<\/div>\n\t\t\t\t<div class=\"elementor-element elementor-element-2055cac6 elementor-icon-list--layout-inline elementor-align-end elementor-list-item-link-full_width elementor-widget elementor-widget-icon-list\" data-id=\"2055cac6\" data-element_type=\"widget\" data-e-type=\"widget\" data-widget_type=\"icon-list.default\">\n\t\t\t\t<div class=\"elementor-widget-container\">\n\t\t\t\t\t\t\t<ul class=\"elementor-icon-list-items elementor-inline-items\">\n\t\t\t\t\t\t\t<li class=\"elementor-icon-list-item elementor-inline-item\">\n\t\t\t\t\t\t\t\t\t\t<span class=\"elementor-icon-list-text\">Ant\u00f2nia Puiggr\u00f2s Rebassa<\/span>\n\t\t\t\t\t\t\t\t\t<\/li>\n\t\t\t\t\t\t\t\t<li class=\"elementor-icon-list-item elementor-inline-item\">\n\t\t\t\t\t\t\t\t\t\t<span class=\"elementor-icon-list-text\">Ana\u00efs Herr\u00f3n Museur<\/span>\n\t\t\t\t\t\t\t\t\t<\/li>\n\t\t\t\t\t\t<\/ul>\n\t\t\t\t\t\t<\/div>\n\t\t\t\t<\/div>\n\t\t\t\t<div class=\"elementor-element elementor-element-526d28bb elementor-align-right elementor-widget elementor-widget-button\" data-id=\"526d28bb\" data-element_type=\"widget\" data-e-type=\"widget\" data-widget_type=\"button.default\">\n\t\t\t\t<div class=\"elementor-widget-container\">\n\t\t\t\t\t\t\t\t\t<div class=\"elementor-button-wrapper\">\n\t\t\t\t\t<a class=\"elementor-button elementor-button-link elementor-size-xs\" href=\"https:\/\/memoriacesib.es\/2023\/wp-content\/uploads\/2024\/08\/CAP-II_3.pdf\" target=\"_blank\">\n\t\t\t\t\t\t<span class=\"elementor-button-content-wrapper\">\n\t\t\t\t\t\t<span class=\"elementor-button-icon\">\n\t\t\t\t<i aria-hidden=\"true\" class=\"fas fa-file-pdf\"><\/i>\t\t\t<\/span>\n\t\t\t\t\t\t\t\t\t<span class=\"elementor-button-text\">Descarregar CAP II. 3. Pol\u00edtiques actives d\u2019ocupaci\u00f3<\/span>\n\t\t\t\t\t<\/span>\n\t\t\t\t\t<\/a>\n\t\t\t\t<\/div>\n\t\t\t\t\t\t\t\t<\/div>\n\t\t\t\t<\/div>\n\t\t\t\t<div class=\"elementor-element elementor-element-2109857a elementor-widget-divider--view-line elementor-widget elementor-widget-divider\" data-id=\"2109857a\" data-element_type=\"widget\" data-e-type=\"widget\" data-widget_type=\"divider.default\">\n\t\t\t\t<div class=\"elementor-widget-container\">\n\t\t\t\t\t\t\t<div class=\"elementor-divider\">\n\t\t\t<span class=\"elementor-divider-separator\">\n\t\t\t\t\t\t<\/span>\n\t\t<\/div>\n\t\t\t\t\t\t<\/div>\n\t\t\t\t<\/div>\n\t\t\t\t\t<\/div>\n\t\t<\/div>\n\t\t\t\t\t<\/div>\n\t\t<\/section>\n\t\t\t\t<section class=\"elementor-section elementor-top-section elementor-element elementor-element-32ca143c elementor-section-boxed elementor-section-height-default elementor-section-height-default\" data-id=\"32ca143c\" data-element_type=\"section\" data-e-type=\"section\">\n\t\t\t\t\t\t<div class=\"elementor-container elementor-column-gap-default\">\n\t\t\t\t\t<div class=\"elementor-column elementor-col-100 elementor-top-column elementor-element elementor-element-2ea5a212\" data-id=\"2ea5a212\" data-element_type=\"column\" data-e-type=\"column\">\n\t\t\t<div class=\"elementor-widget-wrap elementor-element-populated\">\n\t\t\t\t\t\t<div class=\"elementor-element elementor-element-417070f4 elementor-widget elementor-widget-text-editor\" data-id=\"417070f4\" data-element_type=\"widget\" data-e-type=\"widget\" data-widget_type=\"text-editor.default\">\n\t\t\t\t<div class=\"elementor-widget-container\">\n\t\t\t\t\t\t\t\t\t<p class=\"p1\">L\u2019any 2023 el nombre de persones ocupades i desocupades fins i tot \u00e9s molt m\u00e9s favorable que el del 2019, de manera que les Illes Balears s\u2019han situat en un escenari clarament postpand\u00e8mic. De manera paral\u00b7lela, la reforma laboral ja est\u00e0 tenint un fort impacte en el nivell de precarietat laboral, amb la qual cosa s\u2019han redu\u00eft a un ter\u00e7 les taxes de temporalitat i parcialitat d\u2019abans de la reforma.<\/p>\n<p class=\"p1\">Les pol\u00edtiques actives d\u2019ocupaci\u00f3 inclouen un conjunt de programes i d\u2019actuacions adre\u00e7ats a facilitar l\u2019acc\u00e9s al mercat de treball dels aturats i a millorar la situaci\u00f3 laboral de les persones ocupades mitjan\u00e7ant accions de millora de l\u2019ocupabilitat i de la intermediaci\u00f3. En gran part, estan condicionades pel marc estrat\u00e8gic i normatiu que en l\u2019\u00e0mbit estatal conformen la Llei d\u2019ocupaci\u00f3, l\u2019Estrat\u00e8gia espanyola de suport actiu per a l\u2019ocupaci\u00f3 2021-2024, el Pla Anual de Foment de l\u2019Ocupaci\u00f3 Digna 2023 i nivell auton\u00f2mic el Pla d\u2019Ocupaci\u00f3 de Qualitat de les Illes Balears 2022-2025 <a href=\"https:\/\/memoriacesib.es\/2023\/3-politiques-actives-docupacio\/#4\"><span style=\"color: #01a1df;\">(4)<\/span><\/a> i el Pla Integral de Formaci\u00f3 Professional 2022-2025.<span class=\"Apple-converted-space\">\u00a0<\/span><\/p>\n<p class=\"p1\">Les pol\u00edtiques actives d\u2019ocupaci\u00f3 que ha desenvolupat la Conselleria d\u2019Empresa, Ocupaci\u00f3 i Energia i, especialment el Servei d\u2019Ocupaci\u00f3 de les Illes Balears (SOIB), han estat marcades per la inversi\u00f3 feta a les diverses l\u00ednies d\u2019actuaci\u00f3:<\/p>\n<p class=\"p1\">1) Orientaci\u00f3 i intermediaci\u00f3 professional.<\/p>\n<p class=\"p1\">2) Formaci\u00f3 i qualificaci\u00f3 dels treballadors.<\/p>\n<p class=\"p1\">3) Foment de l\u2019ocupaci\u00f3 i igualtat d\u2019oportunitats.<\/p>\n<p class=\"p1\">4) Emprenedoria i desenvolupament econ\u00f2mic local.<\/p>\n<p class=\"p1\">L\u2019increment de recursos provinents de les diferents confer\u00e8ncies sectorials, aix\u00ed com els fons europeus d\u2019ocupaci\u00f3, al mateix temps que la poblaci\u00f3 en situaci\u00f3 d\u2019atur es mostra en clara davallada, han perm\u00e8s que la inversi\u00f3 per aturat se situ\u00ef en els 4.876,30 euros.<\/p>\n<p class=\"p1\">Pel que fa a l\u2019origen d\u2019aquest pressupost, a part dels fons propis, cal destacar les transfer\u00e8ncies finalistes de la distribuci\u00f3 territorial que fa l\u2019Estat de les confer\u00e8ncies sectorial d\u2019ocupaci\u00f3 i educaci\u00f3 (70,1 milions d\u2019euros), el FSE+, m\u00e9s el Programa de Garantia Juvenil (23,1 milions d\u2019euros), el fons MRR (5,1 milions d\u2019euros) i la resta de fons (14 milions d\u2019euros).<span class=\"Apple-converted-space\">\u00a0<\/span><\/p>\n<p class=\"p1\"><span class=\"s2\" <p style=\"font-weight: 400;\"><span style=\"color: #8f9da4; font-size: 25px;\"><b><i>La inversi\u00f3 per aturat \u00e9s un 115\u2009% superior a la de 2019<\/i><\/b><\/span><\/p>\n<p class=\"p1\">La distribuci\u00f3 d\u2019actuacions per tipus de programes mostra que un 56\u2009% del total d\u2019accions dutes a terme l\u2019any 2023 (342.704) han estat lligades a l\u2019orientaci\u00f3 laboral, mentre que la formaci\u00f3 professional organitzada pel SOIB ha tingut 39.927 participants (6,5\u2009% del total). S\u2019han dut a terme 3.127 accions de foment i creaci\u00f3 de l\u2019ocupaci\u00f3 (0,5\u2009% del total) i actuacions de promoci\u00f3 empresarial i suport a l\u2019emprenedoria, 2.150 accions (0,4\u2009% del total). D\u2019altra banda, les actuacions d\u2019intermediaci\u00f3 laboral, tot i suposar un 36,6\u2009% del total d\u2019accions dutes a terme (223.666), han estat lligades a l\u2019orientaci\u00f3 laboral.<\/p>\n<p class=\"p1\">Resultats cabdals: la millora de les condicions laborals, la capacitat de formaci\u00f3 de les persones i la intermediaci\u00f3 laboral per a una millora de la qualitat de l\u2019ocupaci\u00f3.<span class=\"Apple-converted-space\">\u00a0<\/span><\/p>\t\t\t\t\t\t\t\t<\/div>\n\t\t\t\t<\/div>\n\t\t\t\t<div class=\"elementor-element elementor-element-6420d11 elementor-widget-divider--view-line elementor-widget elementor-widget-divider\" data-id=\"6420d11\" data-element_type=\"widget\" data-e-type=\"widget\" data-widget_type=\"divider.default\">\n\t\t\t\t<div class=\"elementor-widget-container\">\n\t\t\t\t\t\t\t<div class=\"elementor-divider\">\n\t\t\t<span class=\"elementor-divider-separator\">\n\t\t\t\t\t\t<\/span>\n\t\t<\/div>\n\t\t\t\t\t\t<\/div>\n\t\t\t\t<\/div>\n\t\t\t\t<div class=\"elementor-element elementor-element-d5f2c5c elementor-icon-list--layout-traditional elementor-list-item-link-full_width elementor-widget elementor-widget-icon-list\" data-id=\"d5f2c5c\" data-element_type=\"widget\" data-e-type=\"widget\" id=\"4\" data-widget_type=\"icon-list.default\">\n\t\t\t\t<div class=\"elementor-widget-container\">\n\t\t\t\t\t\t\t<ul class=\"elementor-icon-list-items\">\n\t\t\t\t\t\t\t<li class=\"elementor-icon-list-item\">\n\t\t\t\t\t\t\t\t\t\t\t<a href=\"https:\/\/soib.es\/wp-content\/uploads\/2022\/05\/Pla-dOcupacio-de-Qualitat-de-les-Illes-Balears-2022-2025-def.pdf\" target=\"_blank\">\n\n\t\t\t\t\t\t\t\t\t\t\t<span class=\"elementor-icon-list-text\">4.  Govern de les Illes Balears (2022). Pla d\u2019Ocupaci\u00f3 de Qualitat de les Illes Balears (2022-2025). <\/span>\n\t\t\t\t\t\t\t\t\t\t\t<\/a>\n\t\t\t\t\t\t\t\t\t<\/li>\n\t\t\t\t\t\t<\/ul>\n\t\t\t\t\t\t<\/div>\n\t\t\t\t<\/div>\n\t\t\t\t\t<\/div>\n\t\t<\/div>\n\t\t\t\t\t<\/div>\n\t\t<\/section>\n\t\t\t\t<\/div>\n\t\t","protected":false},"excerpt":{"rendered":"<p>3. Pol\u00edtiques actives d\u2019ocupaci\u00f3 Ant\u00f2nia Puiggr\u00f2s Rebassa Ana\u00efs Herr\u00f3n Museur Descarregar CAP II. 3. Pol\u00edtiques actives d\u2019ocupaci\u00f3 L\u2019any 2023 el nombre de persones ocupades i desocupades fins i tot \u00e9s molt m\u00e9s favorable que el del 2019, de manera que les Illes Balears s\u2019han situat en un escenari clarament postpand\u00e8mic. De manera paral\u00b7lela, la reforma [&hellip;]<\/p>\n","protected":false},"author":1,"featured_media":1970,"comment_status":"open","ping_status":"open","sticky":false,"template":"","format":"standard","meta":{"footnotes":""},"categories":[5],"tags":[],"class_list":["post-1969","post","type-post","status-publish","format-standard","has-post-thumbnail","hentry","category-capitolii"],"yoast_head":"<!-- This site is optimized with the Yoast SEO plugin v27.3 - https:\/\/yoast.com\/product\/yoast-seo-wordpress\/ -->\n<title>3. Pol\u00edtiques actives d\u2019ocupaci\u00f3 - Memoria CES 2023<\/title>\n<meta name=\"robots\" content=\"index, follow, max-snippet:-1, max-image-preview:large, max-video-preview:-1\" \/>\n<link rel=\"canonical\" href=\"https:\/\/memoriacesib.es\/2023\/3-politiques-actives-docupacio\/\" \/>\n<meta property=\"og:locale\" content=\"es_ES\" \/>\n<meta property=\"og:type\" content=\"article\" \/>\n<meta property=\"og:title\" content=\"3. Pol\u00edtiques actives d\u2019ocupaci\u00f3 - Memoria CES 2023\" \/>\n<meta property=\"og:description\" content=\"3. Pol\u00edtiques actives d\u2019ocupaci\u00f3 Ant\u00f2nia Puiggr\u00f2s Rebassa Ana\u00efs Herr\u00f3n Museur Descarregar CAP II. 3. Pol\u00edtiques actives d\u2019ocupaci\u00f3 L\u2019any 2023 el nombre de persones ocupades i desocupades fins i tot \u00e9s molt m\u00e9s favorable que el del 2019, de manera que les Illes Balears s\u2019han situat en un escenari clarament postpand\u00e8mic. De manera paral\u00b7lela, la reforma [&hellip;]\" \/>\n<meta property=\"og:url\" content=\"https:\/\/memoriacesib.es\/2023\/3-politiques-actives-docupacio\/\" \/>\n<meta property=\"og:site_name\" content=\"Memoria CES 2023\" \/>\n<meta property=\"article:publisher\" content=\"https:\/\/www.facebook.com\/cesillesbalears\" \/>\n<meta property=\"article:published_time\" content=\"2023-08-13T06:53:06+00:00\" \/>\n<meta property=\"article:modified_time\" content=\"2024-08-28T08:25:12+00:00\" \/>\n<meta property=\"og:image\" content=\"https:\/\/memoriacesib.es\/2023\/wp-content\/uploads\/2023\/08\/Politicas.jpg\" \/>\n\t<meta property=\"og:image:width\" content=\"768\" \/>\n\t<meta property=\"og:image:height\" content=\"768\" \/>\n\t<meta property=\"og:image:type\" content=\"image\/jpeg\" \/>\n<meta name=\"author\" content=\"admin\" \/>\n<meta name=\"twitter:card\" content=\"summary_large_image\" \/>\n<meta name=\"twitter:creator\" content=\"@ces_ib\" \/>\n<meta name=\"twitter:site\" content=\"@ces_ib\" \/>\n<meta name=\"twitter:label1\" content=\"Escrito por\" \/>\n\t<meta name=\"twitter:data1\" content=\"admin\" \/>\n\t<meta name=\"twitter:label2\" content=\"Tiempo de lectura\" \/>\n\t<meta name=\"twitter:data2\" content=\"3 minutos\" \/>\n<script type=\"application\/ld+json\" class=\"yoast-schema-graph\">{\"@context\":\"https:\\\/\\\/schema.org\",\"@graph\":[{\"@type\":\"Article\",\"@id\":\"https:\\\/\\\/memoriacesib.es\\\/2023\\\/3-politiques-actives-docupacio\\\/#article\",\"isPartOf\":{\"@id\":\"https:\\\/\\\/memoriacesib.es\\\/2023\\\/3-politiques-actives-docupacio\\\/\"},\"author\":{\"name\":\"admin\",\"@id\":\"https:\\\/\\\/memoriacesib.es\\\/2023\\\/#\\\/schema\\\/person\\\/2936f44710febf12ed5d851c6aa74117\"},\"headline\":\"3. Pol\u00edtiques actives d\u2019ocupaci\u00f3\",\"datePublished\":\"2023-08-13T06:53:06+00:00\",\"dateModified\":\"2024-08-28T08:25:12+00:00\",\"mainEntityOfPage\":{\"@id\":\"https:\\\/\\\/memoriacesib.es\\\/2023\\\/3-politiques-actives-docupacio\\\/\"},\"wordCount\":542,\"commentCount\":0,\"publisher\":{\"@id\":\"https:\\\/\\\/memoriacesib.es\\\/2023\\\/#organization\"},\"image\":{\"@id\":\"https:\\\/\\\/memoriacesib.es\\\/2023\\\/3-politiques-actives-docupacio\\\/#primaryimage\"},\"thumbnailUrl\":\"https:\\\/\\\/memoriacesib.es\\\/2023\\\/wp-content\\\/uploads\\\/2023\\\/08\\\/Politicas.jpg\",\"articleSection\":[\"Cap\u00edtol II\"],\"inLanguage\":\"es\",\"potentialAction\":[{\"@type\":\"CommentAction\",\"name\":\"Comment\",\"target\":[\"https:\\\/\\\/memoriacesib.es\\\/2023\\\/3-politiques-actives-docupacio\\\/#respond\"]}]},{\"@type\":\"WebPage\",\"@id\":\"https:\\\/\\\/memoriacesib.es\\\/2023\\\/3-politiques-actives-docupacio\\\/\",\"url\":\"https:\\\/\\\/memoriacesib.es\\\/2023\\\/3-politiques-actives-docupacio\\\/\",\"name\":\"3. Pol\u00edtiques actives d\u2019ocupaci\u00f3 - Memoria CES 2023\",\"isPartOf\":{\"@id\":\"https:\\\/\\\/memoriacesib.es\\\/2023\\\/#website\"},\"primaryImageOfPage\":{\"@id\":\"https:\\\/\\\/memoriacesib.es\\\/2023\\\/3-politiques-actives-docupacio\\\/#primaryimage\"},\"image\":{\"@id\":\"https:\\\/\\\/memoriacesib.es\\\/2023\\\/3-politiques-actives-docupacio\\\/#primaryimage\"},\"thumbnailUrl\":\"https:\\\/\\\/memoriacesib.es\\\/2023\\\/wp-content\\\/uploads\\\/2023\\\/08\\\/Politicas.jpg\",\"datePublished\":\"2023-08-13T06:53:06+00:00\",\"dateModified\":\"2024-08-28T08:25:12+00:00\",\"breadcrumb\":{\"@id\":\"https:\\\/\\\/memoriacesib.es\\\/2023\\\/3-politiques-actives-docupacio\\\/#breadcrumb\"},\"inLanguage\":\"es\",\"potentialAction\":[{\"@type\":\"ReadAction\",\"target\":[\"https:\\\/\\\/memoriacesib.es\\\/2023\\\/3-politiques-actives-docupacio\\\/\"]}]},{\"@type\":\"ImageObject\",\"inLanguage\":\"es\",\"@id\":\"https:\\\/\\\/memoriacesib.es\\\/2023\\\/3-politiques-actives-docupacio\\\/#primaryimage\",\"url\":\"https:\\\/\\\/memoriacesib.es\\\/2023\\\/wp-content\\\/uploads\\\/2023\\\/08\\\/Politicas.jpg\",\"contentUrl\":\"https:\\\/\\\/memoriacesib.es\\\/2023\\\/wp-content\\\/uploads\\\/2023\\\/08\\\/Politicas.jpg\",\"width\":768,\"height\":768},{\"@type\":\"BreadcrumbList\",\"@id\":\"https:\\\/\\\/memoriacesib.es\\\/2023\\\/3-politiques-actives-docupacio\\\/#breadcrumb\",\"itemListElement\":[{\"@type\":\"ListItem\",\"position\":1,\"name\":\"Portada\",\"item\":\"https:\\\/\\\/memoriacesib.es\\\/2023\\\/\"},{\"@type\":\"ListItem\",\"position\":2,\"name\":\"3. Pol\u00edtiques actives d\u2019ocupaci\u00f3\"}]},{\"@type\":\"WebSite\",\"@id\":\"https:\\\/\\\/memoriacesib.es\\\/2023\\\/#website\",\"url\":\"https:\\\/\\\/memoriacesib.es\\\/2023\\\/\",\"name\":\"Memoria CES 2023\",\"description\":\"Memoria CES 2023\",\"publisher\":{\"@id\":\"https:\\\/\\\/memoriacesib.es\\\/2023\\\/#organization\"},\"potentialAction\":[{\"@type\":\"SearchAction\",\"target\":{\"@type\":\"EntryPoint\",\"urlTemplate\":\"https:\\\/\\\/memoriacesib.es\\\/2023\\\/?s={search_term_string}\"},\"query-input\":{\"@type\":\"PropertyValueSpecification\",\"valueRequired\":true,\"valueName\":\"search_term_string\"}}],\"inLanguage\":\"es\"},{\"@type\":\"Organization\",\"@id\":\"https:\\\/\\\/memoriacesib.es\\\/2023\\\/#organization\",\"name\":\"Consell Economic i Social de les Illes Balears (CES)\",\"url\":\"https:\\\/\\\/memoriacesib.es\\\/2023\\\/\",\"logo\":{\"@type\":\"ImageObject\",\"inLanguage\":\"es\",\"@id\":\"https:\\\/\\\/memoriacesib.es\\\/2023\\\/#\\\/schema\\\/logo\\\/image\\\/\",\"url\":\"https:\\\/\\\/memoriacesib.es\\\/2023\\\/wp-content\\\/uploads\\\/2023\\\/06\\\/Logo-Memoria-Ces-2023.png\",\"contentUrl\":\"https:\\\/\\\/memoriacesib.es\\\/2023\\\/wp-content\\\/uploads\\\/2023\\\/06\\\/Logo-Memoria-Ces-2023.png\",\"width\":800,\"height\":195,\"caption\":\"Consell Economic i Social de les Illes Balears (CES)\"},\"image\":{\"@id\":\"https:\\\/\\\/memoriacesib.es\\\/2023\\\/#\\\/schema\\\/logo\\\/image\\\/\"},\"sameAs\":[\"https:\\\/\\\/www.facebook.com\\\/cesillesbalears\",\"https:\\\/\\\/x.com\\\/ces_ib\",\"https:\\\/\\\/www.youtube.com\\\/channel\\\/UCrEmO9wh7KlUaQ9dWzvYrVg\"]},{\"@type\":\"Person\",\"@id\":\"https:\\\/\\\/memoriacesib.es\\\/2023\\\/#\\\/schema\\\/person\\\/2936f44710febf12ed5d851c6aa74117\",\"name\":\"admin\",\"image\":{\"@type\":\"ImageObject\",\"inLanguage\":\"es\",\"@id\":\"https:\\\/\\\/secure.gravatar.com\\\/avatar\\\/42a3717e1ac37e7f2d90262c48d11756024e6ed18ebaae3567f6c00866abe5f2?s=96&d=mm&r=g\",\"url\":\"https:\\\/\\\/secure.gravatar.com\\\/avatar\\\/42a3717e1ac37e7f2d90262c48d11756024e6ed18ebaae3567f6c00866abe5f2?s=96&d=mm&r=g\",\"contentUrl\":\"https:\\\/\\\/secure.gravatar.com\\\/avatar\\\/42a3717e1ac37e7f2d90262c48d11756024e6ed18ebaae3567f6c00866abe5f2?s=96&d=mm&r=g\",\"caption\":\"admin\"},\"sameAs\":[\"http:\\\/\\\/memoriacesib.es\\\/2023\"],\"url\":\"https:\\\/\\\/memoriacesib.es\\\/2023\\\/author\\\/admin\\\/\"}]}<\/script>\n<!-- \/ Yoast SEO plugin. -->","yoast_head_json":{"title":"3. Pol\u00edtiques actives d\u2019ocupaci\u00f3 - Memoria CES 2023","robots":{"index":"index","follow":"follow","max-snippet":"max-snippet:-1","max-image-preview":"max-image-preview:large","max-video-preview":"max-video-preview:-1"},"canonical":"https:\/\/memoriacesib.es\/2023\/3-politiques-actives-docupacio\/","og_locale":"es_ES","og_type":"article","og_title":"3. Pol\u00edtiques actives d\u2019ocupaci\u00f3 - Memoria CES 2023","og_description":"3. Pol\u00edtiques actives d\u2019ocupaci\u00f3 Ant\u00f2nia Puiggr\u00f2s Rebassa Ana\u00efs Herr\u00f3n Museur Descarregar CAP II. 3. Pol\u00edtiques actives d\u2019ocupaci\u00f3 L\u2019any 2023 el nombre de persones ocupades i desocupades fins i tot \u00e9s molt m\u00e9s favorable que el del 2019, de manera que les Illes Balears s\u2019han situat en un escenari clarament postpand\u00e8mic. De manera paral\u00b7lela, la reforma [&hellip;]","og_url":"https:\/\/memoriacesib.es\/2023\/3-politiques-actives-docupacio\/","og_site_name":"Memoria CES 2023","article_publisher":"https:\/\/www.facebook.com\/cesillesbalears","article_published_time":"2023-08-13T06:53:06+00:00","article_modified_time":"2024-08-28T08:25:12+00:00","og_image":[{"width":768,"height":768,"url":"https:\/\/memoriacesib.es\/2023\/wp-content\/uploads\/2023\/08\/Politicas.jpg","type":"image\/jpeg"}],"author":"admin","twitter_card":"summary_large_image","twitter_creator":"@ces_ib","twitter_site":"@ces_ib","twitter_misc":{"Escrito por":"admin","Tiempo de lectura":"3 minutos"},"schema":{"@context":"https:\/\/schema.org","@graph":[{"@type":"Article","@id":"https:\/\/memoriacesib.es\/2023\/3-politiques-actives-docupacio\/#article","isPartOf":{"@id":"https:\/\/memoriacesib.es\/2023\/3-politiques-actives-docupacio\/"},"author":{"name":"admin","@id":"https:\/\/memoriacesib.es\/2023\/#\/schema\/person\/2936f44710febf12ed5d851c6aa74117"},"headline":"3. Pol\u00edtiques actives d\u2019ocupaci\u00f3","datePublished":"2023-08-13T06:53:06+00:00","dateModified":"2024-08-28T08:25:12+00:00","mainEntityOfPage":{"@id":"https:\/\/memoriacesib.es\/2023\/3-politiques-actives-docupacio\/"},"wordCount":542,"commentCount":0,"publisher":{"@id":"https:\/\/memoriacesib.es\/2023\/#organization"},"image":{"@id":"https:\/\/memoriacesib.es\/2023\/3-politiques-actives-docupacio\/#primaryimage"},"thumbnailUrl":"https:\/\/memoriacesib.es\/2023\/wp-content\/uploads\/2023\/08\/Politicas.jpg","articleSection":["Cap\u00edtol II"],"inLanguage":"es","potentialAction":[{"@type":"CommentAction","name":"Comment","target":["https:\/\/memoriacesib.es\/2023\/3-politiques-actives-docupacio\/#respond"]}]},{"@type":"WebPage","@id":"https:\/\/memoriacesib.es\/2023\/3-politiques-actives-docupacio\/","url":"https:\/\/memoriacesib.es\/2023\/3-politiques-actives-docupacio\/","name":"3. Pol\u00edtiques actives d\u2019ocupaci\u00f3 - Memoria CES 2023","isPartOf":{"@id":"https:\/\/memoriacesib.es\/2023\/#website"},"primaryImageOfPage":{"@id":"https:\/\/memoriacesib.es\/2023\/3-politiques-actives-docupacio\/#primaryimage"},"image":{"@id":"https:\/\/memoriacesib.es\/2023\/3-politiques-actives-docupacio\/#primaryimage"},"thumbnailUrl":"https:\/\/memoriacesib.es\/2023\/wp-content\/uploads\/2023\/08\/Politicas.jpg","datePublished":"2023-08-13T06:53:06+00:00","dateModified":"2024-08-28T08:25:12+00:00","breadcrumb":{"@id":"https:\/\/memoriacesib.es\/2023\/3-politiques-actives-docupacio\/#breadcrumb"},"inLanguage":"es","potentialAction":[{"@type":"ReadAction","target":["https:\/\/memoriacesib.es\/2023\/3-politiques-actives-docupacio\/"]}]},{"@type":"ImageObject","inLanguage":"es","@id":"https:\/\/memoriacesib.es\/2023\/3-politiques-actives-docupacio\/#primaryimage","url":"https:\/\/memoriacesib.es\/2023\/wp-content\/uploads\/2023\/08\/Politicas.jpg","contentUrl":"https:\/\/memoriacesib.es\/2023\/wp-content\/uploads\/2023\/08\/Politicas.jpg","width":768,"height":768},{"@type":"BreadcrumbList","@id":"https:\/\/memoriacesib.es\/2023\/3-politiques-actives-docupacio\/#breadcrumb","itemListElement":[{"@type":"ListItem","position":1,"name":"Portada","item":"https:\/\/memoriacesib.es\/2023\/"},{"@type":"ListItem","position":2,"name":"3. Pol\u00edtiques actives d\u2019ocupaci\u00f3"}]},{"@type":"WebSite","@id":"https:\/\/memoriacesib.es\/2023\/#website","url":"https:\/\/memoriacesib.es\/2023\/","name":"Memoria CES 2023","description":"Memoria CES 2023","publisher":{"@id":"https:\/\/memoriacesib.es\/2023\/#organization"},"potentialAction":[{"@type":"SearchAction","target":{"@type":"EntryPoint","urlTemplate":"https:\/\/memoriacesib.es\/2023\/?s={search_term_string}"},"query-input":{"@type":"PropertyValueSpecification","valueRequired":true,"valueName":"search_term_string"}}],"inLanguage":"es"},{"@type":"Organization","@id":"https:\/\/memoriacesib.es\/2023\/#organization","name":"Consell Economic i Social de les Illes Balears (CES)","url":"https:\/\/memoriacesib.es\/2023\/","logo":{"@type":"ImageObject","inLanguage":"es","@id":"https:\/\/memoriacesib.es\/2023\/#\/schema\/logo\/image\/","url":"https:\/\/memoriacesib.es\/2023\/wp-content\/uploads\/2023\/06\/Logo-Memoria-Ces-2023.png","contentUrl":"https:\/\/memoriacesib.es\/2023\/wp-content\/uploads\/2023\/06\/Logo-Memoria-Ces-2023.png","width":800,"height":195,"caption":"Consell Economic i Social de les Illes Balears (CES)"},"image":{"@id":"https:\/\/memoriacesib.es\/2023\/#\/schema\/logo\/image\/"},"sameAs":["https:\/\/www.facebook.com\/cesillesbalears","https:\/\/x.com\/ces_ib","https:\/\/www.youtube.com\/channel\/UCrEmO9wh7KlUaQ9dWzvYrVg"]},{"@type":"Person","@id":"https:\/\/memoriacesib.es\/2023\/#\/schema\/person\/2936f44710febf12ed5d851c6aa74117","name":"admin","image":{"@type":"ImageObject","inLanguage":"es","@id":"https:\/\/secure.gravatar.com\/avatar\/42a3717e1ac37e7f2d90262c48d11756024e6ed18ebaae3567f6c00866abe5f2?s=96&d=mm&r=g","url":"https:\/\/secure.gravatar.com\/avatar\/42a3717e1ac37e7f2d90262c48d11756024e6ed18ebaae3567f6c00866abe5f2?s=96&d=mm&r=g","contentUrl":"https:\/\/secure.gravatar.com\/avatar\/42a3717e1ac37e7f2d90262c48d11756024e6ed18ebaae3567f6c00866abe5f2?s=96&d=mm&r=g","caption":"admin"},"sameAs":["http:\/\/memoriacesib.es\/2023"],"url":"https:\/\/memoriacesib.es\/2023\/author\/admin\/"}]}},"_links":{"self":[{"href":"https:\/\/memoriacesib.es\/2023\/wp-json\/wp\/v2\/posts\/1969","targetHints":{"allow":["GET"]}}],"collection":[{"href":"https:\/\/memoriacesib.es\/2023\/wp-json\/wp\/v2\/posts"}],"about":[{"href":"https:\/\/memoriacesib.es\/2023\/wp-json\/wp\/v2\/types\/post"}],"author":[{"embeddable":true,"href":"https:\/\/memoriacesib.es\/2023\/wp-json\/wp\/v2\/users\/1"}],"replies":[{"embeddable":true,"href":"https:\/\/memoriacesib.es\/2023\/wp-json\/wp\/v2\/comments?post=1969"}],"version-history":[{"count":52,"href":"https:\/\/memoriacesib.es\/2023\/wp-json\/wp\/v2\/posts\/1969\/revisions"}],"predecessor-version":[{"id":3575,"href":"https:\/\/memoriacesib.es\/2023\/wp-json\/wp\/v2\/posts\/1969\/revisions\/3575"}],"wp:featuredmedia":[{"embeddable":true,"href":"https:\/\/memoriacesib.es\/2023\/wp-json\/wp\/v2\/media\/1970"}],"wp:attachment":[{"href":"https:\/\/memoriacesib.es\/2023\/wp-json\/wp\/v2\/media?parent=1969"}],"wp:term":[{"taxonomy":"category","embeddable":true,"href":"https:\/\/memoriacesib.es\/2023\/wp-json\/wp\/v2\/categories?post=1969"},{"taxonomy":"post_tag","embeddable":true,"href":"https:\/\/memoriacesib.es\/2023\/wp-json\/wp\/v2\/tags?post=1969"}],"curies":[{"name":"wp","href":"https:\/\/api.w.org\/{rel}","templated":true}]}}