{"id":2012,"date":"2023-08-13T07:10:58","date_gmt":"2023-08-13T07:10:58","guid":{"rendered":"http:\/\/memoriacesib.es\/2023\/?p=2012"},"modified":"2024-08-28T08:25:29","modified_gmt":"2024-08-28T08:25:29","slug":"4-les-relacions-laborals-a-les-illes-balears","status":"publish","type":"post","link":"https:\/\/memoriacesib.es\/2023\/4-les-relacions-laborals-a-les-illes-balears\/","title":{"rendered":"4. Les relacions laborals a les Illes Balears"},"content":{"rendered":"\t\t<div data-elementor-type=\"wp-post\" data-elementor-id=\"2012\" class=\"elementor elementor-2012\" data-elementor-post-type=\"post\">\n\t\t\t\t\t\t<section class=\"elementor-section elementor-top-section elementor-element elementor-element-680d8b elementor-section-boxed elementor-section-height-default elementor-section-height-default\" data-id=\"680d8b\" data-element_type=\"section\" data-e-type=\"section\">\n\t\t\t\t\t\t<div class=\"elementor-container elementor-column-gap-default\">\n\t\t\t\t\t<div class=\"elementor-column elementor-col-100 elementor-top-column elementor-element elementor-element-3eeeb29d\" data-id=\"3eeeb29d\" data-element_type=\"column\" data-e-type=\"column\">\n\t\t\t<div class=\"elementor-widget-wrap elementor-element-populated\">\n\t\t\t\t\t\t<div class=\"elementor-element elementor-element-55bcb976 elementor-widget elementor-widget-heading\" data-id=\"55bcb976\" data-element_type=\"widget\" data-e-type=\"widget\" data-widget_type=\"heading.default\">\n\t\t\t\t<div class=\"elementor-widget-container\">\n\t\t\t\t\t<h1 class=\"elementor-heading-title elementor-size-default\">4. Les relacions laborals a les Illes Balears<\/h1>\t\t\t\t<\/div>\n\t\t\t\t<\/div>\n\t\t\t\t<div class=\"elementor-element elementor-element-18f1c5be elementor-icon-list--layout-inline elementor-align-end elementor-list-item-link-full_width elementor-widget elementor-widget-icon-list\" data-id=\"18f1c5be\" data-element_type=\"widget\" data-e-type=\"widget\" data-widget_type=\"icon-list.default\">\n\t\t\t\t<div class=\"elementor-widget-container\">\n\t\t\t\t\t\t\t<ul class=\"elementor-icon-list-items elementor-inline-items\">\n\t\t\t\t\t\t\t<li class=\"elementor-icon-list-item elementor-inline-item\">\n\t\t\t\t\t\t\t\t\t\t<span class=\"elementor-icon-list-text\">Magdalena Llompart Benn\u00e0ssar<\/span>\n\t\t\t\t\t\t\t\t\t<\/li>\n\t\t\t\t\t\t\t\t<li class=\"elementor-icon-list-item elementor-inline-item\">\n\t\t\t\t\t\t\t\t\t\t<span class=\"elementor-icon-list-text\">Maria del Mar Cresp\u00ed Ferriol<\/span>\n\t\t\t\t\t\t\t\t\t<\/li>\n\t\t\t\t\t\t<\/ul>\n\t\t\t\t\t\t<\/div>\n\t\t\t\t<\/div>\n\t\t\t\t<div class=\"elementor-element elementor-element-46b7df38 elementor-align-right elementor-widget elementor-widget-button\" data-id=\"46b7df38\" data-element_type=\"widget\" data-e-type=\"widget\" data-widget_type=\"button.default\">\n\t\t\t\t<div class=\"elementor-widget-container\">\n\t\t\t\t\t\t\t\t\t<div class=\"elementor-button-wrapper\">\n\t\t\t\t\t<a class=\"elementor-button elementor-button-link elementor-size-xs\" href=\"https:\/\/memoriacesib.es\/2023\/wp-content\/uploads\/2024\/08\/CAP-II_4.pdf\" target=\"_blank\">\n\t\t\t\t\t\t<span class=\"elementor-button-content-wrapper\">\n\t\t\t\t\t\t<span class=\"elementor-button-icon\">\n\t\t\t\t<i aria-hidden=\"true\" class=\"fas fa-file-pdf\"><\/i>\t\t\t<\/span>\n\t\t\t\t\t\t\t\t\t<span class=\"elementor-button-text\">Descarregar CAP II. 4. Les relacions laborals a les Illes Balears<\/span>\n\t\t\t\t\t<\/span>\n\t\t\t\t\t<\/a>\n\t\t\t\t<\/div>\n\t\t\t\t\t\t\t\t<\/div>\n\t\t\t\t<\/div>\n\t\t\t\t<div class=\"elementor-element elementor-element-2f14523b elementor-widget-divider--view-line elementor-widget elementor-widget-divider\" data-id=\"2f14523b\" data-element_type=\"widget\" data-e-type=\"widget\" data-widget_type=\"divider.default\">\n\t\t\t\t<div class=\"elementor-widget-container\">\n\t\t\t\t\t\t\t<div class=\"elementor-divider\">\n\t\t\t<span class=\"elementor-divider-separator\">\n\t\t\t\t\t\t<\/span>\n\t\t<\/div>\n\t\t\t\t\t\t<\/div>\n\t\t\t\t<\/div>\n\t\t\t\t\t<\/div>\n\t\t<\/div>\n\t\t\t\t\t<\/div>\n\t\t<\/section>\n\t\t\t\t<section class=\"elementor-section elementor-top-section elementor-element elementor-element-71892405 elementor-section-boxed elementor-section-height-default elementor-section-height-default\" data-id=\"71892405\" data-element_type=\"section\" data-e-type=\"section\">\n\t\t\t\t\t\t<div class=\"elementor-container elementor-column-gap-default\">\n\t\t\t\t\t<div class=\"elementor-column elementor-col-100 elementor-top-column elementor-element elementor-element-5b8bb9c7\" data-id=\"5b8bb9c7\" data-element_type=\"column\" data-e-type=\"column\">\n\t\t\t<div class=\"elementor-widget-wrap elementor-element-populated\">\n\t\t\t\t\t\t<div class=\"elementor-element elementor-element-5f3750a7 elementor-widget elementor-widget-text-editor\" data-id=\"5f3750a7\" data-element_type=\"widget\" data-e-type=\"widget\" data-widget_type=\"text-editor.default\">\n\t\t\t\t<div class=\"elementor-widget-container\">\n\t\t\t\t\t\t\t\t\t<p class=\"p1\">El 2023, l\u2019evoluci\u00f3 del marc normatiu europeu i nacional ha continuat influenciant les relacions laborals de la CAIBi destaquen diverses reformes legislatives en mat\u00e8ria d\u2019igualtat de g\u00e8nere i conciliaci\u00f3 de la vida personal, laboral i familiar. L\u2019adaptaci\u00f3 a noves formes de treball i l\u2019actuaci\u00f3 inspectora s\u2019han enfortit i han evidenciat un comprom\u00eds renovat amb el compliment de la legislaci\u00f3 laboral, que se centr\u00e0 principalment en el control de l\u2019ocupaci\u00f3 temporal.<\/p>\n<p class=\"p1\">La negociaci\u00f3 col\u00b7lectiva ha mostrat una vitalitat notable i, despr\u00e9s d\u2019un per\u00edode d\u2019estancament degut a la pand\u00e8mia, el 2023 mostra una clara reactivaci\u00f3 en l\u2019activitat negociadora. Els convenis col\u00b7lectius publicats el 2023 reflecteixen alguns dels primers efectes de la reforma laboral del 2021, que buscava reduir la temporalitat i enfortir la negociaci\u00f3 col\u00b7lectiva. Aix\u00ed i tot, no es preveuen mitjans diferents de l\u2019anunci p\u00fablic que garanteixin la transmissi\u00f3 d\u2019informaci\u00f3 sobre l\u2019exist\u00e8ncia de llocs de treball permanents vacants als quals puguin optar les persones amb contractes de durada determinada, ni es desenvolupa la regulaci\u00f3 del contracte de substituci\u00f3, ni els criteris de reducci\u00f3 de la temporalitat o, en poca mesura, la dels contractes temporals eventuals o dels contractes fixos discontinus.<\/p>\n<p style=\"font-weight: 400;\"><span style=\"color: #8f9da4; font-size: 25px;\"><b><i>Els convenis col\u00b7lectius publicats al BOIB l\u2019any 2023 han estat vint-i-cinc, nou menys que el 2022<\/i><\/b><\/span><\/p>\n<p class=\"p1\">Per acabar, es mant\u00e9 un nivell de conflictivitat judicial en l\u2019\u00e0mbit de la jurisdicci\u00f3 laboral similar al de l\u2019any anterior i ha continuat creixent el nombre de vagues.<\/p>\t\t\t\t\t\t\t\t<\/div>\n\t\t\t\t<\/div>\n\t\t\t\t\t<\/div>\n\t\t<\/div>\n\t\t\t\t\t<\/div>\n\t\t<\/section>\n\t\t\t\t<section class=\"elementor-section elementor-top-section elementor-element elementor-element-50310734 elementor-section-boxed elementor-section-height-default elementor-section-height-default\" data-id=\"50310734\" data-element_type=\"section\" data-e-type=\"section\">\n\t\t\t\t\t\t<div class=\"elementor-container elementor-column-gap-default\">\n\t\t\t\t\t<div class=\"elementor-column elementor-col-100 elementor-top-column elementor-element elementor-element-6d2b9466\" data-id=\"6d2b9466\" data-element_type=\"column\" data-e-type=\"column\">\n\t\t\t<div class=\"elementor-widget-wrap elementor-element-populated\">\n\t\t\t\t\t\t<div class=\"elementor-element elementor-element-6201f31 elementor-widget-divider--view-line elementor-widget elementor-widget-divider\" data-id=\"6201f31\" data-element_type=\"widget\" data-e-type=\"widget\" data-widget_type=\"divider.default\">\n\t\t\t\t<div class=\"elementor-widget-container\">\n\t\t\t\t\t\t\t<div class=\"elementor-divider\">\n\t\t\t<span class=\"elementor-divider-separator\">\n\t\t\t\t\t\t<\/span>\n\t\t<\/div>\n\t\t\t\t\t\t<\/div>\n\t\t\t\t<\/div>\n\t\t\t\t\t<\/div>\n\t\t<\/div>\n\t\t\t\t\t<\/div>\n\t\t<\/section>\n\t\t\t\t<\/div>\n\t\t","protected":false},"excerpt":{"rendered":"<p>4. Les relacions laborals a les Illes Balears Magdalena Llompart Benn\u00e0ssar Maria del Mar Cresp\u00ed Ferriol Descarregar CAP II. 4. Les relacions laborals a les Illes Balears El 2023, l\u2019evoluci\u00f3 del marc normatiu europeu i nacional ha continuat influenciant les relacions laborals de la CAIBi destaquen diverses reformes legislatives en mat\u00e8ria d\u2019igualtat de g\u00e8nere i [&hellip;]<\/p>\n","protected":false},"author":1,"featured_media":2013,"comment_status":"open","ping_status":"open","sticky":false,"template":"","format":"standard","meta":{"footnotes":""},"categories":[5],"tags":[],"class_list":["post-2012","post","type-post","status-publish","format-standard","has-post-thumbnail","hentry","category-capitolii"],"yoast_head":"<!-- This site is optimized with the Yoast SEO plugin v27.3 - https:\/\/yoast.com\/product\/yoast-seo-wordpress\/ -->\n<title>4. Les relacions laborals a les Illes Balears - Memoria CES 2023<\/title>\n<meta name=\"robots\" content=\"index, follow, max-snippet:-1, max-image-preview:large, max-video-preview:-1\" \/>\n<link rel=\"canonical\" href=\"https:\/\/memoriacesib.es\/2023\/4-les-relacions-laborals-a-les-illes-balears\/\" \/>\n<meta property=\"og:locale\" content=\"es_ES\" \/>\n<meta property=\"og:type\" content=\"article\" \/>\n<meta property=\"og:title\" content=\"4. Les relacions laborals a les Illes Balears - Memoria CES 2023\" \/>\n<meta property=\"og:description\" content=\"4. Les relacions laborals a les Illes Balears Magdalena Llompart Benn\u00e0ssar Maria del Mar Cresp\u00ed Ferriol Descarregar CAP II. 4. Les relacions laborals a les Illes Balears El 2023, l\u2019evoluci\u00f3 del marc normatiu europeu i nacional ha continuat influenciant les relacions laborals de la CAIBi destaquen diverses reformes legislatives en mat\u00e8ria d\u2019igualtat de g\u00e8nere i [&hellip;]\" \/>\n<meta property=\"og:url\" content=\"https:\/\/memoriacesib.es\/2023\/4-les-relacions-laborals-a-les-illes-balears\/\" \/>\n<meta property=\"og:site_name\" content=\"Memoria CES 2023\" \/>\n<meta property=\"article:publisher\" content=\"https:\/\/www.facebook.com\/cesillesbalears\" \/>\n<meta property=\"article:published_time\" content=\"2023-08-13T07:10:58+00:00\" \/>\n<meta property=\"article:modified_time\" content=\"2024-08-28T08:25:29+00:00\" \/>\n<meta property=\"og:image\" content=\"https:\/\/memoriacesib.es\/2023\/wp-content\/uploads\/2023\/08\/Relaciones-laborales.jpg\" \/>\n\t<meta property=\"og:image:width\" content=\"768\" \/>\n\t<meta property=\"og:image:height\" content=\"768\" \/>\n\t<meta property=\"og:image:type\" content=\"image\/jpeg\" \/>\n<meta name=\"author\" content=\"admin\" \/>\n<meta name=\"twitter:card\" content=\"summary_large_image\" \/>\n<meta name=\"twitter:creator\" content=\"@ces_ib\" \/>\n<meta name=\"twitter:site\" content=\"@ces_ib\" \/>\n<meta name=\"twitter:label1\" content=\"Escrito por\" \/>\n\t<meta name=\"twitter:data1\" content=\"admin\" \/>\n\t<meta name=\"twitter:label2\" content=\"Tiempo de lectura\" \/>\n\t<meta name=\"twitter:data2\" content=\"2 minutos\" \/>\n<script type=\"application\/ld+json\" class=\"yoast-schema-graph\">{\"@context\":\"https:\\\/\\\/schema.org\",\"@graph\":[{\"@type\":\"Article\",\"@id\":\"https:\\\/\\\/memoriacesib.es\\\/2023\\\/4-les-relacions-laborals-a-les-illes-balears\\\/#article\",\"isPartOf\":{\"@id\":\"https:\\\/\\\/memoriacesib.es\\\/2023\\\/4-les-relacions-laborals-a-les-illes-balears\\\/\"},\"author\":{\"name\":\"admin\",\"@id\":\"https:\\\/\\\/memoriacesib.es\\\/2023\\\/#\\\/schema\\\/person\\\/2936f44710febf12ed5d851c6aa74117\"},\"headline\":\"4. Les relacions laborals a les Illes Balears\",\"datePublished\":\"2023-08-13T07:10:58+00:00\",\"dateModified\":\"2024-08-28T08:25:29+00:00\",\"mainEntityOfPage\":{\"@id\":\"https:\\\/\\\/memoriacesib.es\\\/2023\\\/4-les-relacions-laborals-a-les-illes-balears\\\/\"},\"wordCount\":287,\"commentCount\":0,\"publisher\":{\"@id\":\"https:\\\/\\\/memoriacesib.es\\\/2023\\\/#organization\"},\"image\":{\"@id\":\"https:\\\/\\\/memoriacesib.es\\\/2023\\\/4-les-relacions-laborals-a-les-illes-balears\\\/#primaryimage\"},\"thumbnailUrl\":\"https:\\\/\\\/memoriacesib.es\\\/2023\\\/wp-content\\\/uploads\\\/2023\\\/08\\\/Relaciones-laborales.jpg\",\"articleSection\":[\"Cap\u00edtol II\"],\"inLanguage\":\"es\",\"potentialAction\":[{\"@type\":\"CommentAction\",\"name\":\"Comment\",\"target\":[\"https:\\\/\\\/memoriacesib.es\\\/2023\\\/4-les-relacions-laborals-a-les-illes-balears\\\/#respond\"]}]},{\"@type\":\"WebPage\",\"@id\":\"https:\\\/\\\/memoriacesib.es\\\/2023\\\/4-les-relacions-laborals-a-les-illes-balears\\\/\",\"url\":\"https:\\\/\\\/memoriacesib.es\\\/2023\\\/4-les-relacions-laborals-a-les-illes-balears\\\/\",\"name\":\"4. Les relacions laborals a les Illes Balears - Memoria CES 2023\",\"isPartOf\":{\"@id\":\"https:\\\/\\\/memoriacesib.es\\\/2023\\\/#website\"},\"primaryImageOfPage\":{\"@id\":\"https:\\\/\\\/memoriacesib.es\\\/2023\\\/4-les-relacions-laborals-a-les-illes-balears\\\/#primaryimage\"},\"image\":{\"@id\":\"https:\\\/\\\/memoriacesib.es\\\/2023\\\/4-les-relacions-laborals-a-les-illes-balears\\\/#primaryimage\"},\"thumbnailUrl\":\"https:\\\/\\\/memoriacesib.es\\\/2023\\\/wp-content\\\/uploads\\\/2023\\\/08\\\/Relaciones-laborales.jpg\",\"datePublished\":\"2023-08-13T07:10:58+00:00\",\"dateModified\":\"2024-08-28T08:25:29+00:00\",\"breadcrumb\":{\"@id\":\"https:\\\/\\\/memoriacesib.es\\\/2023\\\/4-les-relacions-laborals-a-les-illes-balears\\\/#breadcrumb\"},\"inLanguage\":\"es\",\"potentialAction\":[{\"@type\":\"ReadAction\",\"target\":[\"https:\\\/\\\/memoriacesib.es\\\/2023\\\/4-les-relacions-laborals-a-les-illes-balears\\\/\"]}]},{\"@type\":\"ImageObject\",\"inLanguage\":\"es\",\"@id\":\"https:\\\/\\\/memoriacesib.es\\\/2023\\\/4-les-relacions-laborals-a-les-illes-balears\\\/#primaryimage\",\"url\":\"https:\\\/\\\/memoriacesib.es\\\/2023\\\/wp-content\\\/uploads\\\/2023\\\/08\\\/Relaciones-laborales.jpg\",\"contentUrl\":\"https:\\\/\\\/memoriacesib.es\\\/2023\\\/wp-content\\\/uploads\\\/2023\\\/08\\\/Relaciones-laborales.jpg\",\"width\":768,\"height\":768},{\"@type\":\"BreadcrumbList\",\"@id\":\"https:\\\/\\\/memoriacesib.es\\\/2023\\\/4-les-relacions-laborals-a-les-illes-balears\\\/#breadcrumb\",\"itemListElement\":[{\"@type\":\"ListItem\",\"position\":1,\"name\":\"Portada\",\"item\":\"https:\\\/\\\/memoriacesib.es\\\/2023\\\/\"},{\"@type\":\"ListItem\",\"position\":2,\"name\":\"4. Les relacions laborals a les Illes Balears\"}]},{\"@type\":\"WebSite\",\"@id\":\"https:\\\/\\\/memoriacesib.es\\\/2023\\\/#website\",\"url\":\"https:\\\/\\\/memoriacesib.es\\\/2023\\\/\",\"name\":\"Memoria CES 2023\",\"description\":\"Memoria CES 2023\",\"publisher\":{\"@id\":\"https:\\\/\\\/memoriacesib.es\\\/2023\\\/#organization\"},\"potentialAction\":[{\"@type\":\"SearchAction\",\"target\":{\"@type\":\"EntryPoint\",\"urlTemplate\":\"https:\\\/\\\/memoriacesib.es\\\/2023\\\/?s={search_term_string}\"},\"query-input\":{\"@type\":\"PropertyValueSpecification\",\"valueRequired\":true,\"valueName\":\"search_term_string\"}}],\"inLanguage\":\"es\"},{\"@type\":\"Organization\",\"@id\":\"https:\\\/\\\/memoriacesib.es\\\/2023\\\/#organization\",\"name\":\"Consell Economic i Social de les Illes Balears (CES)\",\"url\":\"https:\\\/\\\/memoriacesib.es\\\/2023\\\/\",\"logo\":{\"@type\":\"ImageObject\",\"inLanguage\":\"es\",\"@id\":\"https:\\\/\\\/memoriacesib.es\\\/2023\\\/#\\\/schema\\\/logo\\\/image\\\/\",\"url\":\"https:\\\/\\\/memoriacesib.es\\\/2023\\\/wp-content\\\/uploads\\\/2023\\\/06\\\/Logo-Memoria-Ces-2023.png\",\"contentUrl\":\"https:\\\/\\\/memoriacesib.es\\\/2023\\\/wp-content\\\/uploads\\\/2023\\\/06\\\/Logo-Memoria-Ces-2023.png\",\"width\":800,\"height\":195,\"caption\":\"Consell Economic i Social de les Illes Balears (CES)\"},\"image\":{\"@id\":\"https:\\\/\\\/memoriacesib.es\\\/2023\\\/#\\\/schema\\\/logo\\\/image\\\/\"},\"sameAs\":[\"https:\\\/\\\/www.facebook.com\\\/cesillesbalears\",\"https:\\\/\\\/x.com\\\/ces_ib\",\"https:\\\/\\\/www.youtube.com\\\/channel\\\/UCrEmO9wh7KlUaQ9dWzvYrVg\"]},{\"@type\":\"Person\",\"@id\":\"https:\\\/\\\/memoriacesib.es\\\/2023\\\/#\\\/schema\\\/person\\\/2936f44710febf12ed5d851c6aa74117\",\"name\":\"admin\",\"image\":{\"@type\":\"ImageObject\",\"inLanguage\":\"es\",\"@id\":\"https:\\\/\\\/secure.gravatar.com\\\/avatar\\\/42a3717e1ac37e7f2d90262c48d11756024e6ed18ebaae3567f6c00866abe5f2?s=96&d=mm&r=g\",\"url\":\"https:\\\/\\\/secure.gravatar.com\\\/avatar\\\/42a3717e1ac37e7f2d90262c48d11756024e6ed18ebaae3567f6c00866abe5f2?s=96&d=mm&r=g\",\"contentUrl\":\"https:\\\/\\\/secure.gravatar.com\\\/avatar\\\/42a3717e1ac37e7f2d90262c48d11756024e6ed18ebaae3567f6c00866abe5f2?s=96&d=mm&r=g\",\"caption\":\"admin\"},\"sameAs\":[\"http:\\\/\\\/memoriacesib.es\\\/2023\"],\"url\":\"https:\\\/\\\/memoriacesib.es\\\/2023\\\/author\\\/admin\\\/\"}]}<\/script>\n<!-- \/ Yoast SEO plugin. -->","yoast_head_json":{"title":"4. Les relacions laborals a les Illes Balears - Memoria CES 2023","robots":{"index":"index","follow":"follow","max-snippet":"max-snippet:-1","max-image-preview":"max-image-preview:large","max-video-preview":"max-video-preview:-1"},"canonical":"https:\/\/memoriacesib.es\/2023\/4-les-relacions-laborals-a-les-illes-balears\/","og_locale":"es_ES","og_type":"article","og_title":"4. Les relacions laborals a les Illes Balears - Memoria CES 2023","og_description":"4. Les relacions laborals a les Illes Balears Magdalena Llompart Benn\u00e0ssar Maria del Mar Cresp\u00ed Ferriol Descarregar CAP II. 4. Les relacions laborals a les Illes Balears El 2023, l\u2019evoluci\u00f3 del marc normatiu europeu i nacional ha continuat influenciant les relacions laborals de la CAIBi destaquen diverses reformes legislatives en mat\u00e8ria d\u2019igualtat de g\u00e8nere i [&hellip;]","og_url":"https:\/\/memoriacesib.es\/2023\/4-les-relacions-laborals-a-les-illes-balears\/","og_site_name":"Memoria CES 2023","article_publisher":"https:\/\/www.facebook.com\/cesillesbalears","article_published_time":"2023-08-13T07:10:58+00:00","article_modified_time":"2024-08-28T08:25:29+00:00","og_image":[{"width":768,"height":768,"url":"https:\/\/memoriacesib.es\/2023\/wp-content\/uploads\/2023\/08\/Relaciones-laborales.jpg","type":"image\/jpeg"}],"author":"admin","twitter_card":"summary_large_image","twitter_creator":"@ces_ib","twitter_site":"@ces_ib","twitter_misc":{"Escrito por":"admin","Tiempo de lectura":"2 minutos"},"schema":{"@context":"https:\/\/schema.org","@graph":[{"@type":"Article","@id":"https:\/\/memoriacesib.es\/2023\/4-les-relacions-laborals-a-les-illes-balears\/#article","isPartOf":{"@id":"https:\/\/memoriacesib.es\/2023\/4-les-relacions-laborals-a-les-illes-balears\/"},"author":{"name":"admin","@id":"https:\/\/memoriacesib.es\/2023\/#\/schema\/person\/2936f44710febf12ed5d851c6aa74117"},"headline":"4. Les relacions laborals a les Illes Balears","datePublished":"2023-08-13T07:10:58+00:00","dateModified":"2024-08-28T08:25:29+00:00","mainEntityOfPage":{"@id":"https:\/\/memoriacesib.es\/2023\/4-les-relacions-laborals-a-les-illes-balears\/"},"wordCount":287,"commentCount":0,"publisher":{"@id":"https:\/\/memoriacesib.es\/2023\/#organization"},"image":{"@id":"https:\/\/memoriacesib.es\/2023\/4-les-relacions-laborals-a-les-illes-balears\/#primaryimage"},"thumbnailUrl":"https:\/\/memoriacesib.es\/2023\/wp-content\/uploads\/2023\/08\/Relaciones-laborales.jpg","articleSection":["Cap\u00edtol II"],"inLanguage":"es","potentialAction":[{"@type":"CommentAction","name":"Comment","target":["https:\/\/memoriacesib.es\/2023\/4-les-relacions-laborals-a-les-illes-balears\/#respond"]}]},{"@type":"WebPage","@id":"https:\/\/memoriacesib.es\/2023\/4-les-relacions-laborals-a-les-illes-balears\/","url":"https:\/\/memoriacesib.es\/2023\/4-les-relacions-laborals-a-les-illes-balears\/","name":"4. Les relacions laborals a les Illes Balears - Memoria CES 2023","isPartOf":{"@id":"https:\/\/memoriacesib.es\/2023\/#website"},"primaryImageOfPage":{"@id":"https:\/\/memoriacesib.es\/2023\/4-les-relacions-laborals-a-les-illes-balears\/#primaryimage"},"image":{"@id":"https:\/\/memoriacesib.es\/2023\/4-les-relacions-laborals-a-les-illes-balears\/#primaryimage"},"thumbnailUrl":"https:\/\/memoriacesib.es\/2023\/wp-content\/uploads\/2023\/08\/Relaciones-laborales.jpg","datePublished":"2023-08-13T07:10:58+00:00","dateModified":"2024-08-28T08:25:29+00:00","breadcrumb":{"@id":"https:\/\/memoriacesib.es\/2023\/4-les-relacions-laborals-a-les-illes-balears\/#breadcrumb"},"inLanguage":"es","potentialAction":[{"@type":"ReadAction","target":["https:\/\/memoriacesib.es\/2023\/4-les-relacions-laborals-a-les-illes-balears\/"]}]},{"@type":"ImageObject","inLanguage":"es","@id":"https:\/\/memoriacesib.es\/2023\/4-les-relacions-laborals-a-les-illes-balears\/#primaryimage","url":"https:\/\/memoriacesib.es\/2023\/wp-content\/uploads\/2023\/08\/Relaciones-laborales.jpg","contentUrl":"https:\/\/memoriacesib.es\/2023\/wp-content\/uploads\/2023\/08\/Relaciones-laborales.jpg","width":768,"height":768},{"@type":"BreadcrumbList","@id":"https:\/\/memoriacesib.es\/2023\/4-les-relacions-laborals-a-les-illes-balears\/#breadcrumb","itemListElement":[{"@type":"ListItem","position":1,"name":"Portada","item":"https:\/\/memoriacesib.es\/2023\/"},{"@type":"ListItem","position":2,"name":"4. Les relacions laborals a les Illes Balears"}]},{"@type":"WebSite","@id":"https:\/\/memoriacesib.es\/2023\/#website","url":"https:\/\/memoriacesib.es\/2023\/","name":"Memoria CES 2023","description":"Memoria CES 2023","publisher":{"@id":"https:\/\/memoriacesib.es\/2023\/#organization"},"potentialAction":[{"@type":"SearchAction","target":{"@type":"EntryPoint","urlTemplate":"https:\/\/memoriacesib.es\/2023\/?s={search_term_string}"},"query-input":{"@type":"PropertyValueSpecification","valueRequired":true,"valueName":"search_term_string"}}],"inLanguage":"es"},{"@type":"Organization","@id":"https:\/\/memoriacesib.es\/2023\/#organization","name":"Consell Economic i Social de les Illes Balears (CES)","url":"https:\/\/memoriacesib.es\/2023\/","logo":{"@type":"ImageObject","inLanguage":"es","@id":"https:\/\/memoriacesib.es\/2023\/#\/schema\/logo\/image\/","url":"https:\/\/memoriacesib.es\/2023\/wp-content\/uploads\/2023\/06\/Logo-Memoria-Ces-2023.png","contentUrl":"https:\/\/memoriacesib.es\/2023\/wp-content\/uploads\/2023\/06\/Logo-Memoria-Ces-2023.png","width":800,"height":195,"caption":"Consell Economic i Social de les Illes Balears (CES)"},"image":{"@id":"https:\/\/memoriacesib.es\/2023\/#\/schema\/logo\/image\/"},"sameAs":["https:\/\/www.facebook.com\/cesillesbalears","https:\/\/x.com\/ces_ib","https:\/\/www.youtube.com\/channel\/UCrEmO9wh7KlUaQ9dWzvYrVg"]},{"@type":"Person","@id":"https:\/\/memoriacesib.es\/2023\/#\/schema\/person\/2936f44710febf12ed5d851c6aa74117","name":"admin","image":{"@type":"ImageObject","inLanguage":"es","@id":"https:\/\/secure.gravatar.com\/avatar\/42a3717e1ac37e7f2d90262c48d11756024e6ed18ebaae3567f6c00866abe5f2?s=96&d=mm&r=g","url":"https:\/\/secure.gravatar.com\/avatar\/42a3717e1ac37e7f2d90262c48d11756024e6ed18ebaae3567f6c00866abe5f2?s=96&d=mm&r=g","contentUrl":"https:\/\/secure.gravatar.com\/avatar\/42a3717e1ac37e7f2d90262c48d11756024e6ed18ebaae3567f6c00866abe5f2?s=96&d=mm&r=g","caption":"admin"},"sameAs":["http:\/\/memoriacesib.es\/2023"],"url":"https:\/\/memoriacesib.es\/2023\/author\/admin\/"}]}},"_links":{"self":[{"href":"https:\/\/memoriacesib.es\/2023\/wp-json\/wp\/v2\/posts\/2012","targetHints":{"allow":["GET"]}}],"collection":[{"href":"https:\/\/memoriacesib.es\/2023\/wp-json\/wp\/v2\/posts"}],"about":[{"href":"https:\/\/memoriacesib.es\/2023\/wp-json\/wp\/v2\/types\/post"}],"author":[{"embeddable":true,"href":"https:\/\/memoriacesib.es\/2023\/wp-json\/wp\/v2\/users\/1"}],"replies":[{"embeddable":true,"href":"https:\/\/memoriacesib.es\/2023\/wp-json\/wp\/v2\/comments?post=2012"}],"version-history":[{"count":31,"href":"https:\/\/memoriacesib.es\/2023\/wp-json\/wp\/v2\/posts\/2012\/revisions"}],"predecessor-version":[{"id":3578,"href":"https:\/\/memoriacesib.es\/2023\/wp-json\/wp\/v2\/posts\/2012\/revisions\/3578"}],"wp:featuredmedia":[{"embeddable":true,"href":"https:\/\/memoriacesib.es\/2023\/wp-json\/wp\/v2\/media\/2013"}],"wp:attachment":[{"href":"https:\/\/memoriacesib.es\/2023\/wp-json\/wp\/v2\/media?parent=2012"}],"wp:term":[{"taxonomy":"category","embeddable":true,"href":"https:\/\/memoriacesib.es\/2023\/wp-json\/wp\/v2\/categories?post=2012"},{"taxonomy":"post_tag","embeddable":true,"href":"https:\/\/memoriacesib.es\/2023\/wp-json\/wp\/v2\/tags?post=2012"}],"curies":[{"name":"wp","href":"https:\/\/api.w.org\/{rel}","templated":true}]}}