{"id":2089,"date":"2023-08-13T08:05:31","date_gmt":"2023-08-13T08:05:31","guid":{"rendered":"http:\/\/memoriacesib.es\/2023\/?p=2089"},"modified":"2024-08-28T08:29:17","modified_gmt":"2024-08-28T08:29:17","slug":"2-pobresa-exclusio-i-proteccio-social","status":"publish","type":"post","link":"https:\/\/memoriacesib.es\/2023\/2-pobresa-exclusio-i-proteccio-social\/","title":{"rendered":"2. Pobresa, exclusi\u00f3 i protecci\u00f3 social"},"content":{"rendered":"\t\t<div data-elementor-type=\"wp-post\" data-elementor-id=\"2089\" class=\"elementor elementor-2089\" data-elementor-post-type=\"post\">\n\t\t\t\t\t\t<section class=\"elementor-section elementor-top-section elementor-element elementor-element-dd28e8 elementor-section-boxed elementor-section-height-default elementor-section-height-default\" data-id=\"dd28e8\" data-element_type=\"section\" data-e-type=\"section\">\n\t\t\t\t\t\t<div class=\"elementor-container elementor-column-gap-default\">\n\t\t\t\t\t<div class=\"elementor-column elementor-col-100 elementor-top-column elementor-element elementor-element-dfc8ff0\" data-id=\"dfc8ff0\" data-element_type=\"column\" data-e-type=\"column\">\n\t\t\t<div class=\"elementor-widget-wrap elementor-element-populated\">\n\t\t\t\t\t\t<div class=\"elementor-element elementor-element-481e9ad7 elementor-widget elementor-widget-heading\" data-id=\"481e9ad7\" data-element_type=\"widget\" data-e-type=\"widget\" data-widget_type=\"heading.default\">\n\t\t\t\t<div class=\"elementor-widget-container\">\n\t\t\t\t\t<h1 class=\"elementor-heading-title elementor-size-default\">2. Pobresa, exclusi\u00f3 i protecci\u00f3 social<\/h1>\t\t\t\t<\/div>\n\t\t\t\t<\/div>\n\t\t\t\t<div class=\"elementor-element elementor-element-6fbfdc9b elementor-icon-list--layout-inline elementor-align-end elementor-list-item-link-full_width elementor-widget elementor-widget-icon-list\" data-id=\"6fbfdc9b\" data-element_type=\"widget\" data-e-type=\"widget\" data-widget_type=\"icon-list.default\">\n\t\t\t\t<div class=\"elementor-widget-container\">\n\t\t\t\t\t\t\t<ul class=\"elementor-icon-list-items elementor-inline-items\">\n\t\t\t\t\t\t\t<li class=\"elementor-icon-list-item elementor-inline-item\">\n\t\t\t\t\t\t\t\t\t\t<span class=\"elementor-icon-list-text\">Anna Grau Casajust<\/span>\n\t\t\t\t\t\t\t\t\t<\/li>\n\t\t\t\t\t\t<\/ul>\n\t\t\t\t\t\t<\/div>\n\t\t\t\t<\/div>\n\t\t\t\t<div class=\"elementor-element elementor-element-67d7e44e elementor-align-right elementor-widget elementor-widget-button\" data-id=\"67d7e44e\" data-element_type=\"widget\" data-e-type=\"widget\" data-widget_type=\"button.default\">\n\t\t\t\t<div class=\"elementor-widget-container\">\n\t\t\t\t\t\t\t\t\t<div class=\"elementor-button-wrapper\">\n\t\t\t\t\t<a class=\"elementor-button elementor-button-link elementor-size-xs\" href=\"https:\/\/memoriacesib.es\/2023\/wp-content\/uploads\/2024\/08\/CAP-III_2.pdf\" target=\"_blank\">\n\t\t\t\t\t\t<span class=\"elementor-button-content-wrapper\">\n\t\t\t\t\t\t<span class=\"elementor-button-icon\">\n\t\t\t\t<i aria-hidden=\"true\" class=\"fas fa-file-pdf\"><\/i>\t\t\t<\/span>\n\t\t\t\t\t\t\t\t\t<span class=\"elementor-button-text\">Descarregar CAP III. 2. Pobresa, exclusi\u00f3 i protecci\u00f3 social<\/span>\n\t\t\t\t\t<\/span>\n\t\t\t\t\t<\/a>\n\t\t\t\t<\/div>\n\t\t\t\t\t\t\t\t<\/div>\n\t\t\t\t<\/div>\n\t\t\t\t<div class=\"elementor-element elementor-element-1a8a2fa0 elementor-widget-divider--view-line elementor-widget elementor-widget-divider\" data-id=\"1a8a2fa0\" data-element_type=\"widget\" data-e-type=\"widget\" data-widget_type=\"divider.default\">\n\t\t\t\t<div class=\"elementor-widget-container\">\n\t\t\t\t\t\t\t<div class=\"elementor-divider\">\n\t\t\t<span class=\"elementor-divider-separator\">\n\t\t\t\t\t\t<\/span>\n\t\t<\/div>\n\t\t\t\t\t\t<\/div>\n\t\t\t\t<\/div>\n\t\t\t\t\t<\/div>\n\t\t<\/div>\n\t\t\t\t\t<\/div>\n\t\t<\/section>\n\t\t\t\t<section class=\"elementor-section elementor-top-section elementor-element elementor-element-583dc84 elementor-section-boxed elementor-section-height-default elementor-section-height-default\" data-id=\"583dc84\" data-element_type=\"section\" data-e-type=\"section\">\n\t\t\t\t\t\t<div class=\"elementor-container elementor-column-gap-default\">\n\t\t\t\t\t<div class=\"elementor-column elementor-col-100 elementor-top-column elementor-element elementor-element-75074829\" data-id=\"75074829\" data-element_type=\"column\" data-e-type=\"column\">\n\t\t\t<div class=\"elementor-widget-wrap elementor-element-populated\">\n\t\t\t\t\t\t<div class=\"elementor-element elementor-element-7477c342 elementor-widget elementor-widget-text-editor\" data-id=\"7477c342\" data-element_type=\"widget\" data-e-type=\"widget\" data-widget_type=\"text-editor.default\">\n\t\t\t\t<div class=\"elementor-widget-container\">\n\t\t\t\t\t\t\t\t\t<p style=\"font-weight: 400;\"><span style=\"color: #9d6c92; font-size: 25px;\"><b><i>La taxa de pobresa \u00e9s inferior a la mitjana espanyola, per\u00f2 augmenten les persones amb retards en el pagament de l\u2019habitatge<\/i><\/b><\/span><\/p>\n<p class=\"p1\">Per primera vegada a la mem\u00f2ria del CES de les Illes Balears, es presenten conjuntament els anteriors apartats de \u00abBenestar econ\u00f2mic i distribuci\u00f3 de la renda\u00bb, \u00abSeguretat social\u00bb i \u00abServeis socials i depend\u00e8ncia\u00bb en un \u00fanic subapartat de protecci\u00f3 i inclusi\u00f3 social. L\u2019objectiu \u00e9s donar una visi\u00f3 integral als processos d\u2019exclusi\u00f3 i inclusi\u00f3 social.<\/p>\n<p class=\"p1\">Despr\u00e9s del fort impacte de la covid a les Illes Balears en termes socials i de benestar (augment de l\u2019atur, caiguda del PIB, augment de la pobresa i caiguda de la renda, entre d\u2019altres) els indicadors socials s\u2019estabilitzen el 2023 a xifres prepand\u00e8mia.<\/p>\n<p class=\"p1\">La renda mitjana neta per persona a les Illes Balears el 2022 va ser de 21.143 euros per unitat de consum. Supera la mitjana espanyola en un 2,3<span class=\"s2\">\u2009<\/span>% i se situa en setena posici\u00f3.<\/p>\n<p class=\"p1\">El concepte de pobresa relativa t\u00e9 en compte en la seva mesura l\u2019entorn socioecon\u00f2mic de les persones, que es pot definir, per exemple, per una regi\u00f3, un territori o un pa\u00eds. Des d\u2019aquesta mirada, el concepte de pobresa \u00e9s constru\u00eft socialment i t\u00e9 significat en un determinat context hist\u00f2ric i social. Tenint en compte el llindar relatiu a les Balears, la darrera taxa de pobresa a les Balears ha estat del 18,8<span class=\"s2\">\u2009<\/span>% i aix\u00f2 es tradueix en el fet que 221.211 persones viuen sota el llindar de la pobresa. La taxa \u00e9s inferior a l\u2019espanyola (20,2<span class=\"s2\">\u2009<\/span>%) .<\/p>\n<p class=\"p1\">El concepte d\u2019exclusi\u00f3 social ha despla\u00e7at el de pobresa en el marc d\u2019acci\u00f3 de la Uni\u00f3 Europea. L\u2019Estrat\u00e8gia Europa 2020, entre els seus objectius, es va marcar reduir la taxa de pobresa i exclusi\u00f3 social en un 25<span class=\"s2\">\u2009<\/span>% en el conjunt de la Uni\u00f3 Europea, el que equivalia a 20 milions de persones. Per fer el seguiment d\u2019aquest objectiu es va definir en l\u2019\u00e0mbit comunitari l\u2019indicador AROPE (At Risk Of Poverty and\/or Exclusion), amb una metodologia unificada per al c\u00e0lcul anual en els pa\u00efsos de la Uni\u00f3 Europea.<\/p>\n<p class=\"p1\">Amb un 20,6<span class=\"s2\">\u2009<\/span>% de persones en risc de pobresa i exclusi\u00f3 social, les Balears s\u00f3n la cinquena comunitat aut\u00f2noma amb una taxa m\u00e9s baixa. Amb el llindar de pobresa relatiu a les Balears, la taxa augmenta fins al 23,4<span class=\"s2\">\u2009<\/span>%.<\/p>\n<p class=\"p1\">Entre les preguntes incloses en l\u2019ECV, se n\u2019inclouen de referents a mancances materials. Les Illes Balears estan en una bona posici\u00f3 relativa respecte del conjunt d\u2019Espanya pel que fa a la majoria d\u2019\u00edtems inclosos. M\u00e9s concretament, en set de nou \u00edtems es posicionen per sota de la mitjana. Els dos \u00edtems en qu\u00e8 es registren valors m\u00e9s elevats a la mitjana espanyola s\u00f3n els que tenen a veure amb retards en el pagament de despeses relacionades amb l\u2019habitatge i amb compres a terminis <a href=\"https:\/\/memoriacesib.es\/2023\/2-pobresa-exclusio-i-proteccio-social\/#5\"><span style=\"color: #01a1df;\">(5)<\/span><\/a>.<\/p>\n<p class=\"p1\">En els pressupostos de la CAIB, la partida dedicada a la protecci\u00f3 social el 2023 va representar el 5<span class=\"s2\">\u2009<\/span>% del total. Sobre aquesta, m\u00e9s d\u2019una tercera part va dedicada als serveis socials. L\u2019evoluci\u00f3 dels pressupostos de la CAIB en protecci\u00f3 social ha augmentat progressivament des de l\u2019any 2012. No obstant aix\u00f2, si s\u2019analitza la despesa executada, s\u2019observa un retroc\u00e9s l\u2019any 2023 del 17<span class=\"s2\">\u2009<\/span>%, ja que l\u2019execuci\u00f3 del pressupost en protecci\u00f3 social nom\u00e9s va ser del 60,4<span class=\"s2\">\u2009<\/span>%, la dada m\u00e9s baixa de tota la s\u00e8rie. En part, s\u2019explica per la fi de l\u2019emerg\u00e8ncia produ\u00efda en els anys posteriors a la pand\u00e8mia.<\/p>\n<p class=\"p1\">El Decret llei 10\/2020, de 12 de juny, de prestacions socials de car\u00e0cter econ\u00f2mic de les Illes Balears, va permetre actualitzar la renda social garantida i fer-la incompatible amb l\u2019IMV, entre d\u2019altres. Des del gener de 2020 fins al desembre de 2023 hi ha hagut, de mitjana, 4.710 titulars de la RESOGA i cada titular beneficia, de mitjana, 1,9 persones de la llar. En data de desembre de 2023, hi havia 2.752 titulars de la RESOGA i 5.309 persones destinat\u00e0ries.<\/p>\n<p class=\"p1\">L\u2019evoluci\u00f3 del nombre de titulars de la RESOGA mostra un fort daltabaix amb l\u2019entrada en vigor de l\u2019IMV, ja que moltes de les persones que n\u2019eren perceptores van haver de sol\u00b7licitar la prestaci\u00f3 estatal si en complien els requisits. Aquestes dificultats a abordar les situacions de pobresa sobrevinguda per part de l\u2019IMV han portat l\u2019AIREF a fer una s\u00e8rie de recomanacions, com que la concessi\u00f3 s\u2019inici\u00ef d\u2019ofici, que es configuri com un import negatiu o establir un sistema de transfer\u00e8ncia immediata d\u2019informaci\u00f3 entre les persones benefici\u00e0ries de les rendes m\u00ednimes de les comunitats aut\u00f2nomes i l\u2019IMV <a href=\"https:\/\/memoriacesib.es\/2023\/2-pobresa-exclusio-i-proteccio-social\/#6\"><span style=\"color: #01a1df;\">(6)<\/span><\/a>.<\/p>\n<p class=\"p1\">Des del juny de 2020 fins a juny de 2024, hi ha hagut un total de 9.521 expedients aprovats de l\u2019IMV a les Balears. En un 59<span class=\"s2\">\u2009<\/span>% dels expedients aprovats, les dones en s\u00f3n titulars. El nombre total de persones benefici\u00e0ries ascendeix a 28.770, de les quals el 45,9<span class=\"s2\">\u2009<\/span>% s\u00f3n menors <a href=\"https:\/\/memoriacesib.es\/2023\/2-pobresa-exclusio-i-proteccio-social\/#7\"><span style=\"color: #01a1df;\">(7)<\/span><\/a>. Un informe de l\u2019Associaci\u00f3 Estatal de Directors i Gerents en Serveis Socials, a principis del 2023, alertava que les Balears eren la comunitat aut\u00f2noma amb una menor cobertura de l\u2019IMV sobre les persones sota el llindar de la pobresa, nom\u00e9s de l\u201911,4<span class=\"s2\">\u2009<\/span>% <a href=\"https:\/\/memoriacesib.es\/2023\/2-pobresa-exclusio-i-proteccio-social\/#8\"><span style=\"color: #01a1df;\">(8)<\/span><\/a>.<\/p>\n<p class=\"p1\">Els serveis socials comunitaris b\u00e0sics constitueixen el canal normal d\u2019acc\u00e9s al sistema de serveis socials i garanteixen la universalitat del sistema i la seva proximitat als usuaris i als \u00e0mbits familiar i social. L\u2019any 2022, darrer any amb dades disponibles <a href=\"https:\/\/memoriacesib.es\/2023\/2-pobresa-exclusio-i-proteccio-social\/#9\"><span style=\"color: #01a1df;\">(9)<\/span><\/a>, 78.521 persones van rec\u00f3rrer als serveis socials comunitaris b\u00e0sics. \u00c9s un descens del 9<span class=\"s2\">\u2009<\/span>% en comparaci\u00f3 amb el 2021 i molt pr\u00f2xim al 2019, abans de la crisi social derivada de la covid-19, tot i destacar la corba ascendent que ja es produ\u00efa des del 2014 i, especialment, des del 2017.<\/p>\n<p class=\"p1\">El sistema per a l\u2019autonomia i atenci\u00f3 a la depend\u00e8ncia (SAAD) \u00e9s el conjunt de serveis i prestacions econ\u00f2miques destinats a la promoci\u00f3 de l\u2019autonomia personal, l\u2019atenci\u00f3 i protecci\u00f3 a les persones en situaci\u00f3 de depend\u00e8ncia, a trav\u00e9s de serveis p\u00fablics i privats concertats. El SAAD es regula per la Llei 39\/2006, de 14 de desembre, de promoci\u00f3 de l\u2019autonomia personal i atenci\u00f3 a les persones en situaci\u00f3 de depend\u00e8ncia. L\u2019any 2023 la xifra de beneficiaris del SAAD amb dret a prestaci\u00f3 a les Balears ha augmentat en 3.859 persones, la qual cosa \u00e9s una difer\u00e8ncia respecte de l\u2019any anterior del 13,1<span class=\"s2\">\u2009<\/span>%, molt per sobre del 5,1<span class=\"s2\">\u2009<\/span>% espanyol. Igualment, el nombre de les persones ateses, 29.233, ha augmentat en un 11,6<span class=\"s2\">\u2009<\/span>%, mentre que en el conjunt de l\u2019Estat l\u2019augment ha estat del 7,5<span class=\"s2\">\u2009<\/span>%. Per contra, el nombre de persones desateses, que estan als llimbs, va augmentar en 824 persones (+25,0<span class=\"s2\">\u2009<\/span>%). Per tant, hi ha 4.117 persones als llimbs el 2023, amb una taxa del 12,3<span class=\"s2\">\u2009<\/span>%, superior a la mitjana nacional, del 9,9<span class=\"s2\">\u2009<\/span>%. Entre desembre de 2022 i novembre de 2023, 1.072 persones van morir a les Balears en llista d\u2019espera sense poder ser ateses <a href=\"https:\/\/memoriacesib.es\/2023\/2-pobresa-exclusio-i-proteccio-social\/#10\"><span style=\"color: #01a1df;\">(10)<\/span><\/a>.<\/p>\n<p class=\"p1\">Donant compte de l\u2019envelliment progressiu de la poblaci\u00f3, des de l\u2019any 2013 han augmentat en un 12,2<span class=\"s2\">\u2009<\/span>% les persones que cobren pensi\u00f3 de jubilaci\u00f3, i en un 41,2<span class=\"s2\">\u2009<\/span>% des de 2005. Per trams, hi ha una proporci\u00f3 superior de pensionistes a les Illes Balears (52,5<span class=\"s2\">\u2009<\/span>%) que a Espanya (51,5<span class=\"s2\">\u2009<\/span>%) que cobren una pensi\u00f3 de jubilaci\u00f3 inferior a l\u2019SMI. Tamb\u00e9 hi ha una proporci\u00f3 inferior en 1,4 p.\u00a0p. de pensionistes que cobren la pensi\u00f3 m\u00e0xima.<\/p>\t\t\t\t\t\t\t\t<\/div>\n\t\t\t\t<\/div>\n\t\t\t\t\t<\/div>\n\t\t<\/div>\n\t\t\t\t\t<\/div>\n\t\t<\/section>\n\t\t\t\t<section class=\"elementor-section elementor-top-section elementor-element elementor-element-557c9eea elementor-section-boxed elementor-section-height-default elementor-section-height-default\" data-id=\"557c9eea\" data-element_type=\"section\" data-e-type=\"section\">\n\t\t\t\t\t\t<div class=\"elementor-container elementor-column-gap-default\">\n\t\t\t\t\t<div class=\"elementor-column elementor-col-100 elementor-top-column elementor-element elementor-element-df7c082\" data-id=\"df7c082\" data-element_type=\"column\" data-e-type=\"column\">\n\t\t\t<div class=\"elementor-widget-wrap elementor-element-populated\">\n\t\t\t\t\t\t<div class=\"elementor-element elementor-element-7cf88827 elementor-widget-divider--view-line elementor-widget elementor-widget-divider\" data-id=\"7cf88827\" data-element_type=\"widget\" data-e-type=\"widget\" data-widget_type=\"divider.default\">\n\t\t\t\t<div class=\"elementor-widget-container\">\n\t\t\t\t\t\t\t<div class=\"elementor-divider\">\n\t\t\t<span class=\"elementor-divider-separator\">\n\t\t\t\t\t\t<\/span>\n\t\t<\/div>\n\t\t\t\t\t\t<\/div>\n\t\t\t\t<\/div>\n\t\t\t\t<div class=\"elementor-element elementor-element-3012fae4 elementor-icon-list--layout-traditional elementor-list-item-link-full_width elementor-widget elementor-widget-icon-list\" data-id=\"3012fae4\" data-element_type=\"widget\" data-e-type=\"widget\" id=\"5\" data-widget_type=\"icon-list.default\">\n\t\t\t\t<div class=\"elementor-widget-container\">\n\t\t\t\t\t\t\t<ul class=\"elementor-icon-list-items\">\n\t\t\t\t\t\t\t<li class=\"elementor-icon-list-item\">\n\t\t\t\t\t\t\t\t\t\t<span class=\"elementor-icon-list-text\">5.  Per una visi\u00f3 m\u00e9s exhaustiva de l\u2019estat de la pobresa a les Illes Balears, cal consultar els informes anuals d\u2019EAPN (European Anti-Poverty Network) a les Illes Balears.<\/span>\n\t\t\t\t\t\t\t\t\t<\/li>\n\t\t\t\t\t\t<\/ul>\n\t\t\t\t\t\t<\/div>\n\t\t\t\t<\/div>\n\t\t\t\t<div class=\"elementor-element elementor-element-4ad8751 elementor-icon-list--layout-traditional elementor-list-item-link-full_width elementor-widget elementor-widget-icon-list\" data-id=\"4ad8751\" data-element_type=\"widget\" data-e-type=\"widget\" id=\"6\" data-widget_type=\"icon-list.default\">\n\t\t\t\t<div class=\"elementor-widget-container\">\n\t\t\t\t\t\t\t<ul class=\"elementor-icon-list-items\">\n\t\t\t\t\t\t\t<li class=\"elementor-icon-list-item\">\n\t\t\t\t\t\t\t\t\t\t\t<a href=\"https:\/\/www.airef.es\/wp-content\/uploads\/2023\/06\/IMV\/230615.-Opinio%CC%81n.-Segunda-Opinio%CC%81n-IMV_AIReF.pdf\" target=\"_blank\">\n\n\t\t\t\t\t\t\t\t\t\t\t<span class=\"elementor-icon-list-text\">6. Vegeu AIREF (2023). Segunda opini\u00f3n del ingreso m\u00ednimo vital. <\/span>\n\t\t\t\t\t\t\t\t\t\t\t<\/a>\n\t\t\t\t\t\t\t\t\t<\/li>\n\t\t\t\t\t\t<\/ul>\n\t\t\t\t\t\t<\/div>\n\t\t\t\t<\/div>\n\t\t\t\t<div class=\"elementor-element elementor-element-9d4cb21 elementor-icon-list--layout-traditional elementor-list-item-link-full_width elementor-widget elementor-widget-icon-list\" data-id=\"9d4cb21\" data-element_type=\"widget\" data-e-type=\"widget\" id=\"7\" data-widget_type=\"icon-list.default\">\n\t\t\t\t<div class=\"elementor-widget-container\">\n\t\t\t\t\t\t\t<ul class=\"elementor-icon-list-items\">\n\t\t\t\t\t\t\t<li class=\"elementor-icon-list-item\">\n\t\t\t\t\t\t\t\t\t\t\t<a href=\"https:\/\/www.inclusion.gob.es\/ca\/\" target=\"_blank\">\n\n\t\t\t\t\t\t\t\t\t\t\t<span class=\"elementor-icon-list-text\">7.  Ministeri d\u2019Inclusi\u00f3, Seguretat Social i Migracions (2024). Estad\u00edsticas del e.<\/span>\n\t\t\t\t\t\t\t\t\t\t\t<\/a>\n\t\t\t\t\t\t\t\t\t<\/li>\n\t\t\t\t\t\t<\/ul>\n\t\t\t\t\t\t<\/div>\n\t\t\t\t<\/div>\n\t\t\t\t<div class=\"elementor-element elementor-element-ba22c1a elementor-icon-list--layout-traditional elementor-list-item-link-full_width elementor-widget elementor-widget-icon-list\" data-id=\"ba22c1a\" data-element_type=\"widget\" data-e-type=\"widget\" id=\"8\" data-widget_type=\"icon-list.default\">\n\t\t\t\t<div class=\"elementor-widget-container\">\n\t\t\t\t\t\t\t<ul class=\"elementor-icon-list-items\">\n\t\t\t\t\t\t\t<li class=\"elementor-icon-list-item\">\n\t\t\t\t\t\t\t\t\t\t\t<a href=\"https:\/\/directoressociales.com\/wp-content\/uploads\/2023\/05\/NP.-IMV.-11.05.23.pdf\" target=\"_blank\">\n\n\t\t\t\t\t\t\t\t\t\t\t<span class=\"elementor-icon-list-text\">8. Vegeu nota de premsa d\u201911 de maig de 2023.<\/span>\n\t\t\t\t\t\t\t\t\t\t\t<\/a>\n\t\t\t\t\t\t\t\t\t<\/li>\n\t\t\t\t\t\t<\/ul>\n\t\t\t\t\t\t<\/div>\n\t\t\t\t<\/div>\n\t\t\t\t<div class=\"elementor-element elementor-element-5886fdd elementor-icon-list--layout-traditional elementor-list-item-link-full_width elementor-widget elementor-widget-icon-list\" data-id=\"5886fdd\" data-element_type=\"widget\" data-e-type=\"widget\" id=\"9\" data-widget_type=\"icon-list.default\">\n\t\t\t\t<div class=\"elementor-widget-container\">\n\t\t\t\t\t\t\t<ul class=\"elementor-icon-list-items\">\n\t\t\t\t\t\t\t<li class=\"elementor-icon-list-item\">\n\t\t\t\t\t\t\t\t\t\t<span class=\"elementor-icon-list-text\">9.  En aquest apartat es presenten les dades de gesti\u00f3 dels serveis socials publicades pel Servei de Planificaci\u00f3 Social de la Conselleria d\u2019Afers Socials i Esports.<\/span>\n\t\t\t\t\t\t\t\t\t<\/li>\n\t\t\t\t\t\t<\/ul>\n\t\t\t\t\t\t<\/div>\n\t\t\t\t<\/div>\n\t\t\t\t<div class=\"elementor-element elementor-element-b663d39 elementor-icon-list--layout-traditional elementor-list-item-link-full_width elementor-widget elementor-widget-icon-list\" data-id=\"b663d39\" data-element_type=\"widget\" data-e-type=\"widget\" id=\"10\" data-widget_type=\"icon-list.default\">\n\t\t\t\t<div class=\"elementor-widget-container\">\n\t\t\t\t\t\t\t<ul class=\"elementor-icon-list-items\">\n\t\t\t\t\t\t\t<li class=\"elementor-icon-list-item\">\n\t\t\t\t\t\t\t\t\t\t\t<a href=\"https:\/\/directoressociales.com\/xxiv-dictamen-del-observatorio-estatal-de-la-dependencia\/\" target=\"_blank\">\n\n\t\t\t\t\t\t\t\t\t\t\t<span class=\"elementor-icon-list-text\">10. XXIV Dictamen del Observatorio Estatal de la Dependencia.<\/span>\n\t\t\t\t\t\t\t\t\t\t\t<\/a>\n\t\t\t\t\t\t\t\t\t<\/li>\n\t\t\t\t\t\t<\/ul>\n\t\t\t\t\t\t<\/div>\n\t\t\t\t<\/div>\n\t\t\t\t\t<\/div>\n\t\t<\/div>\n\t\t\t\t\t<\/div>\n\t\t<\/section>\n\t\t\t\t<\/div>\n\t\t","protected":false},"excerpt":{"rendered":"<p>2. Pobresa, exclusi\u00f3 i protecci\u00f3 social Anna Grau Casajust Descarregar CAP III. 2. Pobresa, exclusi\u00f3 i protecci\u00f3 social La taxa de pobresa \u00e9s inferior a la mitjana espanyola, per\u00f2 augmenten les persones amb retards en el pagament de l\u2019habitatge Per primera vegada a la mem\u00f2ria del CES de les Illes Balears, es presenten conjuntament els [&hellip;]<\/p>\n","protected":false},"author":1,"featured_media":2090,"comment_status":"open","ping_status":"open","sticky":false,"template":"","format":"standard","meta":{"footnotes":""},"categories":[6],"tags":[],"class_list":["post-2089","post","type-post","status-publish","format-standard","has-post-thumbnail","hentry","category-capitoliii"],"yoast_head":"<!-- This site is optimized with the Yoast SEO plugin v27.3 - https:\/\/yoast.com\/product\/yoast-seo-wordpress\/ -->\n<title>2. Pobresa, exclusi\u00f3 i protecci\u00f3 social - Memoria CES 2023<\/title>\n<meta name=\"robots\" content=\"index, follow, max-snippet:-1, max-image-preview:large, max-video-preview:-1\" \/>\n<link rel=\"canonical\" href=\"https:\/\/memoriacesib.es\/2023\/2-pobresa-exclusio-i-proteccio-social\/\" \/>\n<meta property=\"og:locale\" content=\"es_ES\" \/>\n<meta property=\"og:type\" content=\"article\" \/>\n<meta property=\"og:title\" content=\"2. Pobresa, exclusi\u00f3 i protecci\u00f3 social - Memoria CES 2023\" \/>\n<meta property=\"og:description\" content=\"2. Pobresa, exclusi\u00f3 i protecci\u00f3 social Anna Grau Casajust Descarregar CAP III. 2. Pobresa, exclusi\u00f3 i protecci\u00f3 social La taxa de pobresa \u00e9s inferior a la mitjana espanyola, per\u00f2 augmenten les persones amb retards en el pagament de l\u2019habitatge Per primera vegada a la mem\u00f2ria del CES de les Illes Balears, es presenten conjuntament els [&hellip;]\" \/>\n<meta property=\"og:url\" content=\"https:\/\/memoriacesib.es\/2023\/2-pobresa-exclusio-i-proteccio-social\/\" \/>\n<meta property=\"og:site_name\" content=\"Memoria CES 2023\" \/>\n<meta property=\"article:publisher\" content=\"https:\/\/www.facebook.com\/cesillesbalears\" \/>\n<meta property=\"article:published_time\" content=\"2023-08-13T08:05:31+00:00\" \/>\n<meta property=\"article:modified_time\" content=\"2024-08-28T08:29:17+00:00\" \/>\n<meta property=\"og:image\" content=\"https:\/\/memoriacesib.es\/2023\/wp-content\/uploads\/2023\/08\/Benestar-economic.jpg\" \/>\n\t<meta property=\"og:image:width\" content=\"768\" \/>\n\t<meta property=\"og:image:height\" content=\"768\" \/>\n\t<meta property=\"og:image:type\" content=\"image\/jpeg\" \/>\n<meta name=\"author\" content=\"admin\" \/>\n<meta name=\"twitter:card\" content=\"summary_large_image\" \/>\n<meta name=\"twitter:creator\" content=\"@ces_ib\" \/>\n<meta name=\"twitter:site\" content=\"@ces_ib\" \/>\n<meta name=\"twitter:label1\" content=\"Escrito por\" \/>\n\t<meta name=\"twitter:data1\" content=\"admin\" \/>\n\t<meta name=\"twitter:label2\" content=\"Tiempo de lectura\" \/>\n\t<meta name=\"twitter:data2\" content=\"7 minutos\" \/>\n<script type=\"application\/ld+json\" class=\"yoast-schema-graph\">{\"@context\":\"https:\\\/\\\/schema.org\",\"@graph\":[{\"@type\":\"Article\",\"@id\":\"https:\\\/\\\/memoriacesib.es\\\/2023\\\/2-pobresa-exclusio-i-proteccio-social\\\/#article\",\"isPartOf\":{\"@id\":\"https:\\\/\\\/memoriacesib.es\\\/2023\\\/2-pobresa-exclusio-i-proteccio-social\\\/\"},\"author\":{\"name\":\"admin\",\"@id\":\"https:\\\/\\\/memoriacesib.es\\\/2023\\\/#\\\/schema\\\/person\\\/2936f44710febf12ed5d851c6aa74117\"},\"headline\":\"2. Pobresa, exclusi\u00f3 i protecci\u00f3 social\",\"datePublished\":\"2023-08-13T08:05:31+00:00\",\"dateModified\":\"2024-08-28T08:29:17+00:00\",\"mainEntityOfPage\":{\"@id\":\"https:\\\/\\\/memoriacesib.es\\\/2023\\\/2-pobresa-exclusio-i-proteccio-social\\\/\"},\"wordCount\":1349,\"commentCount\":0,\"publisher\":{\"@id\":\"https:\\\/\\\/memoriacesib.es\\\/2023\\\/#organization\"},\"image\":{\"@id\":\"https:\\\/\\\/memoriacesib.es\\\/2023\\\/2-pobresa-exclusio-i-proteccio-social\\\/#primaryimage\"},\"thumbnailUrl\":\"https:\\\/\\\/memoriacesib.es\\\/2023\\\/wp-content\\\/uploads\\\/2023\\\/08\\\/Benestar-economic.jpg\",\"articleSection\":[\"Cap\u00edtol III\"],\"inLanguage\":\"es\",\"potentialAction\":[{\"@type\":\"CommentAction\",\"name\":\"Comment\",\"target\":[\"https:\\\/\\\/memoriacesib.es\\\/2023\\\/2-pobresa-exclusio-i-proteccio-social\\\/#respond\"]}]},{\"@type\":\"WebPage\",\"@id\":\"https:\\\/\\\/memoriacesib.es\\\/2023\\\/2-pobresa-exclusio-i-proteccio-social\\\/\",\"url\":\"https:\\\/\\\/memoriacesib.es\\\/2023\\\/2-pobresa-exclusio-i-proteccio-social\\\/\",\"name\":\"2. Pobresa, exclusi\u00f3 i protecci\u00f3 social - Memoria CES 2023\",\"isPartOf\":{\"@id\":\"https:\\\/\\\/memoriacesib.es\\\/2023\\\/#website\"},\"primaryImageOfPage\":{\"@id\":\"https:\\\/\\\/memoriacesib.es\\\/2023\\\/2-pobresa-exclusio-i-proteccio-social\\\/#primaryimage\"},\"image\":{\"@id\":\"https:\\\/\\\/memoriacesib.es\\\/2023\\\/2-pobresa-exclusio-i-proteccio-social\\\/#primaryimage\"},\"thumbnailUrl\":\"https:\\\/\\\/memoriacesib.es\\\/2023\\\/wp-content\\\/uploads\\\/2023\\\/08\\\/Benestar-economic.jpg\",\"datePublished\":\"2023-08-13T08:05:31+00:00\",\"dateModified\":\"2024-08-28T08:29:17+00:00\",\"breadcrumb\":{\"@id\":\"https:\\\/\\\/memoriacesib.es\\\/2023\\\/2-pobresa-exclusio-i-proteccio-social\\\/#breadcrumb\"},\"inLanguage\":\"es\",\"potentialAction\":[{\"@type\":\"ReadAction\",\"target\":[\"https:\\\/\\\/memoriacesib.es\\\/2023\\\/2-pobresa-exclusio-i-proteccio-social\\\/\"]}]},{\"@type\":\"ImageObject\",\"inLanguage\":\"es\",\"@id\":\"https:\\\/\\\/memoriacesib.es\\\/2023\\\/2-pobresa-exclusio-i-proteccio-social\\\/#primaryimage\",\"url\":\"https:\\\/\\\/memoriacesib.es\\\/2023\\\/wp-content\\\/uploads\\\/2023\\\/08\\\/Benestar-economic.jpg\",\"contentUrl\":\"https:\\\/\\\/memoriacesib.es\\\/2023\\\/wp-content\\\/uploads\\\/2023\\\/08\\\/Benestar-economic.jpg\",\"width\":768,\"height\":768},{\"@type\":\"BreadcrumbList\",\"@id\":\"https:\\\/\\\/memoriacesib.es\\\/2023\\\/2-pobresa-exclusio-i-proteccio-social\\\/#breadcrumb\",\"itemListElement\":[{\"@type\":\"ListItem\",\"position\":1,\"name\":\"Portada\",\"item\":\"https:\\\/\\\/memoriacesib.es\\\/2023\\\/\"},{\"@type\":\"ListItem\",\"position\":2,\"name\":\"2. Pobresa, exclusi\u00f3 i protecci\u00f3 social\"}]},{\"@type\":\"WebSite\",\"@id\":\"https:\\\/\\\/memoriacesib.es\\\/2023\\\/#website\",\"url\":\"https:\\\/\\\/memoriacesib.es\\\/2023\\\/\",\"name\":\"Memoria CES 2023\",\"description\":\"Memoria CES 2023\",\"publisher\":{\"@id\":\"https:\\\/\\\/memoriacesib.es\\\/2023\\\/#organization\"},\"potentialAction\":[{\"@type\":\"SearchAction\",\"target\":{\"@type\":\"EntryPoint\",\"urlTemplate\":\"https:\\\/\\\/memoriacesib.es\\\/2023\\\/?s={search_term_string}\"},\"query-input\":{\"@type\":\"PropertyValueSpecification\",\"valueRequired\":true,\"valueName\":\"search_term_string\"}}],\"inLanguage\":\"es\"},{\"@type\":\"Organization\",\"@id\":\"https:\\\/\\\/memoriacesib.es\\\/2023\\\/#organization\",\"name\":\"Consell Economic i Social de les Illes Balears (CES)\",\"url\":\"https:\\\/\\\/memoriacesib.es\\\/2023\\\/\",\"logo\":{\"@type\":\"ImageObject\",\"inLanguage\":\"es\",\"@id\":\"https:\\\/\\\/memoriacesib.es\\\/2023\\\/#\\\/schema\\\/logo\\\/image\\\/\",\"url\":\"https:\\\/\\\/memoriacesib.es\\\/2023\\\/wp-content\\\/uploads\\\/2023\\\/06\\\/Logo-Memoria-Ces-2023.png\",\"contentUrl\":\"https:\\\/\\\/memoriacesib.es\\\/2023\\\/wp-content\\\/uploads\\\/2023\\\/06\\\/Logo-Memoria-Ces-2023.png\",\"width\":800,\"height\":195,\"caption\":\"Consell Economic i Social de les Illes Balears (CES)\"},\"image\":{\"@id\":\"https:\\\/\\\/memoriacesib.es\\\/2023\\\/#\\\/schema\\\/logo\\\/image\\\/\"},\"sameAs\":[\"https:\\\/\\\/www.facebook.com\\\/cesillesbalears\",\"https:\\\/\\\/x.com\\\/ces_ib\",\"https:\\\/\\\/www.youtube.com\\\/channel\\\/UCrEmO9wh7KlUaQ9dWzvYrVg\"]},{\"@type\":\"Person\",\"@id\":\"https:\\\/\\\/memoriacesib.es\\\/2023\\\/#\\\/schema\\\/person\\\/2936f44710febf12ed5d851c6aa74117\",\"name\":\"admin\",\"image\":{\"@type\":\"ImageObject\",\"inLanguage\":\"es\",\"@id\":\"https:\\\/\\\/secure.gravatar.com\\\/avatar\\\/42a3717e1ac37e7f2d90262c48d11756024e6ed18ebaae3567f6c00866abe5f2?s=96&d=mm&r=g\",\"url\":\"https:\\\/\\\/secure.gravatar.com\\\/avatar\\\/42a3717e1ac37e7f2d90262c48d11756024e6ed18ebaae3567f6c00866abe5f2?s=96&d=mm&r=g\",\"contentUrl\":\"https:\\\/\\\/secure.gravatar.com\\\/avatar\\\/42a3717e1ac37e7f2d90262c48d11756024e6ed18ebaae3567f6c00866abe5f2?s=96&d=mm&r=g\",\"caption\":\"admin\"},\"sameAs\":[\"http:\\\/\\\/memoriacesib.es\\\/2023\"],\"url\":\"https:\\\/\\\/memoriacesib.es\\\/2023\\\/author\\\/admin\\\/\"}]}<\/script>\n<!-- \/ Yoast SEO plugin. -->","yoast_head_json":{"title":"2. Pobresa, exclusi\u00f3 i protecci\u00f3 social - Memoria CES 2023","robots":{"index":"index","follow":"follow","max-snippet":"max-snippet:-1","max-image-preview":"max-image-preview:large","max-video-preview":"max-video-preview:-1"},"canonical":"https:\/\/memoriacesib.es\/2023\/2-pobresa-exclusio-i-proteccio-social\/","og_locale":"es_ES","og_type":"article","og_title":"2. Pobresa, exclusi\u00f3 i protecci\u00f3 social - Memoria CES 2023","og_description":"2. Pobresa, exclusi\u00f3 i protecci\u00f3 social Anna Grau Casajust Descarregar CAP III. 2. Pobresa, exclusi\u00f3 i protecci\u00f3 social La taxa de pobresa \u00e9s inferior a la mitjana espanyola, per\u00f2 augmenten les persones amb retards en el pagament de l\u2019habitatge Per primera vegada a la mem\u00f2ria del CES de les Illes Balears, es presenten conjuntament els [&hellip;]","og_url":"https:\/\/memoriacesib.es\/2023\/2-pobresa-exclusio-i-proteccio-social\/","og_site_name":"Memoria CES 2023","article_publisher":"https:\/\/www.facebook.com\/cesillesbalears","article_published_time":"2023-08-13T08:05:31+00:00","article_modified_time":"2024-08-28T08:29:17+00:00","og_image":[{"width":768,"height":768,"url":"https:\/\/memoriacesib.es\/2023\/wp-content\/uploads\/2023\/08\/Benestar-economic.jpg","type":"image\/jpeg"}],"author":"admin","twitter_card":"summary_large_image","twitter_creator":"@ces_ib","twitter_site":"@ces_ib","twitter_misc":{"Escrito por":"admin","Tiempo de lectura":"7 minutos"},"schema":{"@context":"https:\/\/schema.org","@graph":[{"@type":"Article","@id":"https:\/\/memoriacesib.es\/2023\/2-pobresa-exclusio-i-proteccio-social\/#article","isPartOf":{"@id":"https:\/\/memoriacesib.es\/2023\/2-pobresa-exclusio-i-proteccio-social\/"},"author":{"name":"admin","@id":"https:\/\/memoriacesib.es\/2023\/#\/schema\/person\/2936f44710febf12ed5d851c6aa74117"},"headline":"2. Pobresa, exclusi\u00f3 i protecci\u00f3 social","datePublished":"2023-08-13T08:05:31+00:00","dateModified":"2024-08-28T08:29:17+00:00","mainEntityOfPage":{"@id":"https:\/\/memoriacesib.es\/2023\/2-pobresa-exclusio-i-proteccio-social\/"},"wordCount":1349,"commentCount":0,"publisher":{"@id":"https:\/\/memoriacesib.es\/2023\/#organization"},"image":{"@id":"https:\/\/memoriacesib.es\/2023\/2-pobresa-exclusio-i-proteccio-social\/#primaryimage"},"thumbnailUrl":"https:\/\/memoriacesib.es\/2023\/wp-content\/uploads\/2023\/08\/Benestar-economic.jpg","articleSection":["Cap\u00edtol III"],"inLanguage":"es","potentialAction":[{"@type":"CommentAction","name":"Comment","target":["https:\/\/memoriacesib.es\/2023\/2-pobresa-exclusio-i-proteccio-social\/#respond"]}]},{"@type":"WebPage","@id":"https:\/\/memoriacesib.es\/2023\/2-pobresa-exclusio-i-proteccio-social\/","url":"https:\/\/memoriacesib.es\/2023\/2-pobresa-exclusio-i-proteccio-social\/","name":"2. Pobresa, exclusi\u00f3 i protecci\u00f3 social - Memoria CES 2023","isPartOf":{"@id":"https:\/\/memoriacesib.es\/2023\/#website"},"primaryImageOfPage":{"@id":"https:\/\/memoriacesib.es\/2023\/2-pobresa-exclusio-i-proteccio-social\/#primaryimage"},"image":{"@id":"https:\/\/memoriacesib.es\/2023\/2-pobresa-exclusio-i-proteccio-social\/#primaryimage"},"thumbnailUrl":"https:\/\/memoriacesib.es\/2023\/wp-content\/uploads\/2023\/08\/Benestar-economic.jpg","datePublished":"2023-08-13T08:05:31+00:00","dateModified":"2024-08-28T08:29:17+00:00","breadcrumb":{"@id":"https:\/\/memoriacesib.es\/2023\/2-pobresa-exclusio-i-proteccio-social\/#breadcrumb"},"inLanguage":"es","potentialAction":[{"@type":"ReadAction","target":["https:\/\/memoriacesib.es\/2023\/2-pobresa-exclusio-i-proteccio-social\/"]}]},{"@type":"ImageObject","inLanguage":"es","@id":"https:\/\/memoriacesib.es\/2023\/2-pobresa-exclusio-i-proteccio-social\/#primaryimage","url":"https:\/\/memoriacesib.es\/2023\/wp-content\/uploads\/2023\/08\/Benestar-economic.jpg","contentUrl":"https:\/\/memoriacesib.es\/2023\/wp-content\/uploads\/2023\/08\/Benestar-economic.jpg","width":768,"height":768},{"@type":"BreadcrumbList","@id":"https:\/\/memoriacesib.es\/2023\/2-pobresa-exclusio-i-proteccio-social\/#breadcrumb","itemListElement":[{"@type":"ListItem","position":1,"name":"Portada","item":"https:\/\/memoriacesib.es\/2023\/"},{"@type":"ListItem","position":2,"name":"2. Pobresa, exclusi\u00f3 i protecci\u00f3 social"}]},{"@type":"WebSite","@id":"https:\/\/memoriacesib.es\/2023\/#website","url":"https:\/\/memoriacesib.es\/2023\/","name":"Memoria CES 2023","description":"Memoria CES 2023","publisher":{"@id":"https:\/\/memoriacesib.es\/2023\/#organization"},"potentialAction":[{"@type":"SearchAction","target":{"@type":"EntryPoint","urlTemplate":"https:\/\/memoriacesib.es\/2023\/?s={search_term_string}"},"query-input":{"@type":"PropertyValueSpecification","valueRequired":true,"valueName":"search_term_string"}}],"inLanguage":"es"},{"@type":"Organization","@id":"https:\/\/memoriacesib.es\/2023\/#organization","name":"Consell Economic i Social de les Illes Balears (CES)","url":"https:\/\/memoriacesib.es\/2023\/","logo":{"@type":"ImageObject","inLanguage":"es","@id":"https:\/\/memoriacesib.es\/2023\/#\/schema\/logo\/image\/","url":"https:\/\/memoriacesib.es\/2023\/wp-content\/uploads\/2023\/06\/Logo-Memoria-Ces-2023.png","contentUrl":"https:\/\/memoriacesib.es\/2023\/wp-content\/uploads\/2023\/06\/Logo-Memoria-Ces-2023.png","width":800,"height":195,"caption":"Consell Economic i Social de les Illes Balears (CES)"},"image":{"@id":"https:\/\/memoriacesib.es\/2023\/#\/schema\/logo\/image\/"},"sameAs":["https:\/\/www.facebook.com\/cesillesbalears","https:\/\/x.com\/ces_ib","https:\/\/www.youtube.com\/channel\/UCrEmO9wh7KlUaQ9dWzvYrVg"]},{"@type":"Person","@id":"https:\/\/memoriacesib.es\/2023\/#\/schema\/person\/2936f44710febf12ed5d851c6aa74117","name":"admin","image":{"@type":"ImageObject","inLanguage":"es","@id":"https:\/\/secure.gravatar.com\/avatar\/42a3717e1ac37e7f2d90262c48d11756024e6ed18ebaae3567f6c00866abe5f2?s=96&d=mm&r=g","url":"https:\/\/secure.gravatar.com\/avatar\/42a3717e1ac37e7f2d90262c48d11756024e6ed18ebaae3567f6c00866abe5f2?s=96&d=mm&r=g","contentUrl":"https:\/\/secure.gravatar.com\/avatar\/42a3717e1ac37e7f2d90262c48d11756024e6ed18ebaae3567f6c00866abe5f2?s=96&d=mm&r=g","caption":"admin"},"sameAs":["http:\/\/memoriacesib.es\/2023"],"url":"https:\/\/memoriacesib.es\/2023\/author\/admin\/"}]}},"_links":{"self":[{"href":"https:\/\/memoriacesib.es\/2023\/wp-json\/wp\/v2\/posts\/2089","targetHints":{"allow":["GET"]}}],"collection":[{"href":"https:\/\/memoriacesib.es\/2023\/wp-json\/wp\/v2\/posts"}],"about":[{"href":"https:\/\/memoriacesib.es\/2023\/wp-json\/wp\/v2\/types\/post"}],"author":[{"embeddable":true,"href":"https:\/\/memoriacesib.es\/2023\/wp-json\/wp\/v2\/users\/1"}],"replies":[{"embeddable":true,"href":"https:\/\/memoriacesib.es\/2023\/wp-json\/wp\/v2\/comments?post=2089"}],"version-history":[{"count":56,"href":"https:\/\/memoriacesib.es\/2023\/wp-json\/wp\/v2\/posts\/2089\/revisions"}],"predecessor-version":[{"id":3596,"href":"https:\/\/memoriacesib.es\/2023\/wp-json\/wp\/v2\/posts\/2089\/revisions\/3596"}],"wp:featuredmedia":[{"embeddable":true,"href":"https:\/\/memoriacesib.es\/2023\/wp-json\/wp\/v2\/media\/2090"}],"wp:attachment":[{"href":"https:\/\/memoriacesib.es\/2023\/wp-json\/wp\/v2\/media?parent=2089"}],"wp:term":[{"taxonomy":"category","embeddable":true,"href":"https:\/\/memoriacesib.es\/2023\/wp-json\/wp\/v2\/categories?post=2089"},{"taxonomy":"post_tag","embeddable":true,"href":"https:\/\/memoriacesib.es\/2023\/wp-json\/wp\/v2\/tags?post=2089"}],"curies":[{"name":"wp","href":"https:\/\/api.w.org\/{rel}","templated":true}]}}