{"id":2242,"date":"2023-08-13T09:13:18","date_gmt":"2023-08-13T09:13:18","guid":{"rendered":"http:\/\/memoriacesib.es\/2023\/?p=2242"},"modified":"2024-08-28T08:48:37","modified_gmt":"2024-08-28T08:48:37","slug":"4-educacio","status":"publish","type":"post","link":"https:\/\/memoriacesib.es\/2023\/4-educacio\/","title":{"rendered":"4. Educaci\u00f3"},"content":{"rendered":"\t\t<div data-elementor-type=\"wp-post\" data-elementor-id=\"2242\" class=\"elementor elementor-2242\" data-elementor-post-type=\"post\">\n\t\t\t\t\t\t<section class=\"elementor-section elementor-top-section elementor-element elementor-element-360e13cf elementor-section-boxed elementor-section-height-default elementor-section-height-default\" data-id=\"360e13cf\" data-element_type=\"section\" data-e-type=\"section\">\n\t\t\t\t\t\t<div class=\"elementor-container elementor-column-gap-default\">\n\t\t\t\t\t<div class=\"elementor-column elementor-col-100 elementor-top-column elementor-element elementor-element-5196f3f8\" data-id=\"5196f3f8\" data-element_type=\"column\" data-e-type=\"column\">\n\t\t\t<div class=\"elementor-widget-wrap elementor-element-populated\">\n\t\t\t\t\t\t<div class=\"elementor-element elementor-element-78507fdf elementor-widget elementor-widget-heading\" data-id=\"78507fdf\" data-element_type=\"widget\" data-e-type=\"widget\" data-widget_type=\"heading.default\">\n\t\t\t\t<div class=\"elementor-widget-container\">\n\t\t\t\t\t<h1 class=\"elementor-heading-title elementor-size-default\">4. Educaci\u00f3<\/h1>\t\t\t\t<\/div>\n\t\t\t\t<\/div>\n\t\t\t\t<div class=\"elementor-element elementor-element-7988dc24 elementor-icon-list--layout-inline elementor-align-end elementor-list-item-link-full_width elementor-widget elementor-widget-icon-list\" data-id=\"7988dc24\" data-element_type=\"widget\" data-e-type=\"widget\" data-widget_type=\"icon-list.default\">\n\t\t\t\t<div class=\"elementor-widget-container\">\n\t\t\t\t\t\t\t<ul class=\"elementor-icon-list-items elementor-inline-items\">\n\t\t\t\t\t\t\t<li class=\"elementor-icon-list-item elementor-inline-item\">\n\t\t\t\t\t\t\t\t\t\t<span class=\"elementor-icon-list-text\">Joan Amer Fern\u00e1ndez<\/span>\n\t\t\t\t\t\t\t\t\t<\/li>\n\t\t\t\t\t\t\t\t<li class=\"elementor-icon-list-item elementor-inline-item\">\n\t\t\t\t\t\t\t\t\t\t<span class=\"elementor-icon-list-text\">Bel\u00e9n Pasqual Barrio<\/span>\n\t\t\t\t\t\t\t\t\t<\/li>\n\t\t\t\t\t\t\t\t<li class=\"elementor-icon-list-item elementor-inline-item\">\n\t\t\t\t\t\t\t\t\t\t<span class=\"elementor-icon-list-text\">Margarita Vives Barcel\u00f3<\/span>\n\t\t\t\t\t\t\t\t\t<\/li>\n\t\t\t\t\t\t<\/ul>\n\t\t\t\t\t\t<\/div>\n\t\t\t\t<\/div>\n\t\t\t\t<div class=\"elementor-element elementor-element-4570b77e elementor-align-right elementor-widget elementor-widget-button\" data-id=\"4570b77e\" data-element_type=\"widget\" data-e-type=\"widget\" data-widget_type=\"button.default\">\n\t\t\t\t<div class=\"elementor-widget-container\">\n\t\t\t\t\t\t\t\t\t<div class=\"elementor-button-wrapper\">\n\t\t\t\t\t<a class=\"elementor-button elementor-button-link elementor-size-xs\" href=\"https:\/\/memoriacesib.es\/2023\/wp-content\/uploads\/2024\/08\/CAP-III_4.pdf\" target=\"_blank\">\n\t\t\t\t\t\t<span class=\"elementor-button-content-wrapper\">\n\t\t\t\t\t\t<span class=\"elementor-button-icon\">\n\t\t\t\t<i aria-hidden=\"true\" class=\"fas fa-file-pdf\"><\/i>\t\t\t<\/span>\n\t\t\t\t\t\t\t\t\t<span class=\"elementor-button-text\">Descarregar CAP III. 4. Educaci\u00f3<\/span>\n\t\t\t\t\t<\/span>\n\t\t\t\t\t<\/a>\n\t\t\t\t<\/div>\n\t\t\t\t\t\t\t\t<\/div>\n\t\t\t\t<\/div>\n\t\t\t\t<div class=\"elementor-element elementor-element-7460b841 elementor-widget-divider--view-line elementor-widget elementor-widget-divider\" data-id=\"7460b841\" data-element_type=\"widget\" data-e-type=\"widget\" data-widget_type=\"divider.default\">\n\t\t\t\t<div class=\"elementor-widget-container\">\n\t\t\t\t\t\t\t<div class=\"elementor-divider\">\n\t\t\t<span class=\"elementor-divider-separator\">\n\t\t\t\t\t\t<\/span>\n\t\t<\/div>\n\t\t\t\t\t\t<\/div>\n\t\t\t\t<\/div>\n\t\t\t\t\t<\/div>\n\t\t<\/div>\n\t\t\t\t\t<\/div>\n\t\t<\/section>\n\t\t\t\t<section class=\"elementor-section elementor-top-section elementor-element elementor-element-4cd55a27 elementor-section-boxed elementor-section-height-default elementor-section-height-default\" data-id=\"4cd55a27\" data-element_type=\"section\" data-e-type=\"section\">\n\t\t\t\t\t\t<div class=\"elementor-container elementor-column-gap-default\">\n\t\t\t\t\t<div class=\"elementor-column elementor-col-100 elementor-top-column elementor-element elementor-element-7f93e39e\" data-id=\"7f93e39e\" data-element_type=\"column\" data-e-type=\"column\">\n\t\t\t<div class=\"elementor-widget-wrap elementor-element-populated\">\n\t\t\t\t\t\t<div class=\"elementor-element elementor-element-3c72ac21 elementor-widget elementor-widget-text-editor\" data-id=\"3c72ac21\" data-element_type=\"widget\" data-e-type=\"widget\" data-widget_type=\"text-editor.default\">\n\t\t\t\t<div class=\"elementor-widget-container\">\n\t\t\t\t\t\t\t\t\t<p class=\"p1\">Les dades educatives de les Illes Balears s\u2019analitzen des d\u2019una mirada evolutiva i tot establint comparacions amb les dades del conjunt espanyol, per establir un diagn\u00f2stic. S\u2019estudien, entre d\u2019altres, les xifres d\u2019escolaritzaci\u00f3, els nombres als distints nivells educatius, les taxes d\u2019alumnes per professor, l\u2019esperan\u00e7a de vida escolar, el percentatge d\u2019alumnes estrangers, les taxes d\u2019escolaritzaci\u00f3 postobligat\u00f2ria, les taxes d\u2019idone\u00eftat a distintes edats, els nivells de formaci\u00f3 de la poblaci\u00f3 per grups d\u2019edat i sexe, la despesa p\u00fablica per alumne en ensenyament no universitari. En refer\u00e8ncia als principals indicadors, les dades assenyalen una tend\u00e8ncia d\u2019ascens en les xifres d\u2019escolaritzaci\u00f3, un augment destacable en la formaci\u00f3 professional, una pres\u00e8ncia rellevant d\u2019alumnes estrangers, un descens continuat en la taxa de nombre d\u2019alumnes per professor i unes taxes d\u2019escolaritzaci\u00f3 postobligat\u00f2ries millorables.<\/p>\n<p style=\"font-weight: 400;\"><span style=\"color: #9d6c92; font-size: 25px;\"><b><i>L\u2019esperan\u00e7a de vida escolar a les Illes Balears \u00e9s menor que l\u2019estatal<\/i><\/b><\/span><\/p>\n<p class=\"p1\">Quant a la despesa p\u00fablica, aquesta augmenta de manera sostinguda en el per\u00edode analitzat. Pel que a les dades universit\u00e0ries, cal destacar el lleuger augment del nombre d\u2019alumnes a la Universitat de les Illes Balears i el petit descens de la UIB en el r\u00e0nquing universitari analitzat. Tot plegat s\u2019analitza, sempre que hi ha dades disponibles, des d\u2019una perspectiva de g\u00e8nere, amb la qual cosa es detecta una pauta diferenciada en la qual les dones obtenen millors resultats que els homes, tant a escala de l\u2019arxip\u00e8lag com estatal.<\/p>\n<p class=\"p1\">Les dades dels ensenyaments de r\u00e8gim general continuen mostrant una tend\u00e8ncia d\u2019ascens sostingut de l\u2019escolaritzaci\u00f3 a les Balears. El total de la matr\u00edcula \u00e9s de 195.466 alumnes (curs 2021\/22), 1.589 alumnes m\u00e9s que el curs anterior, i es concentra (amb m\u00e9s del 77<span class=\"s2\">\u2009<\/span>% de la matr\u00edcula) als nivells de prim\u00e0ria (70.209), ESO (50.754) i segon cicle d\u2019educaci\u00f3 infantil (30.046).<\/p>\n<p class=\"p1\">Amb la lectura de la s\u00e8rie dels darrers anys, des del curs 2016\/17 fins al 2022\/23 s\u2019observa una evoluci\u00f3 progressiva i sostinguda de la matr\u00edcula en l\u2019educaci\u00f3 secund\u00e0ria obligat\u00f2ria, el batxillerat i l\u2019FP b\u00e0sica. El creixement m\u00e9s destacat al llarg d\u2019aquest per\u00edode se situa en la formaci\u00f3 professional de grau mitj\u00e0 i superior (incloent-hi l\u2019alumnat dels estudis presencials i a dist\u00e0ncia), amb un 39,7<span class=\"s2\">\u2009<\/span>% i 29,7<span class=\"s2\">\u2009<\/span>% d\u2019augment de la matr\u00edcula respectivament.<\/p>\n<p class=\"p1\">El balan\u00e7 global de la distribuci\u00f3 de la matr\u00edcula per titularitat de centre apunta que un 65,2<span class=\"s2\">\u2009<\/span>% dels alumnes estan escolaritzats en centres p\u00fablics, un 26,7<span class=\"s2\">\u2009<\/span>% en centres privats concertats i un 8,1<span class=\"s2\">\u2009<\/span>% en centres privats no concertats.<\/p>\n<p class=\"p1\">Les Balears s\u00f3n una de les comunitats aut\u00f2nomes amb m\u00e9s pres\u00e8ncia d\u2019alumnat estranger. La revisi\u00f3 de les dades del curs 2021\/22 mostra que es mant\u00e9 la tend\u00e8ncia ascendent dels darrers anys, que, encara que \u00e9s com\u00fa a tot l\u2019Estat, t\u00e9 m\u00e9s pes a les Balears. La dist\u00e0ncia entre les dades auton\u00f2miques i estatals en els darrers cursos ha estat al voltant dels 5 punts i per al curs 2021\/22 arriba a 5,9 punts, amb un percentatge d\u2019alumnes estrangers a les Balears del 16,3<span class=\"s2\">\u2009<\/span>% (10,4<span class=\"s2\">\u2009<\/span>% per al conjunt estatal).<\/p>\t\t\t\t\t\t\t\t<\/div>\n\t\t\t\t<\/div>\n\t\t\t\t\t<\/div>\n\t\t<\/div>\n\t\t\t\t\t<\/div>\n\t\t<\/section>\n\t\t\t\t<section class=\"elementor-section elementor-top-section elementor-element elementor-element-603bd343 elementor-section-boxed elementor-section-height-default elementor-section-height-default\" data-id=\"603bd343\" data-element_type=\"section\" data-e-type=\"section\">\n\t\t\t\t\t\t<div class=\"elementor-container elementor-column-gap-default\">\n\t\t\t\t\t<div class=\"elementor-column elementor-col-100 elementor-top-column elementor-element elementor-element-28380cb5\" data-id=\"28380cb5\" data-element_type=\"column\" data-e-type=\"column\">\n\t\t\t<div class=\"elementor-widget-wrap elementor-element-populated\">\n\t\t\t\t\t\t<div class=\"elementor-element elementor-element-262a685d elementor-widget-divider--view-line elementor-widget elementor-widget-divider\" data-id=\"262a685d\" data-element_type=\"widget\" data-e-type=\"widget\" data-widget_type=\"divider.default\">\n\t\t\t\t<div class=\"elementor-widget-container\">\n\t\t\t\t\t\t\t<div class=\"elementor-divider\">\n\t\t\t<span class=\"elementor-divider-separator\">\n\t\t\t\t\t\t<\/span>\n\t\t<\/div>\n\t\t\t\t\t\t<\/div>\n\t\t\t\t<\/div>\n\t\t\t\t\t<\/div>\n\t\t<\/div>\n\t\t\t\t\t<\/div>\n\t\t<\/section>\n\t\t\t\t<\/div>\n\t\t","protected":false},"excerpt":{"rendered":"<p>4. Educaci\u00f3 Joan Amer Fern\u00e1ndez Bel\u00e9n Pasqual Barrio Margarita Vives Barcel\u00f3 Descarregar CAP III. 4. Educaci\u00f3 Les dades educatives de les Illes Balears s\u2019analitzen des d\u2019una mirada evolutiva i tot establint comparacions amb les dades del conjunt espanyol, per establir un diagn\u00f2stic. S\u2019estudien, entre d\u2019altres, les xifres d\u2019escolaritzaci\u00f3, els nombres als distints nivells educatius, les [&hellip;]<\/p>\n","protected":false},"author":1,"featured_media":2243,"comment_status":"open","ping_status":"open","sticky":false,"template":"","format":"standard","meta":{"footnotes":""},"categories":[6],"tags":[],"class_list":["post-2242","post","type-post","status-publish","format-standard","has-post-thumbnail","hentry","category-capitoliii"],"yoast_head":"<!-- This site is optimized with the Yoast SEO plugin v27.3 - https:\/\/yoast.com\/product\/yoast-seo-wordpress\/ -->\n<title>4. Educaci\u00f3 - Memoria CES 2023<\/title>\n<meta name=\"robots\" content=\"index, follow, max-snippet:-1, max-image-preview:large, max-video-preview:-1\" \/>\n<link rel=\"canonical\" href=\"https:\/\/memoriacesib.es\/2023\/4-educacio\/\" \/>\n<meta property=\"og:locale\" content=\"es_ES\" \/>\n<meta property=\"og:type\" content=\"article\" \/>\n<meta property=\"og:title\" content=\"4. Educaci\u00f3 - Memoria CES 2023\" \/>\n<meta property=\"og:description\" content=\"4. Educaci\u00f3 Joan Amer Fern\u00e1ndez Bel\u00e9n Pasqual Barrio Margarita Vives Barcel\u00f3 Descarregar CAP III. 4. Educaci\u00f3 Les dades educatives de les Illes Balears s\u2019analitzen des d\u2019una mirada evolutiva i tot establint comparacions amb les dades del conjunt espanyol, per establir un diagn\u00f2stic. S\u2019estudien, entre d\u2019altres, les xifres d\u2019escolaritzaci\u00f3, els nombres als distints nivells educatius, les [&hellip;]\" \/>\n<meta property=\"og:url\" content=\"https:\/\/memoriacesib.es\/2023\/4-educacio\/\" \/>\n<meta property=\"og:site_name\" content=\"Memoria CES 2023\" \/>\n<meta property=\"article:publisher\" content=\"https:\/\/www.facebook.com\/cesillesbalears\" \/>\n<meta property=\"article:published_time\" content=\"2023-08-13T09:13:18+00:00\" \/>\n<meta property=\"article:modified_time\" content=\"2024-08-28T08:48:37+00:00\" \/>\n<meta property=\"og:image\" content=\"https:\/\/memoriacesib.es\/2023\/wp-content\/uploads\/2023\/08\/Educacion.jpg\" \/>\n\t<meta property=\"og:image:width\" content=\"768\" \/>\n\t<meta property=\"og:image:height\" content=\"768\" \/>\n\t<meta property=\"og:image:type\" content=\"image\/jpeg\" \/>\n<meta name=\"author\" content=\"admin\" \/>\n<meta name=\"twitter:card\" content=\"summary_large_image\" \/>\n<meta name=\"twitter:creator\" content=\"@ces_ib\" \/>\n<meta name=\"twitter:site\" content=\"@ces_ib\" \/>\n<meta name=\"twitter:label1\" content=\"Escrito por\" \/>\n\t<meta name=\"twitter:data1\" content=\"admin\" \/>\n\t<meta name=\"twitter:label2\" content=\"Tiempo de lectura\" \/>\n\t<meta name=\"twitter:data2\" content=\"3 minutos\" \/>\n<script type=\"application\/ld+json\" class=\"yoast-schema-graph\">{\"@context\":\"https:\\\/\\\/schema.org\",\"@graph\":[{\"@type\":\"Article\",\"@id\":\"https:\\\/\\\/memoriacesib.es\\\/2023\\\/4-educacio\\\/#article\",\"isPartOf\":{\"@id\":\"https:\\\/\\\/memoriacesib.es\\\/2023\\\/4-educacio\\\/\"},\"author\":{\"name\":\"admin\",\"@id\":\"https:\\\/\\\/memoriacesib.es\\\/2023\\\/#\\\/schema\\\/person\\\/2936f44710febf12ed5d851c6aa74117\"},\"headline\":\"4. Educaci\u00f3\",\"datePublished\":\"2023-08-13T09:13:18+00:00\",\"dateModified\":\"2024-08-28T08:48:37+00:00\",\"mainEntityOfPage\":{\"@id\":\"https:\\\/\\\/memoriacesib.es\\\/2023\\\/4-educacio\\\/\"},\"wordCount\":555,\"commentCount\":0,\"publisher\":{\"@id\":\"https:\\\/\\\/memoriacesib.es\\\/2023\\\/#organization\"},\"image\":{\"@id\":\"https:\\\/\\\/memoriacesib.es\\\/2023\\\/4-educacio\\\/#primaryimage\"},\"thumbnailUrl\":\"https:\\\/\\\/memoriacesib.es\\\/2023\\\/wp-content\\\/uploads\\\/2023\\\/08\\\/Educacion.jpg\",\"articleSection\":[\"Cap\u00edtol III\"],\"inLanguage\":\"es\",\"potentialAction\":[{\"@type\":\"CommentAction\",\"name\":\"Comment\",\"target\":[\"https:\\\/\\\/memoriacesib.es\\\/2023\\\/4-educacio\\\/#respond\"]}]},{\"@type\":\"WebPage\",\"@id\":\"https:\\\/\\\/memoriacesib.es\\\/2023\\\/4-educacio\\\/\",\"url\":\"https:\\\/\\\/memoriacesib.es\\\/2023\\\/4-educacio\\\/\",\"name\":\"4. Educaci\u00f3 - Memoria CES 2023\",\"isPartOf\":{\"@id\":\"https:\\\/\\\/memoriacesib.es\\\/2023\\\/#website\"},\"primaryImageOfPage\":{\"@id\":\"https:\\\/\\\/memoriacesib.es\\\/2023\\\/4-educacio\\\/#primaryimage\"},\"image\":{\"@id\":\"https:\\\/\\\/memoriacesib.es\\\/2023\\\/4-educacio\\\/#primaryimage\"},\"thumbnailUrl\":\"https:\\\/\\\/memoriacesib.es\\\/2023\\\/wp-content\\\/uploads\\\/2023\\\/08\\\/Educacion.jpg\",\"datePublished\":\"2023-08-13T09:13:18+00:00\",\"dateModified\":\"2024-08-28T08:48:37+00:00\",\"breadcrumb\":{\"@id\":\"https:\\\/\\\/memoriacesib.es\\\/2023\\\/4-educacio\\\/#breadcrumb\"},\"inLanguage\":\"es\",\"potentialAction\":[{\"@type\":\"ReadAction\",\"target\":[\"https:\\\/\\\/memoriacesib.es\\\/2023\\\/4-educacio\\\/\"]}]},{\"@type\":\"ImageObject\",\"inLanguage\":\"es\",\"@id\":\"https:\\\/\\\/memoriacesib.es\\\/2023\\\/4-educacio\\\/#primaryimage\",\"url\":\"https:\\\/\\\/memoriacesib.es\\\/2023\\\/wp-content\\\/uploads\\\/2023\\\/08\\\/Educacion.jpg\",\"contentUrl\":\"https:\\\/\\\/memoriacesib.es\\\/2023\\\/wp-content\\\/uploads\\\/2023\\\/08\\\/Educacion.jpg\",\"width\":768,\"height\":768},{\"@type\":\"BreadcrumbList\",\"@id\":\"https:\\\/\\\/memoriacesib.es\\\/2023\\\/4-educacio\\\/#breadcrumb\",\"itemListElement\":[{\"@type\":\"ListItem\",\"position\":1,\"name\":\"Portada\",\"item\":\"https:\\\/\\\/memoriacesib.es\\\/2023\\\/\"},{\"@type\":\"ListItem\",\"position\":2,\"name\":\"4. Educaci\u00f3\"}]},{\"@type\":\"WebSite\",\"@id\":\"https:\\\/\\\/memoriacesib.es\\\/2023\\\/#website\",\"url\":\"https:\\\/\\\/memoriacesib.es\\\/2023\\\/\",\"name\":\"Memoria CES 2023\",\"description\":\"Memoria CES 2023\",\"publisher\":{\"@id\":\"https:\\\/\\\/memoriacesib.es\\\/2023\\\/#organization\"},\"potentialAction\":[{\"@type\":\"SearchAction\",\"target\":{\"@type\":\"EntryPoint\",\"urlTemplate\":\"https:\\\/\\\/memoriacesib.es\\\/2023\\\/?s={search_term_string}\"},\"query-input\":{\"@type\":\"PropertyValueSpecification\",\"valueRequired\":true,\"valueName\":\"search_term_string\"}}],\"inLanguage\":\"es\"},{\"@type\":\"Organization\",\"@id\":\"https:\\\/\\\/memoriacesib.es\\\/2023\\\/#organization\",\"name\":\"Consell Economic i Social de les Illes Balears (CES)\",\"url\":\"https:\\\/\\\/memoriacesib.es\\\/2023\\\/\",\"logo\":{\"@type\":\"ImageObject\",\"inLanguage\":\"es\",\"@id\":\"https:\\\/\\\/memoriacesib.es\\\/2023\\\/#\\\/schema\\\/logo\\\/image\\\/\",\"url\":\"https:\\\/\\\/memoriacesib.es\\\/2023\\\/wp-content\\\/uploads\\\/2023\\\/06\\\/Logo-Memoria-Ces-2023.png\",\"contentUrl\":\"https:\\\/\\\/memoriacesib.es\\\/2023\\\/wp-content\\\/uploads\\\/2023\\\/06\\\/Logo-Memoria-Ces-2023.png\",\"width\":800,\"height\":195,\"caption\":\"Consell Economic i Social de les Illes Balears (CES)\"},\"image\":{\"@id\":\"https:\\\/\\\/memoriacesib.es\\\/2023\\\/#\\\/schema\\\/logo\\\/image\\\/\"},\"sameAs\":[\"https:\\\/\\\/www.facebook.com\\\/cesillesbalears\",\"https:\\\/\\\/x.com\\\/ces_ib\",\"https:\\\/\\\/www.youtube.com\\\/channel\\\/UCrEmO9wh7KlUaQ9dWzvYrVg\"]},{\"@type\":\"Person\",\"@id\":\"https:\\\/\\\/memoriacesib.es\\\/2023\\\/#\\\/schema\\\/person\\\/2936f44710febf12ed5d851c6aa74117\",\"name\":\"admin\",\"image\":{\"@type\":\"ImageObject\",\"inLanguage\":\"es\",\"@id\":\"https:\\\/\\\/secure.gravatar.com\\\/avatar\\\/42a3717e1ac37e7f2d90262c48d11756024e6ed18ebaae3567f6c00866abe5f2?s=96&d=mm&r=g\",\"url\":\"https:\\\/\\\/secure.gravatar.com\\\/avatar\\\/42a3717e1ac37e7f2d90262c48d11756024e6ed18ebaae3567f6c00866abe5f2?s=96&d=mm&r=g\",\"contentUrl\":\"https:\\\/\\\/secure.gravatar.com\\\/avatar\\\/42a3717e1ac37e7f2d90262c48d11756024e6ed18ebaae3567f6c00866abe5f2?s=96&d=mm&r=g\",\"caption\":\"admin\"},\"sameAs\":[\"http:\\\/\\\/memoriacesib.es\\\/2023\"],\"url\":\"https:\\\/\\\/memoriacesib.es\\\/2023\\\/author\\\/admin\\\/\"}]}<\/script>\n<!-- \/ Yoast SEO plugin. -->","yoast_head_json":{"title":"4. Educaci\u00f3 - Memoria CES 2023","robots":{"index":"index","follow":"follow","max-snippet":"max-snippet:-1","max-image-preview":"max-image-preview:large","max-video-preview":"max-video-preview:-1"},"canonical":"https:\/\/memoriacesib.es\/2023\/4-educacio\/","og_locale":"es_ES","og_type":"article","og_title":"4. Educaci\u00f3 - Memoria CES 2023","og_description":"4. Educaci\u00f3 Joan Amer Fern\u00e1ndez Bel\u00e9n Pasqual Barrio Margarita Vives Barcel\u00f3 Descarregar CAP III. 4. Educaci\u00f3 Les dades educatives de les Illes Balears s\u2019analitzen des d\u2019una mirada evolutiva i tot establint comparacions amb les dades del conjunt espanyol, per establir un diagn\u00f2stic. S\u2019estudien, entre d\u2019altres, les xifres d\u2019escolaritzaci\u00f3, els nombres als distints nivells educatius, les [&hellip;]","og_url":"https:\/\/memoriacesib.es\/2023\/4-educacio\/","og_site_name":"Memoria CES 2023","article_publisher":"https:\/\/www.facebook.com\/cesillesbalears","article_published_time":"2023-08-13T09:13:18+00:00","article_modified_time":"2024-08-28T08:48:37+00:00","og_image":[{"width":768,"height":768,"url":"https:\/\/memoriacesib.es\/2023\/wp-content\/uploads\/2023\/08\/Educacion.jpg","type":"image\/jpeg"}],"author":"admin","twitter_card":"summary_large_image","twitter_creator":"@ces_ib","twitter_site":"@ces_ib","twitter_misc":{"Escrito por":"admin","Tiempo de lectura":"3 minutos"},"schema":{"@context":"https:\/\/schema.org","@graph":[{"@type":"Article","@id":"https:\/\/memoriacesib.es\/2023\/4-educacio\/#article","isPartOf":{"@id":"https:\/\/memoriacesib.es\/2023\/4-educacio\/"},"author":{"name":"admin","@id":"https:\/\/memoriacesib.es\/2023\/#\/schema\/person\/2936f44710febf12ed5d851c6aa74117"},"headline":"4. Educaci\u00f3","datePublished":"2023-08-13T09:13:18+00:00","dateModified":"2024-08-28T08:48:37+00:00","mainEntityOfPage":{"@id":"https:\/\/memoriacesib.es\/2023\/4-educacio\/"},"wordCount":555,"commentCount":0,"publisher":{"@id":"https:\/\/memoriacesib.es\/2023\/#organization"},"image":{"@id":"https:\/\/memoriacesib.es\/2023\/4-educacio\/#primaryimage"},"thumbnailUrl":"https:\/\/memoriacesib.es\/2023\/wp-content\/uploads\/2023\/08\/Educacion.jpg","articleSection":["Cap\u00edtol III"],"inLanguage":"es","potentialAction":[{"@type":"CommentAction","name":"Comment","target":["https:\/\/memoriacesib.es\/2023\/4-educacio\/#respond"]}]},{"@type":"WebPage","@id":"https:\/\/memoriacesib.es\/2023\/4-educacio\/","url":"https:\/\/memoriacesib.es\/2023\/4-educacio\/","name":"4. Educaci\u00f3 - Memoria CES 2023","isPartOf":{"@id":"https:\/\/memoriacesib.es\/2023\/#website"},"primaryImageOfPage":{"@id":"https:\/\/memoriacesib.es\/2023\/4-educacio\/#primaryimage"},"image":{"@id":"https:\/\/memoriacesib.es\/2023\/4-educacio\/#primaryimage"},"thumbnailUrl":"https:\/\/memoriacesib.es\/2023\/wp-content\/uploads\/2023\/08\/Educacion.jpg","datePublished":"2023-08-13T09:13:18+00:00","dateModified":"2024-08-28T08:48:37+00:00","breadcrumb":{"@id":"https:\/\/memoriacesib.es\/2023\/4-educacio\/#breadcrumb"},"inLanguage":"es","potentialAction":[{"@type":"ReadAction","target":["https:\/\/memoriacesib.es\/2023\/4-educacio\/"]}]},{"@type":"ImageObject","inLanguage":"es","@id":"https:\/\/memoriacesib.es\/2023\/4-educacio\/#primaryimage","url":"https:\/\/memoriacesib.es\/2023\/wp-content\/uploads\/2023\/08\/Educacion.jpg","contentUrl":"https:\/\/memoriacesib.es\/2023\/wp-content\/uploads\/2023\/08\/Educacion.jpg","width":768,"height":768},{"@type":"BreadcrumbList","@id":"https:\/\/memoriacesib.es\/2023\/4-educacio\/#breadcrumb","itemListElement":[{"@type":"ListItem","position":1,"name":"Portada","item":"https:\/\/memoriacesib.es\/2023\/"},{"@type":"ListItem","position":2,"name":"4. Educaci\u00f3"}]},{"@type":"WebSite","@id":"https:\/\/memoriacesib.es\/2023\/#website","url":"https:\/\/memoriacesib.es\/2023\/","name":"Memoria CES 2023","description":"Memoria CES 2023","publisher":{"@id":"https:\/\/memoriacesib.es\/2023\/#organization"},"potentialAction":[{"@type":"SearchAction","target":{"@type":"EntryPoint","urlTemplate":"https:\/\/memoriacesib.es\/2023\/?s={search_term_string}"},"query-input":{"@type":"PropertyValueSpecification","valueRequired":true,"valueName":"search_term_string"}}],"inLanguage":"es"},{"@type":"Organization","@id":"https:\/\/memoriacesib.es\/2023\/#organization","name":"Consell Economic i Social de les Illes Balears (CES)","url":"https:\/\/memoriacesib.es\/2023\/","logo":{"@type":"ImageObject","inLanguage":"es","@id":"https:\/\/memoriacesib.es\/2023\/#\/schema\/logo\/image\/","url":"https:\/\/memoriacesib.es\/2023\/wp-content\/uploads\/2023\/06\/Logo-Memoria-Ces-2023.png","contentUrl":"https:\/\/memoriacesib.es\/2023\/wp-content\/uploads\/2023\/06\/Logo-Memoria-Ces-2023.png","width":800,"height":195,"caption":"Consell Economic i Social de les Illes Balears (CES)"},"image":{"@id":"https:\/\/memoriacesib.es\/2023\/#\/schema\/logo\/image\/"},"sameAs":["https:\/\/www.facebook.com\/cesillesbalears","https:\/\/x.com\/ces_ib","https:\/\/www.youtube.com\/channel\/UCrEmO9wh7KlUaQ9dWzvYrVg"]},{"@type":"Person","@id":"https:\/\/memoriacesib.es\/2023\/#\/schema\/person\/2936f44710febf12ed5d851c6aa74117","name":"admin","image":{"@type":"ImageObject","inLanguage":"es","@id":"https:\/\/secure.gravatar.com\/avatar\/42a3717e1ac37e7f2d90262c48d11756024e6ed18ebaae3567f6c00866abe5f2?s=96&d=mm&r=g","url":"https:\/\/secure.gravatar.com\/avatar\/42a3717e1ac37e7f2d90262c48d11756024e6ed18ebaae3567f6c00866abe5f2?s=96&d=mm&r=g","contentUrl":"https:\/\/secure.gravatar.com\/avatar\/42a3717e1ac37e7f2d90262c48d11756024e6ed18ebaae3567f6c00866abe5f2?s=96&d=mm&r=g","caption":"admin"},"sameAs":["http:\/\/memoriacesib.es\/2023"],"url":"https:\/\/memoriacesib.es\/2023\/author\/admin\/"}]}},"_links":{"self":[{"href":"https:\/\/memoriacesib.es\/2023\/wp-json\/wp\/v2\/posts\/2242","targetHints":{"allow":["GET"]}}],"collection":[{"href":"https:\/\/memoriacesib.es\/2023\/wp-json\/wp\/v2\/posts"}],"about":[{"href":"https:\/\/memoriacesib.es\/2023\/wp-json\/wp\/v2\/types\/post"}],"author":[{"embeddable":true,"href":"https:\/\/memoriacesib.es\/2023\/wp-json\/wp\/v2\/users\/1"}],"replies":[{"embeddable":true,"href":"https:\/\/memoriacesib.es\/2023\/wp-json\/wp\/v2\/comments?post=2242"}],"version-history":[{"count":59,"href":"https:\/\/memoriacesib.es\/2023\/wp-json\/wp\/v2\/posts\/2242\/revisions"}],"predecessor-version":[{"id":3625,"href":"https:\/\/memoriacesib.es\/2023\/wp-json\/wp\/v2\/posts\/2242\/revisions\/3625"}],"wp:featuredmedia":[{"embeddable":true,"href":"https:\/\/memoriacesib.es\/2023\/wp-json\/wp\/v2\/media\/2243"}],"wp:attachment":[{"href":"https:\/\/memoriacesib.es\/2023\/wp-json\/wp\/v2\/media?parent=2242"}],"wp:term":[{"taxonomy":"category","embeddable":true,"href":"https:\/\/memoriacesib.es\/2023\/wp-json\/wp\/v2\/categories?post=2242"},{"taxonomy":"post_tag","embeddable":true,"href":"https:\/\/memoriacesib.es\/2023\/wp-json\/wp\/v2\/tags?post=2242"}],"curies":[{"name":"wp","href":"https:\/\/api.w.org\/{rel}","templated":true}]}}