{"id":2342,"date":"2023-08-13T10:04:56","date_gmt":"2023-08-13T10:04:56","guid":{"rendered":"http:\/\/memoriacesib.es\/2023\/?p=2342"},"modified":"2024-08-28T08:33:52","modified_gmt":"2024-08-28T08:33:52","slug":"5-habitatge","status":"publish","type":"post","link":"https:\/\/memoriacesib.es\/2023\/5-habitatge\/","title":{"rendered":"5. Habitatge"},"content":{"rendered":"\t\t<div data-elementor-type=\"wp-post\" data-elementor-id=\"2342\" class=\"elementor elementor-2342\" data-elementor-post-type=\"post\">\n\t\t\t\t\t\t<section class=\"elementor-section elementor-top-section elementor-element elementor-element-1a32c486 elementor-section-boxed elementor-section-height-default elementor-section-height-default\" data-id=\"1a32c486\" data-element_type=\"section\" data-e-type=\"section\">\n\t\t\t\t\t\t<div class=\"elementor-container elementor-column-gap-default\">\n\t\t\t\t\t<div class=\"elementor-column elementor-col-100 elementor-top-column elementor-element elementor-element-214ee1c4\" data-id=\"214ee1c4\" data-element_type=\"column\" data-e-type=\"column\">\n\t\t\t<div class=\"elementor-widget-wrap elementor-element-populated\">\n\t\t\t\t\t\t<div class=\"elementor-element elementor-element-3108e622 elementor-widget elementor-widget-heading\" data-id=\"3108e622\" data-element_type=\"widget\" data-e-type=\"widget\" data-widget_type=\"heading.default\">\n\t\t\t\t<div class=\"elementor-widget-container\">\n\t\t\t\t\t<h1 class=\"elementor-heading-title elementor-size-default\">5. Habitatge<\/h1>\t\t\t\t<\/div>\n\t\t\t\t<\/div>\n\t\t\t\t<div class=\"elementor-element elementor-element-4b7a7b73 elementor-icon-list--layout-inline elementor-align-end elementor-list-item-link-full_width elementor-widget elementor-widget-icon-list\" data-id=\"4b7a7b73\" data-element_type=\"widget\" data-e-type=\"widget\" data-widget_type=\"icon-list.default\">\n\t\t\t\t<div class=\"elementor-widget-container\">\n\t\t\t\t\t\t\t<ul class=\"elementor-icon-list-items elementor-inline-items\">\n\t\t\t\t\t\t\t<li class=\"elementor-icon-list-item elementor-inline-item\">\n\t\t\t\t\t\t\t\t\t\t<span class=\"elementor-icon-list-text\">Anna Grau Casajust<\/span>\n\t\t\t\t\t\t\t\t\t<\/li>\n\t\t\t\t\t\t<\/ul>\n\t\t\t\t\t\t<\/div>\n\t\t\t\t<\/div>\n\t\t\t\t<div class=\"elementor-element elementor-element-355d1bb6 elementor-align-right elementor-widget elementor-widget-button\" data-id=\"355d1bb6\" data-element_type=\"widget\" data-e-type=\"widget\" data-widget_type=\"button.default\">\n\t\t\t\t<div class=\"elementor-widget-container\">\n\t\t\t\t\t\t\t\t\t<div class=\"elementor-button-wrapper\">\n\t\t\t\t\t<a class=\"elementor-button elementor-button-link elementor-size-xs\" href=\"https:\/\/memoriacesib.es\/2023\/wp-content\/uploads\/2024\/08\/CAP-III_5.pdf\" target=\"_blank\">\n\t\t\t\t\t\t<span class=\"elementor-button-content-wrapper\">\n\t\t\t\t\t\t<span class=\"elementor-button-icon\">\n\t\t\t\t<i aria-hidden=\"true\" class=\"fas fa-file-pdf\"><\/i>\t\t\t<\/span>\n\t\t\t\t\t\t\t\t\t<span class=\"elementor-button-text\">Descarregar CAP III. 5. Habitatge<\/span>\n\t\t\t\t\t<\/span>\n\t\t\t\t\t<\/a>\n\t\t\t\t<\/div>\n\t\t\t\t\t\t\t\t<\/div>\n\t\t\t\t<\/div>\n\t\t\t\t<div class=\"elementor-element elementor-element-28105bdb elementor-widget-divider--view-line elementor-widget elementor-widget-divider\" data-id=\"28105bdb\" data-element_type=\"widget\" data-e-type=\"widget\" data-widget_type=\"divider.default\">\n\t\t\t\t<div class=\"elementor-widget-container\">\n\t\t\t\t\t\t\t<div class=\"elementor-divider\">\n\t\t\t<span class=\"elementor-divider-separator\">\n\t\t\t\t\t\t<\/span>\n\t\t<\/div>\n\t\t\t\t\t\t<\/div>\n\t\t\t\t<\/div>\n\t\t\t\t\t<\/div>\n\t\t<\/div>\n\t\t\t\t\t<\/div>\n\t\t<\/section>\n\t\t\t\t<section class=\"elementor-section elementor-top-section elementor-element elementor-element-fe3ed95 elementor-section-boxed elementor-section-height-default elementor-section-height-default\" data-id=\"fe3ed95\" data-element_type=\"section\" data-e-type=\"section\">\n\t\t\t\t\t\t<div class=\"elementor-container elementor-column-gap-default\">\n\t\t\t\t\t<div class=\"elementor-column elementor-col-100 elementor-top-column elementor-element elementor-element-3a0d7054\" data-id=\"3a0d7054\" data-element_type=\"column\" data-e-type=\"column\">\n\t\t\t<div class=\"elementor-widget-wrap elementor-element-populated\">\n\t\t\t\t\t\t<div class=\"elementor-element elementor-element-7be68032 elementor-widget elementor-widget-text-editor\" data-id=\"7be68032\" data-element_type=\"widget\" data-e-type=\"widget\" data-widget_type=\"text-editor.default\">\n\t\t\t\t<div class=\"elementor-widget-container\">\n\t\t\t\t\t\t\t\t\t<p style=\"font-weight: 400;\"><span style=\"color: #9d6c92; font-size: 25px;\"><b><i> Les Illes Balears s\u00f3n la comunitat aut\u00f2noma amb el preu mitj\u00e0 de les transaccions m\u00e9s elevat i un habitatge costa, de mitjana, el doble que en el conjunt d\u2019Espanya <\/i><\/b><\/span><\/p><p class=\"p1\">L\u2019any 2023, l\u2019\u00edndex de preus de l\u2019habitatge es va situar en els 163,4 punts, amb la qual cosa es va convertir en l\u2019\u00edndex m\u00e9s alt des del 2008, quan es va iniciar la s\u00e8rie. En comparaci\u00f3 amb el 2022, el preu es va incrementar en un 4,1<span class=\"s1\">\u2009<\/span>% a les Balears (un 9,3<span class=\"s1\">\u2009<\/span>% els habitatges nous i un 3,4<span class=\"s1\">\u2009<\/span>% els de segona m\u00e0).<\/p><p class=\"p1\">Les Balears registren l\u2019\u00edndex m\u00e9s alt de tot Espanya, per davant de la Comunitat de Madrid i de Catalunya.<\/p><p class=\"p1\">El preu del s\u00f2l ha caigut des dels 336,5 euros el metre quadrat el 2022 fins als 320,9 euros\/m<span class=\"s2\"><sup>2<\/sup><\/span> el 2023. El preu mitj\u00e0 del s\u00f2l a Espanya ha estat de 154,4 euros\/m<span class=\"s2\"><sup>2<\/sup><\/span>, un 54<span class=\"s1\">\u2009<\/span>% m\u00e9s barat que en el conjunt de les Balears. Com en el cas del preu de l\u2019habitatge, l\u2019arxip\u00e8lag registra el preu m\u00e9s alt del s\u00f2l de totes les comunitats.<\/p><p class=\"p1\">L\u2019INE inclou, entre les estad\u00edstiques experimentals, l\u2019\u00edndex de preus d\u2019habitatge de lloguer, que t\u00e9 com a principal objectiu mesurar l\u2019evoluci\u00f3 del preu de l\u2019habitatge llogat com a resid\u00e8ncia habitual. Com en els casos anteriors, les Balears, amb dades del 2022, que s\u00f3n les darreres disponibles, registren l\u2019\u00edndex de preus de l\u2019habitatge de lloguer m\u00e9s alt.<\/p><p class=\"p1\">Amb les dades dels preus del lloguer del portal Idealista, el preu mitj\u00e0 per metre quadrat ha passat a les Balears dels 8,2 euros\/m<span class=\"s2\"><sup>2<\/sup><\/span> el desembre de 2015 a 16,1 euros\/m<span class=\"s2\"><sup>2<\/sup><\/span> el desembre de 2023, la qual cosa representa un augment del 96,1<span class=\"s1\">\u2009<\/span>%, quasi el doble, mentre que Espanya ha passat de 7,4 euros\/m<span class=\"s2\"><sup>2<\/sup><\/span> a 12,1 euros\/m<span class=\"s2\"><sup>2<\/sup><\/span>, amb un augment del 63,5<span class=\"s1\">\u2009<\/span>%. La difer\u00e8ncia entre el preu a les Balears i la mitjana de l\u2019Estat \u00e9s del 25<span class=\"s1\">\u2009<\/span>% el desembre de 2023.<\/p><p class=\"p1\">L\u2019any 2023 el nombre de transaccions de compravenda d\u2019habitatges van descendir des de les 19.006 de 2022, que era una de les xifres m\u00e9s elevades de tota la s\u00e8rie, fins a les 15.206. Aix\u00f2 \u00e9s una disminuci\u00f3 del 20<span class=\"s1\">\u2009<\/span>% i s\u2019acosta a les xifres de 2019.<\/p><p class=\"p1\">Pel que fa al lloc de resid\u00e8ncia i nacionalitat dels compradors, les Illes Balears tenen la taxa m\u00e9s elevada de transaccions fetes per no residents a Espanya, del 25<span class=\"s1\">\u2009<\/span>%.<\/p><p class=\"p1\">L\u2019any 2022 el valor mitj\u00e0 de les transaccions de compravenda d\u2019habitatges a les Illes Balears va assolir la xifra r\u00e8cord de 402.700 euros per habitatge. L\u2019any 2023, per diversos factors com els alts tipus d\u2019inter\u00e8s, la xifra ha caigut un 6<span class=\"s1\">\u2009<\/span>%, fins als 377.973 euros. A Espanya, el valor mitj\u00e0 de les transaccions de compravenda ha passat dels 182.425 euros el 2022 fins als 180.749 euros el 2023, amb una baixada del 0,9<span class=\"s1\">\u2009<\/span>%.<\/p><p class=\"p1\">L\u2019any 2022 el preu mitj\u00e0 de les transaccions de compravenda d\u2019habitatges a les Illes Balears va ser de 402.739 euros, mentre que la renda mitjana per llar es va situar en els 21.143 euros. Aix\u00ed, les Balears van ser la primera comunitat aut\u00f2noma quant a preu de les transaccions, i la setena amb renda mitjana per llar. Si es posen en relaci\u00f3 les dues variables, calculant quants anys s\u00f3n necessaris per pagar un habitatge si s\u2019hi dedica un 30<span class=\"s1\">\u2009<\/span>% dels ingressos, aix\u00f2 resulta que l\u2019esfor\u00e7 de les llars de les Illes Balears \u00e9s de 63,5 anys, el m\u00e9s elevat de totes les comunitats aut\u00f2nomes, mentre que la mitjana a l\u2019Estat \u00e9s de 29,4 anys, menys de la meitat.<\/p>\t\t\t\t\t\t\t\t<\/div>\n\t\t\t\t<\/div>\n\t\t\t\t<div class=\"elementor-element elementor-element-bbcfb12 elementor-widget elementor-widget-image\" data-id=\"bbcfb12\" data-element_type=\"widget\" data-e-type=\"widget\" data-widget_type=\"image.default\">\n\t\t\t\t<div class=\"elementor-widget-container\">\n\t\t\t\t\t\t\t\t\t\t\t\t\t\t\t<img fetchpriority=\"high\" decoding=\"async\" width=\"800\" height=\"677\" src=\"https:\/\/memoriacesib.es\/2023\/wp-content\/uploads\/2023\/08\/Grafic-III_5-1024x867.jpg\" class=\"attachment-large size-large wp-image-3419\" alt=\"\" srcset=\"https:\/\/memoriacesib.es\/2023\/wp-content\/uploads\/2023\/08\/Grafic-III_5-1024x867.jpg 1024w, https:\/\/memoriacesib.es\/2023\/wp-content\/uploads\/2023\/08\/Grafic-III_5-300x254.jpg 300w, https:\/\/memoriacesib.es\/2023\/wp-content\/uploads\/2023\/08\/Grafic-III_5-768x650.jpg 768w, https:\/\/memoriacesib.es\/2023\/wp-content\/uploads\/2023\/08\/Grafic-III_5.jpg 1200w\" sizes=\"(max-width: 800px) 100vw, 800px\" \/>\t\t\t\t\t\t\t\t\t\t\t\t\t\t\t<\/div>\n\t\t\t\t<\/div>\n\t\t\t\t<div class=\"elementor-element elementor-element-1a7e375 elementor-widget elementor-widget-text-editor\" data-id=\"1a7e375\" data-element_type=\"widget\" data-e-type=\"widget\" data-widget_type=\"text-editor.default\">\n\t\t\t\t<div class=\"elementor-widget-container\">\n\t\t\t\t\t\t\t\t\t<p class=\"p1\"><i>Font: Elaboraci\u00f3 pr\u00f2pia a partir de dades del Ministeri de Transports, Mobilitat i Agenda Urbana (2024), Transaccions immobili\u00e0ries de compravenda, i INE (2023), Enquesta de condicions de vida<\/i><\/p>\t\t\t\t\t\t\t\t<\/div>\n\t\t\t\t<\/div>\n\t\t\t\t\t<\/div>\n\t\t<\/div>\n\t\t\t\t\t<\/div>\n\t\t<\/section>\n\t\t\t\t<section class=\"elementor-section elementor-top-section elementor-element elementor-element-6cf3c127 elementor-section-boxed elementor-section-height-default elementor-section-height-default\" data-id=\"6cf3c127\" data-element_type=\"section\" data-e-type=\"section\">\n\t\t\t\t\t\t<div class=\"elementor-container elementor-column-gap-default\">\n\t\t\t\t\t<div class=\"elementor-column elementor-col-100 elementor-top-column elementor-element elementor-element-2e684d19\" data-id=\"2e684d19\" data-element_type=\"column\" data-e-type=\"column\">\n\t\t\t<div class=\"elementor-widget-wrap elementor-element-populated\">\n\t\t\t\t\t\t<div class=\"elementor-element elementor-element-5e0af237 elementor-widget-divider--view-line elementor-widget elementor-widget-divider\" data-id=\"5e0af237\" data-element_type=\"widget\" data-e-type=\"widget\" data-widget_type=\"divider.default\">\n\t\t\t\t<div class=\"elementor-widget-container\">\n\t\t\t\t\t\t\t<div class=\"elementor-divider\">\n\t\t\t<span class=\"elementor-divider-separator\">\n\t\t\t\t\t\t<\/span>\n\t\t<\/div>\n\t\t\t\t\t\t<\/div>\n\t\t\t\t<\/div>\n\t\t\t\t\t<\/div>\n\t\t<\/div>\n\t\t\t\t\t<\/div>\n\t\t<\/section>\n\t\t\t\t<\/div>\n\t\t","protected":false},"excerpt":{"rendered":"<p>5. Habitatge Anna Grau Casajust Descarregar CAP III. 5. Habitatge Les Illes Balears s\u00f3n la comunitat aut\u00f2noma amb el preu mitj\u00e0 de les transaccions m\u00e9s elevat i un habitatge costa, de mitjana, el doble que en el conjunt d\u2019Espanya L\u2019any 2023, l\u2019\u00edndex de preus de l\u2019habitatge es va situar en els 163,4 punts, amb la [&hellip;]<\/p>\n","protected":false},"author":1,"featured_media":2343,"comment_status":"open","ping_status":"open","sticky":false,"template":"","format":"standard","meta":{"footnotes":""},"categories":[6],"tags":[],"class_list":["post-2342","post","type-post","status-publish","format-standard","has-post-thumbnail","hentry","category-capitoliii"],"yoast_head":"<!-- This site is optimized with the Yoast SEO plugin v27.3 - https:\/\/yoast.com\/product\/yoast-seo-wordpress\/ -->\n<title>5. Habitatge - Memoria CES 2023<\/title>\n<meta name=\"robots\" content=\"index, follow, max-snippet:-1, max-image-preview:large, max-video-preview:-1\" \/>\n<link rel=\"canonical\" href=\"https:\/\/memoriacesib.es\/2023\/5-habitatge\/\" \/>\n<meta property=\"og:locale\" content=\"es_ES\" \/>\n<meta property=\"og:type\" content=\"article\" \/>\n<meta property=\"og:title\" content=\"5. Habitatge - Memoria CES 2023\" \/>\n<meta property=\"og:description\" content=\"5. Habitatge Anna Grau Casajust Descarregar CAP III. 5. Habitatge Les Illes Balears s\u00f3n la comunitat aut\u00f2noma amb el preu mitj\u00e0 de les transaccions m\u00e9s elevat i un habitatge costa, de mitjana, el doble que en el conjunt d\u2019Espanya L\u2019any 2023, l\u2019\u00edndex de preus de l\u2019habitatge es va situar en els 163,4 punts, amb la [&hellip;]\" \/>\n<meta property=\"og:url\" content=\"https:\/\/memoriacesib.es\/2023\/5-habitatge\/\" \/>\n<meta property=\"og:site_name\" content=\"Memoria CES 2023\" \/>\n<meta property=\"article:publisher\" content=\"https:\/\/www.facebook.com\/cesillesbalears\" \/>\n<meta property=\"article:published_time\" content=\"2023-08-13T10:04:56+00:00\" \/>\n<meta property=\"article:modified_time\" content=\"2024-08-28T08:33:52+00:00\" \/>\n<meta property=\"og:image\" content=\"https:\/\/memoriacesib.es\/2023\/wp-content\/uploads\/2023\/08\/habitatge.jpg\" \/>\n\t<meta property=\"og:image:width\" content=\"768\" \/>\n\t<meta property=\"og:image:height\" content=\"768\" \/>\n\t<meta property=\"og:image:type\" content=\"image\/jpeg\" \/>\n<meta name=\"author\" content=\"admin\" \/>\n<meta name=\"twitter:card\" content=\"summary_large_image\" \/>\n<meta name=\"twitter:creator\" content=\"@ces_ib\" \/>\n<meta name=\"twitter:site\" content=\"@ces_ib\" \/>\n<meta name=\"twitter:label1\" content=\"Escrito por\" \/>\n\t<meta name=\"twitter:data1\" content=\"admin\" \/>\n\t<meta name=\"twitter:label2\" content=\"Tiempo de lectura\" \/>\n\t<meta name=\"twitter:data2\" content=\"4 minutos\" \/>\n<script type=\"application\/ld+json\" class=\"yoast-schema-graph\">{\"@context\":\"https:\\\/\\\/schema.org\",\"@graph\":[{\"@type\":\"Article\",\"@id\":\"https:\\\/\\\/memoriacesib.es\\\/2023\\\/5-habitatge\\\/#article\",\"isPartOf\":{\"@id\":\"https:\\\/\\\/memoriacesib.es\\\/2023\\\/5-habitatge\\\/\"},\"author\":{\"name\":\"admin\",\"@id\":\"https:\\\/\\\/memoriacesib.es\\\/2023\\\/#\\\/schema\\\/person\\\/2936f44710febf12ed5d851c6aa74117\"},\"headline\":\"5. Habitatge\",\"datePublished\":\"2023-08-13T10:04:56+00:00\",\"dateModified\":\"2024-08-28T08:33:52+00:00\",\"mainEntityOfPage\":{\"@id\":\"https:\\\/\\\/memoriacesib.es\\\/2023\\\/5-habitatge\\\/\"},\"wordCount\":628,\"commentCount\":0,\"publisher\":{\"@id\":\"https:\\\/\\\/memoriacesib.es\\\/2023\\\/#organization\"},\"image\":{\"@id\":\"https:\\\/\\\/memoriacesib.es\\\/2023\\\/5-habitatge\\\/#primaryimage\"},\"thumbnailUrl\":\"https:\\\/\\\/memoriacesib.es\\\/2023\\\/wp-content\\\/uploads\\\/2023\\\/08\\\/habitatge.jpg\",\"articleSection\":[\"Cap\u00edtol III\"],\"inLanguage\":\"es\",\"potentialAction\":[{\"@type\":\"CommentAction\",\"name\":\"Comment\",\"target\":[\"https:\\\/\\\/memoriacesib.es\\\/2023\\\/5-habitatge\\\/#respond\"]}]},{\"@type\":\"WebPage\",\"@id\":\"https:\\\/\\\/memoriacesib.es\\\/2023\\\/5-habitatge\\\/\",\"url\":\"https:\\\/\\\/memoriacesib.es\\\/2023\\\/5-habitatge\\\/\",\"name\":\"5. Habitatge - Memoria CES 2023\",\"isPartOf\":{\"@id\":\"https:\\\/\\\/memoriacesib.es\\\/2023\\\/#website\"},\"primaryImageOfPage\":{\"@id\":\"https:\\\/\\\/memoriacesib.es\\\/2023\\\/5-habitatge\\\/#primaryimage\"},\"image\":{\"@id\":\"https:\\\/\\\/memoriacesib.es\\\/2023\\\/5-habitatge\\\/#primaryimage\"},\"thumbnailUrl\":\"https:\\\/\\\/memoriacesib.es\\\/2023\\\/wp-content\\\/uploads\\\/2023\\\/08\\\/habitatge.jpg\",\"datePublished\":\"2023-08-13T10:04:56+00:00\",\"dateModified\":\"2024-08-28T08:33:52+00:00\",\"breadcrumb\":{\"@id\":\"https:\\\/\\\/memoriacesib.es\\\/2023\\\/5-habitatge\\\/#breadcrumb\"},\"inLanguage\":\"es\",\"potentialAction\":[{\"@type\":\"ReadAction\",\"target\":[\"https:\\\/\\\/memoriacesib.es\\\/2023\\\/5-habitatge\\\/\"]}]},{\"@type\":\"ImageObject\",\"inLanguage\":\"es\",\"@id\":\"https:\\\/\\\/memoriacesib.es\\\/2023\\\/5-habitatge\\\/#primaryimage\",\"url\":\"https:\\\/\\\/memoriacesib.es\\\/2023\\\/wp-content\\\/uploads\\\/2023\\\/08\\\/habitatge.jpg\",\"contentUrl\":\"https:\\\/\\\/memoriacesib.es\\\/2023\\\/wp-content\\\/uploads\\\/2023\\\/08\\\/habitatge.jpg\",\"width\":768,\"height\":768},{\"@type\":\"BreadcrumbList\",\"@id\":\"https:\\\/\\\/memoriacesib.es\\\/2023\\\/5-habitatge\\\/#breadcrumb\",\"itemListElement\":[{\"@type\":\"ListItem\",\"position\":1,\"name\":\"Portada\",\"item\":\"https:\\\/\\\/memoriacesib.es\\\/2023\\\/\"},{\"@type\":\"ListItem\",\"position\":2,\"name\":\"5. Habitatge\"}]},{\"@type\":\"WebSite\",\"@id\":\"https:\\\/\\\/memoriacesib.es\\\/2023\\\/#website\",\"url\":\"https:\\\/\\\/memoriacesib.es\\\/2023\\\/\",\"name\":\"Memoria CES 2023\",\"description\":\"Memoria CES 2023\",\"publisher\":{\"@id\":\"https:\\\/\\\/memoriacesib.es\\\/2023\\\/#organization\"},\"potentialAction\":[{\"@type\":\"SearchAction\",\"target\":{\"@type\":\"EntryPoint\",\"urlTemplate\":\"https:\\\/\\\/memoriacesib.es\\\/2023\\\/?s={search_term_string}\"},\"query-input\":{\"@type\":\"PropertyValueSpecification\",\"valueRequired\":true,\"valueName\":\"search_term_string\"}}],\"inLanguage\":\"es\"},{\"@type\":\"Organization\",\"@id\":\"https:\\\/\\\/memoriacesib.es\\\/2023\\\/#organization\",\"name\":\"Consell Economic i Social de les Illes Balears (CES)\",\"url\":\"https:\\\/\\\/memoriacesib.es\\\/2023\\\/\",\"logo\":{\"@type\":\"ImageObject\",\"inLanguage\":\"es\",\"@id\":\"https:\\\/\\\/memoriacesib.es\\\/2023\\\/#\\\/schema\\\/logo\\\/image\\\/\",\"url\":\"https:\\\/\\\/memoriacesib.es\\\/2023\\\/wp-content\\\/uploads\\\/2023\\\/06\\\/Logo-Memoria-Ces-2023.png\",\"contentUrl\":\"https:\\\/\\\/memoriacesib.es\\\/2023\\\/wp-content\\\/uploads\\\/2023\\\/06\\\/Logo-Memoria-Ces-2023.png\",\"width\":800,\"height\":195,\"caption\":\"Consell Economic i Social de les Illes Balears (CES)\"},\"image\":{\"@id\":\"https:\\\/\\\/memoriacesib.es\\\/2023\\\/#\\\/schema\\\/logo\\\/image\\\/\"},\"sameAs\":[\"https:\\\/\\\/www.facebook.com\\\/cesillesbalears\",\"https:\\\/\\\/x.com\\\/ces_ib\",\"https:\\\/\\\/www.youtube.com\\\/channel\\\/UCrEmO9wh7KlUaQ9dWzvYrVg\"]},{\"@type\":\"Person\",\"@id\":\"https:\\\/\\\/memoriacesib.es\\\/2023\\\/#\\\/schema\\\/person\\\/2936f44710febf12ed5d851c6aa74117\",\"name\":\"admin\",\"image\":{\"@type\":\"ImageObject\",\"inLanguage\":\"es\",\"@id\":\"https:\\\/\\\/secure.gravatar.com\\\/avatar\\\/42a3717e1ac37e7f2d90262c48d11756024e6ed18ebaae3567f6c00866abe5f2?s=96&d=mm&r=g\",\"url\":\"https:\\\/\\\/secure.gravatar.com\\\/avatar\\\/42a3717e1ac37e7f2d90262c48d11756024e6ed18ebaae3567f6c00866abe5f2?s=96&d=mm&r=g\",\"contentUrl\":\"https:\\\/\\\/secure.gravatar.com\\\/avatar\\\/42a3717e1ac37e7f2d90262c48d11756024e6ed18ebaae3567f6c00866abe5f2?s=96&d=mm&r=g\",\"caption\":\"admin\"},\"sameAs\":[\"http:\\\/\\\/memoriacesib.es\\\/2023\"],\"url\":\"https:\\\/\\\/memoriacesib.es\\\/2023\\\/author\\\/admin\\\/\"}]}<\/script>\n<!-- \/ Yoast SEO plugin. -->","yoast_head_json":{"title":"5. Habitatge - Memoria CES 2023","robots":{"index":"index","follow":"follow","max-snippet":"max-snippet:-1","max-image-preview":"max-image-preview:large","max-video-preview":"max-video-preview:-1"},"canonical":"https:\/\/memoriacesib.es\/2023\/5-habitatge\/","og_locale":"es_ES","og_type":"article","og_title":"5. Habitatge - Memoria CES 2023","og_description":"5. Habitatge Anna Grau Casajust Descarregar CAP III. 5. Habitatge Les Illes Balears s\u00f3n la comunitat aut\u00f2noma amb el preu mitj\u00e0 de les transaccions m\u00e9s elevat i un habitatge costa, de mitjana, el doble que en el conjunt d\u2019Espanya L\u2019any 2023, l\u2019\u00edndex de preus de l\u2019habitatge es va situar en els 163,4 punts, amb la [&hellip;]","og_url":"https:\/\/memoriacesib.es\/2023\/5-habitatge\/","og_site_name":"Memoria CES 2023","article_publisher":"https:\/\/www.facebook.com\/cesillesbalears","article_published_time":"2023-08-13T10:04:56+00:00","article_modified_time":"2024-08-28T08:33:52+00:00","og_image":[{"width":768,"height":768,"url":"https:\/\/memoriacesib.es\/2023\/wp-content\/uploads\/2023\/08\/habitatge.jpg","type":"image\/jpeg"}],"author":"admin","twitter_card":"summary_large_image","twitter_creator":"@ces_ib","twitter_site":"@ces_ib","twitter_misc":{"Escrito por":"admin","Tiempo de lectura":"4 minutos"},"schema":{"@context":"https:\/\/schema.org","@graph":[{"@type":"Article","@id":"https:\/\/memoriacesib.es\/2023\/5-habitatge\/#article","isPartOf":{"@id":"https:\/\/memoriacesib.es\/2023\/5-habitatge\/"},"author":{"name":"admin","@id":"https:\/\/memoriacesib.es\/2023\/#\/schema\/person\/2936f44710febf12ed5d851c6aa74117"},"headline":"5. Habitatge","datePublished":"2023-08-13T10:04:56+00:00","dateModified":"2024-08-28T08:33:52+00:00","mainEntityOfPage":{"@id":"https:\/\/memoriacesib.es\/2023\/5-habitatge\/"},"wordCount":628,"commentCount":0,"publisher":{"@id":"https:\/\/memoriacesib.es\/2023\/#organization"},"image":{"@id":"https:\/\/memoriacesib.es\/2023\/5-habitatge\/#primaryimage"},"thumbnailUrl":"https:\/\/memoriacesib.es\/2023\/wp-content\/uploads\/2023\/08\/habitatge.jpg","articleSection":["Cap\u00edtol III"],"inLanguage":"es","potentialAction":[{"@type":"CommentAction","name":"Comment","target":["https:\/\/memoriacesib.es\/2023\/5-habitatge\/#respond"]}]},{"@type":"WebPage","@id":"https:\/\/memoriacesib.es\/2023\/5-habitatge\/","url":"https:\/\/memoriacesib.es\/2023\/5-habitatge\/","name":"5. Habitatge - Memoria CES 2023","isPartOf":{"@id":"https:\/\/memoriacesib.es\/2023\/#website"},"primaryImageOfPage":{"@id":"https:\/\/memoriacesib.es\/2023\/5-habitatge\/#primaryimage"},"image":{"@id":"https:\/\/memoriacesib.es\/2023\/5-habitatge\/#primaryimage"},"thumbnailUrl":"https:\/\/memoriacesib.es\/2023\/wp-content\/uploads\/2023\/08\/habitatge.jpg","datePublished":"2023-08-13T10:04:56+00:00","dateModified":"2024-08-28T08:33:52+00:00","breadcrumb":{"@id":"https:\/\/memoriacesib.es\/2023\/5-habitatge\/#breadcrumb"},"inLanguage":"es","potentialAction":[{"@type":"ReadAction","target":["https:\/\/memoriacesib.es\/2023\/5-habitatge\/"]}]},{"@type":"ImageObject","inLanguage":"es","@id":"https:\/\/memoriacesib.es\/2023\/5-habitatge\/#primaryimage","url":"https:\/\/memoriacesib.es\/2023\/wp-content\/uploads\/2023\/08\/habitatge.jpg","contentUrl":"https:\/\/memoriacesib.es\/2023\/wp-content\/uploads\/2023\/08\/habitatge.jpg","width":768,"height":768},{"@type":"BreadcrumbList","@id":"https:\/\/memoriacesib.es\/2023\/5-habitatge\/#breadcrumb","itemListElement":[{"@type":"ListItem","position":1,"name":"Portada","item":"https:\/\/memoriacesib.es\/2023\/"},{"@type":"ListItem","position":2,"name":"5. Habitatge"}]},{"@type":"WebSite","@id":"https:\/\/memoriacesib.es\/2023\/#website","url":"https:\/\/memoriacesib.es\/2023\/","name":"Memoria CES 2023","description":"Memoria CES 2023","publisher":{"@id":"https:\/\/memoriacesib.es\/2023\/#organization"},"potentialAction":[{"@type":"SearchAction","target":{"@type":"EntryPoint","urlTemplate":"https:\/\/memoriacesib.es\/2023\/?s={search_term_string}"},"query-input":{"@type":"PropertyValueSpecification","valueRequired":true,"valueName":"search_term_string"}}],"inLanguage":"es"},{"@type":"Organization","@id":"https:\/\/memoriacesib.es\/2023\/#organization","name":"Consell Economic i Social de les Illes Balears (CES)","url":"https:\/\/memoriacesib.es\/2023\/","logo":{"@type":"ImageObject","inLanguage":"es","@id":"https:\/\/memoriacesib.es\/2023\/#\/schema\/logo\/image\/","url":"https:\/\/memoriacesib.es\/2023\/wp-content\/uploads\/2023\/06\/Logo-Memoria-Ces-2023.png","contentUrl":"https:\/\/memoriacesib.es\/2023\/wp-content\/uploads\/2023\/06\/Logo-Memoria-Ces-2023.png","width":800,"height":195,"caption":"Consell Economic i Social de les Illes Balears (CES)"},"image":{"@id":"https:\/\/memoriacesib.es\/2023\/#\/schema\/logo\/image\/"},"sameAs":["https:\/\/www.facebook.com\/cesillesbalears","https:\/\/x.com\/ces_ib","https:\/\/www.youtube.com\/channel\/UCrEmO9wh7KlUaQ9dWzvYrVg"]},{"@type":"Person","@id":"https:\/\/memoriacesib.es\/2023\/#\/schema\/person\/2936f44710febf12ed5d851c6aa74117","name":"admin","image":{"@type":"ImageObject","inLanguage":"es","@id":"https:\/\/secure.gravatar.com\/avatar\/42a3717e1ac37e7f2d90262c48d11756024e6ed18ebaae3567f6c00866abe5f2?s=96&d=mm&r=g","url":"https:\/\/secure.gravatar.com\/avatar\/42a3717e1ac37e7f2d90262c48d11756024e6ed18ebaae3567f6c00866abe5f2?s=96&d=mm&r=g","contentUrl":"https:\/\/secure.gravatar.com\/avatar\/42a3717e1ac37e7f2d90262c48d11756024e6ed18ebaae3567f6c00866abe5f2?s=96&d=mm&r=g","caption":"admin"},"sameAs":["http:\/\/memoriacesib.es\/2023"],"url":"https:\/\/memoriacesib.es\/2023\/author\/admin\/"}]}},"_links":{"self":[{"href":"https:\/\/memoriacesib.es\/2023\/wp-json\/wp\/v2\/posts\/2342","targetHints":{"allow":["GET"]}}],"collection":[{"href":"https:\/\/memoriacesib.es\/2023\/wp-json\/wp\/v2\/posts"}],"about":[{"href":"https:\/\/memoriacesib.es\/2023\/wp-json\/wp\/v2\/types\/post"}],"author":[{"embeddable":true,"href":"https:\/\/memoriacesib.es\/2023\/wp-json\/wp\/v2\/users\/1"}],"replies":[{"embeddable":true,"href":"https:\/\/memoriacesib.es\/2023\/wp-json\/wp\/v2\/comments?post=2342"}],"version-history":[{"count":50,"href":"https:\/\/memoriacesib.es\/2023\/wp-json\/wp\/v2\/posts\/2342\/revisions"}],"predecessor-version":[{"id":3613,"href":"https:\/\/memoriacesib.es\/2023\/wp-json\/wp\/v2\/posts\/2342\/revisions\/3613"}],"wp:featuredmedia":[{"embeddable":true,"href":"https:\/\/memoriacesib.es\/2023\/wp-json\/wp\/v2\/media\/2343"}],"wp:attachment":[{"href":"https:\/\/memoriacesib.es\/2023\/wp-json\/wp\/v2\/media?parent=2342"}],"wp:term":[{"taxonomy":"category","embeddable":true,"href":"https:\/\/memoriacesib.es\/2023\/wp-json\/wp\/v2\/categories?post=2342"},{"taxonomy":"post_tag","embeddable":true,"href":"https:\/\/memoriacesib.es\/2023\/wp-json\/wp\/v2\/tags?post=2342"}],"curies":[{"name":"wp","href":"https:\/\/api.w.org\/{rel}","templated":true}]}}