{"id":278,"date":"2023-06-20T10:41:10","date_gmt":"2023-06-20T10:41:10","guid":{"rendered":"http:\/\/jus3tv"},"modified":"2024-08-28T08:51:22","modified_gmt":"2024-08-28T08:51:22","slug":"6-turisme","status":"publish","type":"post","link":"https:\/\/memoriacesib.es\/2023\/6-turisme\/","title":{"rendered":"6. Turisme"},"content":{"rendered":"\t\t<div data-elementor-type=\"wp-post\" data-elementor-id=\"278\" class=\"elementor elementor-278\" data-elementor-post-type=\"post\">\n\t\t\t\t\t\t<section class=\"elementor-section elementor-top-section elementor-element elementor-element-322d1e6a elementor-section-boxed elementor-section-height-default elementor-section-height-default\" data-id=\"322d1e6a\" data-element_type=\"section\" data-e-type=\"section\">\n\t\t\t\t\t\t<div class=\"elementor-container elementor-column-gap-default\">\n\t\t\t\t\t<div class=\"elementor-column elementor-col-100 elementor-top-column elementor-element elementor-element-352831d0\" data-id=\"352831d0\" data-element_type=\"column\" data-e-type=\"column\">\n\t\t\t<div class=\"elementor-widget-wrap elementor-element-populated\">\n\t\t\t\t\t\t<div class=\"elementor-element elementor-element-13e92b7a elementor-widget elementor-widget-heading\" data-id=\"13e92b7a\" data-element_type=\"widget\" data-e-type=\"widget\" data-widget_type=\"heading.default\">\n\t\t\t\t<div class=\"elementor-widget-container\">\n\t\t\t\t\t<h1 class=\"elementor-heading-title elementor-size-default\">6. Turisme<\/h1>\t\t\t\t<\/div>\n\t\t\t\t<\/div>\n\t\t\t\t<div class=\"elementor-element elementor-element-507fb2c7 elementor-icon-list--layout-inline elementor-align-end elementor-list-item-link-full_width elementor-widget elementor-widget-icon-list\" data-id=\"507fb2c7\" data-element_type=\"widget\" data-e-type=\"widget\" data-widget_type=\"icon-list.default\">\n\t\t\t\t<div class=\"elementor-widget-container\">\n\t\t\t\t\t\t\t<ul class=\"elementor-icon-list-items elementor-inline-items\">\n\t\t\t\t\t\t\t<li class=\"elementor-icon-list-item elementor-inline-item\">\n\t\t\t\t\t\t\t\t\t\t<span class=\"elementor-icon-list-text\">Miquel Quetglas Oliver<\/span>\n\t\t\t\t\t\t\t\t\t<\/li>\n\t\t\t\t\t\t<\/ul>\n\t\t\t\t\t\t<\/div>\n\t\t\t\t<\/div>\n\t\t\t\t<div class=\"elementor-element elementor-element-64c67cef elementor-align-right elementor-widget elementor-widget-button\" data-id=\"64c67cef\" data-element_type=\"widget\" data-e-type=\"widget\" data-widget_type=\"button.default\">\n\t\t\t\t<div class=\"elementor-widget-container\">\n\t\t\t\t\t\t\t\t\t<div class=\"elementor-button-wrapper\">\n\t\t\t\t\t<a class=\"elementor-button elementor-button-link elementor-size-xs\" href=\"https:\/\/memoriacesib.es\/2023\/wp-content\/uploads\/2024\/08\/CAP-I_6.pdf\" target=\"_blank\">\n\t\t\t\t\t\t<span class=\"elementor-button-content-wrapper\">\n\t\t\t\t\t\t<span class=\"elementor-button-icon\">\n\t\t\t\t<i aria-hidden=\"true\" class=\"fas fa-file-pdf\"><\/i>\t\t\t<\/span>\n\t\t\t\t\t\t\t\t\t<span class=\"elementor-button-text\">Descarregar CAP I.6. Turisme<\/span>\n\t\t\t\t\t<\/span>\n\t\t\t\t\t<\/a>\n\t\t\t\t<\/div>\n\t\t\t\t\t\t\t\t<\/div>\n\t\t\t\t<\/div>\n\t\t\t\t<div class=\"elementor-element elementor-element-451765ce elementor-widget-divider--view-line elementor-widget elementor-widget-divider\" data-id=\"451765ce\" data-element_type=\"widget\" data-e-type=\"widget\" data-widget_type=\"divider.default\">\n\t\t\t\t<div class=\"elementor-widget-container\">\n\t\t\t\t\t\t\t<div class=\"elementor-divider\">\n\t\t\t<span class=\"elementor-divider-separator\">\n\t\t\t\t\t\t<\/span>\n\t\t<\/div>\n\t\t\t\t\t\t<\/div>\n\t\t\t\t<\/div>\n\t\t\t\t\t<\/div>\n\t\t<\/div>\n\t\t\t\t\t<\/div>\n\t\t<\/section>\n\t\t\t\t<section class=\"elementor-section elementor-top-section elementor-element elementor-element-45800d30 elementor-section-boxed elementor-section-height-default elementor-section-height-default\" data-id=\"45800d30\" data-element_type=\"section\" data-e-type=\"section\">\n\t\t\t\t\t\t<div class=\"elementor-container elementor-column-gap-default\">\n\t\t\t\t\t<div class=\"elementor-column elementor-col-100 elementor-top-column elementor-element elementor-element-6a7ec7e9\" data-id=\"6a7ec7e9\" data-element_type=\"column\" data-e-type=\"column\">\n\t\t\t<div class=\"elementor-widget-wrap elementor-element-populated\">\n\t\t\t\t\t\t<div class=\"elementor-element elementor-element-ad38e4f elementor-widget elementor-widget-text-editor\" data-id=\"ad38e4f\" data-element_type=\"widget\" data-e-type=\"widget\" data-widget_type=\"text-editor.default\">\n\t\t\t\t<div class=\"elementor-widget-container\">\n\t\t\t\t\t\t\t\t\t<p class=\"p1\">Si l\u2019any 2022 es podia considerar el punt de retorn a la normalitat quant als resultats de l\u2019activitat tur\u00edstica a les Illes Balears despr\u00e9s de l\u2019esclat de la pand\u00e8mia de la covid, el 2023 \u00e9s l\u2019any dels r\u00e8cords. En termes absoluts, la majoria d\u2019indicadors tur\u00edstics de les Illes Balears superen els nivells hist\u00f2rics assolits i se situen per sobre els anys m\u00e9s \u00e0lgids tur\u00edsticament. Aquesta circumst\u00e0ncia no nom\u00e9s confirma la recuperaci\u00f3 dels patrons estacionals, sin\u00f3 tamb\u00e9 el retorn al model d\u2019explotaci\u00f3 caracter\u00edstic de les Illes Balears.<\/p>\n<p style=\"font-weight: 400;\"><span style=\"color: #01a1df; font-size: 25px;\"><b><i> L\u2019any 2023 hi van arribar 17.836.630 turistes, la xifra m\u00e9s alta de la s\u00e8rie <\/i><\/b><\/span><\/p>\n<p class=\"p1\">S\u2019ha arribat al nombre de turistes m\u00e9s alt de la s\u00e8rie hist\u00f2rica gr\u00e0cies que el mercat internacional ha superat les xifres prepand\u00e8miques i el dom\u00e8stic ha conservat el dinamisme amb qu\u00e8 sort\u00ed de la crisi. Ni el nombre de turistes alemanys i ni el de brit\u00e0nics arriben als resultats del 2017, per\u00f2 aquest buit l\u2019han emplenat amb escreix francesos, italians i holandesos. Tamb\u00e9 \u00e9s destacable la debilitat del grup de pa\u00efsos n\u00f2rdics. En comparaci\u00f3 amb la resta d\u2019Espanya, les Illes Balears mantenen la segona posici\u00f3, darrere de Catalunya, malgrat que aquesta encara \u00e9s lluny del nivell del 2019.<span class=\"Apple-converted-space\">\u00a0<\/span><\/p>\n\n<table class=\"t1\" cellspacing=\"0\" cellpadding=\"0\">\n<tbody>\n<tr>\n<td class=\"td1\" colspan=\"7\" valign=\"bottom\" style=\"font-weight: 600; background: #01A1DF; color: white;\" >\n<p class=\"p3\"><b>Turistes amb destinaci\u00f3 principal a les Balears per illes i pa\u00eds de resid\u00e8ncia (2023)<\/b><\/p>\n<\/td>\n<\/tr>\n<tr>\n<td class=\"td2\" valign=\"middle\"><\/td>\n<td class=\"td3\" valign=\"middle\">\n<p class=\"p5\">Total<\/p>\n<\/td>\n<td class=\"td4\" valign=\"middle\">\n<p class=\"p5\">\u2009% per illa<\/p>\n<\/td>\n<td class=\"td5\" valign=\"middle\">\n<p class=\"p5\">Temporada mitjana alta<\/p>\n<\/td>\n<td class=\"td6\" valign=\"middle\">\n<p class=\"p5\">\u2009% temp. mitjana alta<\/p>\n<\/td>\n<td class=\"td5\" valign=\"middle\">\n<p class=\"p5\">Temporada mitjana baixa<\/p>\n<\/td>\n<td class=\"td7\" valign=\"middle\">\n<p class=\"p5\">\u2009% temp. mitjana baixa<\/p>\n<\/td>\n<\/tr>\n<tr>\n<td class=\"td8\" valign=\"bottom\">\n<p class=\"p5\"><b>Illes Balears<\/b><\/p>\n<\/td>\n<td class=\"td9\" valign=\"bottom\">\n<p class=\"p5\"><b>17.836.630<\/b><\/p>\n<\/td>\n<td class=\"td10\" valign=\"bottom\">\n<p class=\"p5\"><b>100\u2009%<\/b><\/p>\n<\/td>\n<td class=\"td11\" valign=\"bottom\">\n<p class=\"p5\"><b>14.699.407<\/b><\/p>\n<\/td>\n<td class=\"td12\" valign=\"bottom\">\n<p class=\"p5\"><b>82\u2009%<\/b><\/p>\n<\/td>\n<td class=\"td11\" valign=\"bottom\">\n<p class=\"p5\"><b>3.137.223<\/b><\/p>\n<\/td>\n<td class=\"td13\" valign=\"bottom\">\n<p class=\"p5\"><b>18\u2009%<\/b><\/p>\n<\/td>\n<\/tr>\n<tr>\n<td class=\"td14\" valign=\"bottom\">\n<p class=\"p6\">Espanya (altres CA)<\/p>\n<\/td>\n<td class=\"td15\" valign=\"bottom\">\n<p class=\"p5\">3.431.308<\/p>\n<\/td>\n<td class=\"td16\" valign=\"bottom\">\n<p class=\"p5\">19\u2009%<\/p>\n<\/td>\n<td class=\"td17\" valign=\"bottom\">\n<p class=\"p5\">2.526.816<\/p>\n<\/td>\n<td class=\"td18\" valign=\"bottom\">\n<p class=\"p5\">74\u2009%<\/p>\n<\/td>\n<td class=\"td17\" valign=\"bottom\">\n<p class=\"p5\">904.492<\/p>\n<\/td>\n<td class=\"td19\" valign=\"bottom\">\n<p class=\"p5\">26\u2009%<\/p>\n<\/td>\n<\/tr>\n<tr>\n<td class=\"td20\" valign=\"bottom\">\n<p class=\"p6\">Estranger<\/p>\n<\/td>\n<td class=\"td21\" valign=\"bottom\">\n<p class=\"p5\">14.405.322<\/p>\n<\/td>\n<td class=\"td22\" valign=\"bottom\">\n<p class=\"p5\">81\u2009%<\/p>\n<\/td>\n<td class=\"td23\" valign=\"bottom\">\n<p class=\"p5\">12.172.592<\/p>\n<\/td>\n<td class=\"td24\" valign=\"bottom\">\n<p class=\"p5\">85\u2009%<\/p>\n<\/td>\n<td class=\"td23\" valign=\"bottom\">\n<p class=\"p5\">2.232.730<\/p>\n<\/td>\n<td class=\"td25\" valign=\"bottom\">\n<p class=\"p5\">15\u2009%<\/p>\n<\/td>\n<\/tr>\n<tr>\n<td class=\"td26\" valign=\"bottom\">\n<p class=\"p5\">Mallorca<\/p>\n<\/td>\n<td class=\"td21\" valign=\"bottom\">\n<p class=\"p5\">12.463.389<\/p>\n<\/td>\n<td class=\"td22\" valign=\"bottom\">\n<p class=\"p5\">100\u2009%<\/p>\n<\/td>\n<td class=\"td23\" valign=\"bottom\">\n<p class=\"p5\">9.915.812<\/p>\n<\/td>\n<td class=\"td24\" valign=\"bottom\">\n<p class=\"p5\">80\u2009%<\/p>\n<\/td>\n<td class=\"td23\" valign=\"bottom\">\n<p class=\"p5\">2.547.577<\/p>\n<\/td>\n<td class=\"td25\" valign=\"bottom\">\n<p class=\"p5\">20\u2009%<\/p>\n<\/td>\n<\/tr>\n<tr>\n<td class=\"td27\" valign=\"bottom\">\n<p class=\"p6\">Espanya (altres CA)<\/p>\n<\/td>\n<td class=\"td15\" valign=\"bottom\">\n<p class=\"p5\">1.782.911<\/p>\n<\/td>\n<td class=\"td16\" valign=\"bottom\">\n<p class=\"p5\">14\u2009%<\/p>\n<\/td>\n<td class=\"td17\" valign=\"bottom\">\n<p class=\"p5\">1.188.306<\/p>\n<\/td>\n<td class=\"td18\" valign=\"bottom\">\n<p class=\"p5\">67\u2009%<\/p>\n<\/td>\n<td class=\"td17\" valign=\"bottom\">\n<p class=\"p5\">594.605<\/p>\n<\/td>\n<td class=\"td19\" valign=\"bottom\">\n<p class=\"p5\">33\u2009%<\/p>\n<\/td>\n<\/tr>\n<tr>\n<td class=\"td26\" valign=\"bottom\">\n<p class=\"p6\">Estranger<\/p>\n<\/td>\n<td class=\"td21\" valign=\"bottom\">\n<p class=\"p5\">10.680.477<\/p>\n<\/td>\n<td class=\"td22\" valign=\"bottom\">\n<p class=\"p5\">86\u2009%<\/p>\n<\/td>\n<td class=\"td23\" valign=\"bottom\">\n<p class=\"p5\">8.727.504<\/p>\n<\/td>\n<td class=\"td24\" valign=\"bottom\">\n<p class=\"p5\">82\u2009%<\/p>\n<\/td>\n<td class=\"td23\" valign=\"bottom\">\n<p class=\"p5\">1.952.973<\/p>\n<\/td>\n<td class=\"td25\" valign=\"bottom\">\n<p class=\"p5\">18\u2009%<\/p>\n<\/td>\n<\/tr>\n<tr>\n<td class=\"td28\" valign=\"bottom\">\n<p class=\"p5\">Menorca<\/p>\n<\/td>\n<td class=\"td29\" valign=\"bottom\">\n<p class=\"p5\">1.661.080<\/p>\n<\/td>\n<td class=\"td30\" valign=\"bottom\">\n<p class=\"p5\">100\u2009%<\/p>\n<\/td>\n<td class=\"td31\" valign=\"bottom\">\n<p class=\"p5\">1.509.677<\/p>\n<\/td>\n<td class=\"td32\" valign=\"bottom\">\n<p class=\"p5\">91\u2009%<\/p>\n<\/td>\n<td class=\"td31\" valign=\"bottom\">\n<p class=\"p5\">151.403<\/p>\n<\/td>\n<td class=\"td33\" valign=\"bottom\">\n<p class=\"p5\">9\u2009%<\/p>\n<\/td>\n<\/tr>\n<tr>\n<td class=\"td27\" valign=\"bottom\">\n<p class=\"p6\">Espanya (altres CA)<\/p>\n<\/td>\n<td class=\"td15\" valign=\"bottom\">\n<p class=\"p5\">683.712<\/p>\n<\/td>\n<td class=\"td16\" valign=\"bottom\">\n<p class=\"p5\">41\u2009%<\/p>\n<\/td>\n<td class=\"td17\" valign=\"bottom\">\n<p class=\"p5\">576.657<\/p>\n<\/td>\n<td class=\"td18\" valign=\"bottom\">\n<p class=\"p5\">84\u2009%<\/p>\n<\/td>\n<td class=\"td17\" valign=\"bottom\">\n<p class=\"p5\">107.055<\/p>\n<\/td>\n<td class=\"td19\" valign=\"bottom\">\n<p class=\"p5\">16\u2009%<\/p>\n<\/td>\n<\/tr>\n<tr>\n<td class=\"td34\" valign=\"bottom\">\n<p class=\"p6\">Estranger<\/p>\n<\/td>\n<td class=\"td35\" valign=\"bottom\">\n<p class=\"p5\">977.369<\/p>\n<\/td>\n<td class=\"td36\" valign=\"bottom\">\n<p class=\"p5\">59\u2009%<\/p>\n<\/td>\n<td class=\"td37\" valign=\"bottom\">\n<p class=\"p5\">933.021<\/p>\n<\/td>\n<td class=\"td38\" valign=\"bottom\">\n<p class=\"p5\">95\u2009%<\/p>\n<\/td>\n<td class=\"td37\" valign=\"bottom\">\n<p class=\"p5\">44.348<\/p>\n<\/td>\n<td class=\"td39\" valign=\"bottom\">\n<p class=\"p5\">5\u2009%<\/p>\n<\/td>\n<\/tr>\n<tr>\n<td class=\"td28\" valign=\"bottom\">\n<p class=\"p5\">Eivissa<\/p>\n<\/td>\n<td class=\"td29\" valign=\"bottom\">\n<p class=\"p5\">3.385.609<\/p>\n<\/td>\n<td class=\"td30\" valign=\"bottom\">\n<p class=\"p5\">100\u2009%<\/p>\n<\/td>\n<td class=\"td31\" valign=\"bottom\">\n<p class=\"p5\">2.959.636<\/p>\n<\/td>\n<td class=\"td32\" valign=\"bottom\">\n<p class=\"p5\">87\u2009%<\/p>\n<\/td>\n<td class=\"td31\" valign=\"bottom\">\n<p class=\"p5\">425.973<\/p>\n<\/td>\n<td class=\"td33\" valign=\"bottom\">\n<p class=\"p5\">13\u2009%<\/p>\n<\/td>\n<\/tr>\n<tr>\n<td class=\"td27\" valign=\"bottom\">\n<p class=\"p6\">Espanya (altres CA)<\/p>\n<\/td>\n<td class=\"td15\" valign=\"bottom\">\n<p class=\"p5\">837.129<\/p>\n<\/td>\n<td class=\"td16\" valign=\"bottom\">\n<p class=\"p5\">25\u2009%<\/p>\n<\/td>\n<td class=\"td17\" valign=\"bottom\">\n<p class=\"p5\">639.086<\/p>\n<\/td>\n<td class=\"td18\" valign=\"bottom\">\n<p class=\"p5\">76\u2009%<\/p>\n<\/td>\n<td class=\"td17\" valign=\"bottom\">\n<p class=\"p5\">198.043<\/p>\n<\/td>\n<td class=\"td19\" valign=\"bottom\">\n<p class=\"p5\">24\u2009%<\/p>\n<\/td>\n<\/tr>\n<tr>\n<td class=\"td34\" valign=\"bottom\">\n<p class=\"p6\">Estranger<\/p>\n<\/td>\n<td class=\"td35\" valign=\"bottom\">\n<p class=\"p5\">2.548.480<\/p>\n<\/td>\n<td class=\"td36\" valign=\"bottom\">\n<p class=\"p5\">75\u2009%<\/p>\n<\/td>\n<td class=\"td37\" valign=\"bottom\">\n<p class=\"p5\">2.320.550<\/p>\n<\/td>\n<td class=\"td38\" valign=\"bottom\">\n<p class=\"p5\">91\u2009%<\/p>\n<\/td>\n<td class=\"td37\" valign=\"bottom\">\n<p class=\"p5\">227.930<\/p>\n<\/td>\n<td class=\"td39\" valign=\"bottom\">\n<p class=\"p5\">9\u2009%<\/p>\n<\/td>\n<\/tr>\n<tr>\n<td class=\"td28\" valign=\"bottom\">\n<p class=\"p5\">Formentera<\/p>\n<\/td>\n<td class=\"td29\" valign=\"bottom\">\n<p class=\"p5\">332.014<\/p>\n<\/td>\n<td class=\"td30\" valign=\"bottom\">\n<p class=\"p5\">100\u2009%<\/p>\n<\/td>\n<td class=\"td31\" valign=\"bottom\">\n<p class=\"p5\">318.780<\/p>\n<\/td>\n<td class=\"td32\" valign=\"bottom\">\n<p class=\"p5\">96\u2009%<\/p>\n<\/td>\n<td class=\"td31\" valign=\"bottom\">\n<p class=\"p5\">13.234<\/p>\n<\/td>\n<td class=\"td33\" valign=\"bottom\">\n<p class=\"p5\">4\u2009%<\/p>\n<\/td>\n<\/tr>\n<tr>\n<td class=\"td34\" valign=\"bottom\">\n<p class=\"p6\">Espanya (altres CA)<\/p>\n<\/td>\n<td class=\"td35\" valign=\"bottom\">\n<p class=\"p5\">129.158<\/p>\n<\/td>\n<td class=\"td36\" valign=\"bottom\">\n<p class=\"p5\">39\u2009%<\/p>\n<\/td>\n<td class=\"td37\" valign=\"bottom\">\n<p class=\"p5\">122.907<\/p>\n<\/td>\n<td class=\"td38\" valign=\"bottom\">\n<p class=\"p5\">95\u2009%<\/p>\n<\/td>\n<td class=\"td37\" valign=\"bottom\">\n<p class=\"p5\">6.251<\/p>\n<\/td>\n<td class=\"td39\" valign=\"bottom\">\n<p class=\"p5\">5\u2009%<\/p>\n<\/td>\n<\/tr>\n<tr>\n<td class=\"td27\" valign=\"bottom\">\n<p class=\"p6\">Estranger<\/p>\n<\/td>\n<td class=\"td15\" valign=\"bottom\">\n<p class=\"p5\">202.856<\/p>\n<\/td>\n<td class=\"td16\" valign=\"bottom\">\n<p class=\"p5\">61\u2009%<\/p>\n<\/td>\n<td class=\"td17\" valign=\"bottom\">\n<p class=\"p5\">195.873<\/p>\n<\/td>\n<td class=\"td18\" valign=\"bottom\">\n<p class=\"p5\">97\u2009%<\/p>\n<\/td>\n<td class=\"td17\" valign=\"bottom\">\n<p class=\"p5\">6.983<\/p>\n<\/td>\n<td class=\"td19\" valign=\"bottom\">\n<p class=\"p5\">3\u2009%<\/p>\n<\/td>\n<\/tr>\n\n<\/tbody>\n<\/table>\n<p> Font: Elaboraci\u00f3 pr\u00f2pia a partir de dades de l\u2019Ibestat (2024). EGATUR<\/p>\n<p class=\"p1\">El nombre d\u2019estades no segueix la s\u00e8rie de r\u00e8cords hist\u00f2rics. En aquesta ocasi\u00f3 \u00e9s el 2017 el que marca el m\u00e0xim, gr\u00e0cies al turisme internacional. No \u00e9s aix\u00ed pel turisme espanyol, que el 2023 supera les estades de qualsevol altre per\u00edode. Mallorca, que concentra dues terceres parts del totes d\u2019estades, marca aquesta tend\u00e8ncia a tot l\u2019arxip\u00e8lag. Menorca i Formentera redueixen les estades respecte del 2022, especialment en el segon cas. Eivissa, en canvi, bat r\u00e8cords tant en les estades internacionals com en les nacionals. Els resultats m\u00e9s negatius del nombre de nits en comparaci\u00f3 amb el nombre de turistes ha escur\u00e7at l\u2019estada mitjana a totes les illes i a la majoria de nacionalitats.<\/p>\n<p class=\"p1\">En termes generals, es redueix l\u2019estacionalitat de les estades i del nombre de turistes, en especial per al turisme espanyol. Mallorca i Eivissa encap\u00e7alen aquesta desestacionalitzaci\u00f3, mentre que Menorca i Formentera concentren una mica m\u00e9s l\u2019activitat tur\u00edstica a la temporada alta.<\/p>\n<p class=\"p1\">Als hotels s\u2019incrementen amb for\u00e7a tant viatgers com pernoctacions, en especial els estrangers. Paral\u00b7lelament, als establiments de turisme rural tamb\u00e9 s\u2019incrementen les dues magnituds. En canvi, els apartaments tur\u00edstics empitjoren el nombre de viatgers i de pernoctacions tant respecte de 2022 com de 2019, amb l\u2019\u00fanica excepci\u00f3 de Menorca.<\/p>\n<p class=\"p1\">El sector dels creuers \u00e9s a la coa quant a recuperaci\u00f3 postpand\u00e8mica. El creixement respecte de 2022 \u00e9s considerable, per\u00f2 encara \u00e9s lluny dels registres d\u2019antany.<\/p>\n<p class=\"p1\">Juntament amb el repunt de la despesa tur\u00edstica total, que indica l\u2019augment en volum que s\u2019ha donat el 2023, tamb\u00e9 pugen amb for\u00e7a la despesa di\u00e0ria i la despesa per persona, mostrant que, a m\u00e9s, hi ha hagut una millora qualitativa. Paral\u00b7lelament, la tarifa mitjana di\u00e0ria, els ingressos per habitaci\u00f3 disponible i els preus dels hotels i apartaments tur\u00edstics tamb\u00e9 superen qualsevol llindar anterior.<\/p>\n<p class=\"p1\">Finalment, els nivells resultants de l\u2019any 2023 en el percentatge de planta oberta i en el grau d\u2019ocupaci\u00f3 s\u00f3n millors que els de l\u2019any anterior pr\u00e0cticament a totes les tipologies d\u2019establiment.<\/p>\t\t\t\t\t\t\t\t<\/div>\n\t\t\t\t<\/div>\n\t\t\t\t\t<\/div>\n\t\t<\/div>\n\t\t\t\t\t<\/div>\n\t\t<\/section>\n\t\t\t\t<section class=\"elementor-section elementor-top-section elementor-element elementor-element-1425defa elementor-section-boxed elementor-section-height-default elementor-section-height-default\" data-id=\"1425defa\" data-element_type=\"section\" data-e-type=\"section\">\n\t\t\t\t\t\t<div class=\"elementor-container elementor-column-gap-default\">\n\t\t\t\t\t<div class=\"elementor-column elementor-col-100 elementor-top-column elementor-element elementor-element-5b04aa87\" data-id=\"5b04aa87\" data-element_type=\"column\" data-e-type=\"column\">\n\t\t\t<div class=\"elementor-widget-wrap elementor-element-populated\">\n\t\t\t\t\t\t<div class=\"elementor-element elementor-element-7023aa7 elementor-widget-divider--view-line elementor-widget elementor-widget-divider\" data-id=\"7023aa7\" data-element_type=\"widget\" data-e-type=\"widget\" data-widget_type=\"divider.default\">\n\t\t\t\t<div class=\"elementor-widget-container\">\n\t\t\t\t\t\t\t<div class=\"elementor-divider\">\n\t\t\t<span class=\"elementor-divider-separator\">\n\t\t\t\t\t\t<\/span>\n\t\t<\/div>\n\t\t\t\t\t\t<\/div>\n\t\t\t\t<\/div>\n\t\t\t\t\t<\/div>\n\t\t<\/div>\n\t\t\t\t\t<\/div>\n\t\t<\/section>\n\t\t\t\t<\/div>\n\t\t","protected":false},"excerpt":{"rendered":"<p>6. Turisme Miquel Quetglas Oliver Descarregar CAP I.6. Turisme Si l\u2019any 2022 es podia considerar el punt de retorn a la normalitat quant als resultats de l\u2019activitat tur\u00edstica a les Illes Balears despr\u00e9s de l\u2019esclat de la pand\u00e8mia de la covid, el 2023 \u00e9s l\u2019any dels r\u00e8cords. En termes absoluts, la majoria d\u2019indicadors tur\u00edstics de [&hellip;]<\/p>\n","protected":false},"author":1,"featured_media":279,"comment_status":"open","ping_status":"open","sticky":false,"template":"","format":"standard","meta":{"footnotes":""},"categories":[3,2],"tags":[],"class_list":["post-278","post","type-post","status-publish","format-standard","has-post-thumbnail","hentry","category-panoramaeconomicdelesillesbalears","category-capitoli"],"yoast_head":"<!-- This site is optimized with the Yoast SEO plugin v27.3 - https:\/\/yoast.com\/product\/yoast-seo-wordpress\/ -->\n<title>6. Turisme - Memoria CES 2023<\/title>\n<meta name=\"robots\" content=\"index, follow, max-snippet:-1, max-image-preview:large, max-video-preview:-1\" \/>\n<link rel=\"canonical\" href=\"https:\/\/memoriacesib.es\/2023\/6-turisme\/\" \/>\n<meta property=\"og:locale\" content=\"es_ES\" \/>\n<meta property=\"og:type\" content=\"article\" \/>\n<meta property=\"og:title\" content=\"6. Turisme - Memoria CES 2023\" \/>\n<meta property=\"og:description\" content=\"6. Turisme Miquel Quetglas Oliver Descarregar CAP I.6. Turisme Si l\u2019any 2022 es podia considerar el punt de retorn a la normalitat quant als resultats de l\u2019activitat tur\u00edstica a les Illes Balears despr\u00e9s de l\u2019esclat de la pand\u00e8mia de la covid, el 2023 \u00e9s l\u2019any dels r\u00e8cords. En termes absoluts, la majoria d\u2019indicadors tur\u00edstics de [&hellip;]\" \/>\n<meta property=\"og:url\" content=\"https:\/\/memoriacesib.es\/2023\/6-turisme\/\" \/>\n<meta property=\"og:site_name\" content=\"Memoria CES 2023\" \/>\n<meta property=\"article:publisher\" content=\"https:\/\/www.facebook.com\/cesillesbalears\" \/>\n<meta property=\"article:published_time\" content=\"2023-06-20T10:41:10+00:00\" \/>\n<meta property=\"article:modified_time\" content=\"2024-08-28T08:51:22+00:00\" \/>\n<meta property=\"og:image\" content=\"https:\/\/memoriacesib.es\/2023\/wp-content\/uploads\/2023\/05\/turisme.jpg\" \/>\n\t<meta property=\"og:image:width\" content=\"768\" \/>\n\t<meta property=\"og:image:height\" content=\"768\" \/>\n\t<meta property=\"og:image:type\" content=\"image\/jpeg\" \/>\n<meta name=\"author\" content=\"admin\" \/>\n<meta name=\"twitter:card\" content=\"summary_large_image\" \/>\n<meta name=\"twitter:creator\" content=\"@ces_ib\" \/>\n<meta name=\"twitter:site\" content=\"@ces_ib\" \/>\n<meta name=\"twitter:label1\" content=\"Escrito por\" \/>\n\t<meta name=\"twitter:data1\" content=\"admin\" \/>\n\t<meta name=\"twitter:label2\" content=\"Tiempo de lectura\" \/>\n\t<meta name=\"twitter:data2\" content=\"4 minutos\" \/>\n<script type=\"application\/ld+json\" class=\"yoast-schema-graph\">{\"@context\":\"https:\\\/\\\/schema.org\",\"@graph\":[{\"@type\":\"Article\",\"@id\":\"https:\\\/\\\/memoriacesib.es\\\/2023\\\/6-turisme\\\/#article\",\"isPartOf\":{\"@id\":\"https:\\\/\\\/memoriacesib.es\\\/2023\\\/6-turisme\\\/\"},\"author\":{\"name\":\"admin\",\"@id\":\"https:\\\/\\\/memoriacesib.es\\\/2023\\\/#\\\/schema\\\/person\\\/2936f44710febf12ed5d851c6aa74117\"},\"headline\":\"6. Turisme\",\"datePublished\":\"2023-06-20T10:41:10+00:00\",\"dateModified\":\"2024-08-28T08:51:22+00:00\",\"mainEntityOfPage\":{\"@id\":\"https:\\\/\\\/memoriacesib.es\\\/2023\\\/6-turisme\\\/\"},\"wordCount\":660,\"commentCount\":0,\"publisher\":{\"@id\":\"https:\\\/\\\/memoriacesib.es\\\/2023\\\/#organization\"},\"image\":{\"@id\":\"https:\\\/\\\/memoriacesib.es\\\/2023\\\/6-turisme\\\/#primaryimage\"},\"thumbnailUrl\":\"https:\\\/\\\/memoriacesib.es\\\/2023\\\/wp-content\\\/uploads\\\/2023\\\/05\\\/turisme.jpg\",\"articleSection\":[\"1. El panorama econ\u00f2mic de les Illes Balears\",\"Cap\u00edtol I\"],\"inLanguage\":\"es\",\"potentialAction\":[{\"@type\":\"CommentAction\",\"name\":\"Comment\",\"target\":[\"https:\\\/\\\/memoriacesib.es\\\/2023\\\/6-turisme\\\/#respond\"]}]},{\"@type\":\"WebPage\",\"@id\":\"https:\\\/\\\/memoriacesib.es\\\/2023\\\/6-turisme\\\/\",\"url\":\"https:\\\/\\\/memoriacesib.es\\\/2023\\\/6-turisme\\\/\",\"name\":\"6. Turisme - Memoria CES 2023\",\"isPartOf\":{\"@id\":\"https:\\\/\\\/memoriacesib.es\\\/2023\\\/#website\"},\"primaryImageOfPage\":{\"@id\":\"https:\\\/\\\/memoriacesib.es\\\/2023\\\/6-turisme\\\/#primaryimage\"},\"image\":{\"@id\":\"https:\\\/\\\/memoriacesib.es\\\/2023\\\/6-turisme\\\/#primaryimage\"},\"thumbnailUrl\":\"https:\\\/\\\/memoriacesib.es\\\/2023\\\/wp-content\\\/uploads\\\/2023\\\/05\\\/turisme.jpg\",\"datePublished\":\"2023-06-20T10:41:10+00:00\",\"dateModified\":\"2024-08-28T08:51:22+00:00\",\"breadcrumb\":{\"@id\":\"https:\\\/\\\/memoriacesib.es\\\/2023\\\/6-turisme\\\/#breadcrumb\"},\"inLanguage\":\"es\",\"potentialAction\":[{\"@type\":\"ReadAction\",\"target\":[\"https:\\\/\\\/memoriacesib.es\\\/2023\\\/6-turisme\\\/\"]}]},{\"@type\":\"ImageObject\",\"inLanguage\":\"es\",\"@id\":\"https:\\\/\\\/memoriacesib.es\\\/2023\\\/6-turisme\\\/#primaryimage\",\"url\":\"https:\\\/\\\/memoriacesib.es\\\/2023\\\/wp-content\\\/uploads\\\/2023\\\/05\\\/turisme.jpg\",\"contentUrl\":\"https:\\\/\\\/memoriacesib.es\\\/2023\\\/wp-content\\\/uploads\\\/2023\\\/05\\\/turisme.jpg\",\"width\":768,\"height\":768},{\"@type\":\"BreadcrumbList\",\"@id\":\"https:\\\/\\\/memoriacesib.es\\\/2023\\\/6-turisme\\\/#breadcrumb\",\"itemListElement\":[{\"@type\":\"ListItem\",\"position\":1,\"name\":\"Portada\",\"item\":\"https:\\\/\\\/memoriacesib.es\\\/2023\\\/\"},{\"@type\":\"ListItem\",\"position\":2,\"name\":\"6. Turisme\"}]},{\"@type\":\"WebSite\",\"@id\":\"https:\\\/\\\/memoriacesib.es\\\/2023\\\/#website\",\"url\":\"https:\\\/\\\/memoriacesib.es\\\/2023\\\/\",\"name\":\"Memoria CES 2023\",\"description\":\"Memoria CES 2023\",\"publisher\":{\"@id\":\"https:\\\/\\\/memoriacesib.es\\\/2023\\\/#organization\"},\"potentialAction\":[{\"@type\":\"SearchAction\",\"target\":{\"@type\":\"EntryPoint\",\"urlTemplate\":\"https:\\\/\\\/memoriacesib.es\\\/2023\\\/?s={search_term_string}\"},\"query-input\":{\"@type\":\"PropertyValueSpecification\",\"valueRequired\":true,\"valueName\":\"search_term_string\"}}],\"inLanguage\":\"es\"},{\"@type\":\"Organization\",\"@id\":\"https:\\\/\\\/memoriacesib.es\\\/2023\\\/#organization\",\"name\":\"Consell Economic i Social de les Illes Balears (CES)\",\"url\":\"https:\\\/\\\/memoriacesib.es\\\/2023\\\/\",\"logo\":{\"@type\":\"ImageObject\",\"inLanguage\":\"es\",\"@id\":\"https:\\\/\\\/memoriacesib.es\\\/2023\\\/#\\\/schema\\\/logo\\\/image\\\/\",\"url\":\"https:\\\/\\\/memoriacesib.es\\\/2023\\\/wp-content\\\/uploads\\\/2023\\\/06\\\/Logo-Memoria-Ces-2023.png\",\"contentUrl\":\"https:\\\/\\\/memoriacesib.es\\\/2023\\\/wp-content\\\/uploads\\\/2023\\\/06\\\/Logo-Memoria-Ces-2023.png\",\"width\":800,\"height\":195,\"caption\":\"Consell Economic i Social de les Illes Balears (CES)\"},\"image\":{\"@id\":\"https:\\\/\\\/memoriacesib.es\\\/2023\\\/#\\\/schema\\\/logo\\\/image\\\/\"},\"sameAs\":[\"https:\\\/\\\/www.facebook.com\\\/cesillesbalears\",\"https:\\\/\\\/x.com\\\/ces_ib\",\"https:\\\/\\\/www.youtube.com\\\/channel\\\/UCrEmO9wh7KlUaQ9dWzvYrVg\"]},{\"@type\":\"Person\",\"@id\":\"https:\\\/\\\/memoriacesib.es\\\/2023\\\/#\\\/schema\\\/person\\\/2936f44710febf12ed5d851c6aa74117\",\"name\":\"admin\",\"image\":{\"@type\":\"ImageObject\",\"inLanguage\":\"es\",\"@id\":\"https:\\\/\\\/secure.gravatar.com\\\/avatar\\\/42a3717e1ac37e7f2d90262c48d11756024e6ed18ebaae3567f6c00866abe5f2?s=96&d=mm&r=g\",\"url\":\"https:\\\/\\\/secure.gravatar.com\\\/avatar\\\/42a3717e1ac37e7f2d90262c48d11756024e6ed18ebaae3567f6c00866abe5f2?s=96&d=mm&r=g\",\"contentUrl\":\"https:\\\/\\\/secure.gravatar.com\\\/avatar\\\/42a3717e1ac37e7f2d90262c48d11756024e6ed18ebaae3567f6c00866abe5f2?s=96&d=mm&r=g\",\"caption\":\"admin\"},\"sameAs\":[\"http:\\\/\\\/memoriacesib.es\\\/2023\"],\"url\":\"https:\\\/\\\/memoriacesib.es\\\/2023\\\/author\\\/admin\\\/\"}]}<\/script>\n<!-- \/ Yoast SEO plugin. -->","yoast_head_json":{"title":"6. Turisme - Memoria CES 2023","robots":{"index":"index","follow":"follow","max-snippet":"max-snippet:-1","max-image-preview":"max-image-preview:large","max-video-preview":"max-video-preview:-1"},"canonical":"https:\/\/memoriacesib.es\/2023\/6-turisme\/","og_locale":"es_ES","og_type":"article","og_title":"6. Turisme - Memoria CES 2023","og_description":"6. Turisme Miquel Quetglas Oliver Descarregar CAP I.6. Turisme Si l\u2019any 2022 es podia considerar el punt de retorn a la normalitat quant als resultats de l\u2019activitat tur\u00edstica a les Illes Balears despr\u00e9s de l\u2019esclat de la pand\u00e8mia de la covid, el 2023 \u00e9s l\u2019any dels r\u00e8cords. En termes absoluts, la majoria d\u2019indicadors tur\u00edstics de [&hellip;]","og_url":"https:\/\/memoriacesib.es\/2023\/6-turisme\/","og_site_name":"Memoria CES 2023","article_publisher":"https:\/\/www.facebook.com\/cesillesbalears","article_published_time":"2023-06-20T10:41:10+00:00","article_modified_time":"2024-08-28T08:51:22+00:00","og_image":[{"width":768,"height":768,"url":"https:\/\/memoriacesib.es\/2023\/wp-content\/uploads\/2023\/05\/turisme.jpg","type":"image\/jpeg"}],"author":"admin","twitter_card":"summary_large_image","twitter_creator":"@ces_ib","twitter_site":"@ces_ib","twitter_misc":{"Escrito por":"admin","Tiempo de lectura":"4 minutos"},"schema":{"@context":"https:\/\/schema.org","@graph":[{"@type":"Article","@id":"https:\/\/memoriacesib.es\/2023\/6-turisme\/#article","isPartOf":{"@id":"https:\/\/memoriacesib.es\/2023\/6-turisme\/"},"author":{"name":"admin","@id":"https:\/\/memoriacesib.es\/2023\/#\/schema\/person\/2936f44710febf12ed5d851c6aa74117"},"headline":"6. Turisme","datePublished":"2023-06-20T10:41:10+00:00","dateModified":"2024-08-28T08:51:22+00:00","mainEntityOfPage":{"@id":"https:\/\/memoriacesib.es\/2023\/6-turisme\/"},"wordCount":660,"commentCount":0,"publisher":{"@id":"https:\/\/memoriacesib.es\/2023\/#organization"},"image":{"@id":"https:\/\/memoriacesib.es\/2023\/6-turisme\/#primaryimage"},"thumbnailUrl":"https:\/\/memoriacesib.es\/2023\/wp-content\/uploads\/2023\/05\/turisme.jpg","articleSection":["1. El panorama econ\u00f2mic de les Illes Balears","Cap\u00edtol I"],"inLanguage":"es","potentialAction":[{"@type":"CommentAction","name":"Comment","target":["https:\/\/memoriacesib.es\/2023\/6-turisme\/#respond"]}]},{"@type":"WebPage","@id":"https:\/\/memoriacesib.es\/2023\/6-turisme\/","url":"https:\/\/memoriacesib.es\/2023\/6-turisme\/","name":"6. Turisme - Memoria CES 2023","isPartOf":{"@id":"https:\/\/memoriacesib.es\/2023\/#website"},"primaryImageOfPage":{"@id":"https:\/\/memoriacesib.es\/2023\/6-turisme\/#primaryimage"},"image":{"@id":"https:\/\/memoriacesib.es\/2023\/6-turisme\/#primaryimage"},"thumbnailUrl":"https:\/\/memoriacesib.es\/2023\/wp-content\/uploads\/2023\/05\/turisme.jpg","datePublished":"2023-06-20T10:41:10+00:00","dateModified":"2024-08-28T08:51:22+00:00","breadcrumb":{"@id":"https:\/\/memoriacesib.es\/2023\/6-turisme\/#breadcrumb"},"inLanguage":"es","potentialAction":[{"@type":"ReadAction","target":["https:\/\/memoriacesib.es\/2023\/6-turisme\/"]}]},{"@type":"ImageObject","inLanguage":"es","@id":"https:\/\/memoriacesib.es\/2023\/6-turisme\/#primaryimage","url":"https:\/\/memoriacesib.es\/2023\/wp-content\/uploads\/2023\/05\/turisme.jpg","contentUrl":"https:\/\/memoriacesib.es\/2023\/wp-content\/uploads\/2023\/05\/turisme.jpg","width":768,"height":768},{"@type":"BreadcrumbList","@id":"https:\/\/memoriacesib.es\/2023\/6-turisme\/#breadcrumb","itemListElement":[{"@type":"ListItem","position":1,"name":"Portada","item":"https:\/\/memoriacesib.es\/2023\/"},{"@type":"ListItem","position":2,"name":"6. Turisme"}]},{"@type":"WebSite","@id":"https:\/\/memoriacesib.es\/2023\/#website","url":"https:\/\/memoriacesib.es\/2023\/","name":"Memoria CES 2023","description":"Memoria CES 2023","publisher":{"@id":"https:\/\/memoriacesib.es\/2023\/#organization"},"potentialAction":[{"@type":"SearchAction","target":{"@type":"EntryPoint","urlTemplate":"https:\/\/memoriacesib.es\/2023\/?s={search_term_string}"},"query-input":{"@type":"PropertyValueSpecification","valueRequired":true,"valueName":"search_term_string"}}],"inLanguage":"es"},{"@type":"Organization","@id":"https:\/\/memoriacesib.es\/2023\/#organization","name":"Consell Economic i Social de les Illes Balears (CES)","url":"https:\/\/memoriacesib.es\/2023\/","logo":{"@type":"ImageObject","inLanguage":"es","@id":"https:\/\/memoriacesib.es\/2023\/#\/schema\/logo\/image\/","url":"https:\/\/memoriacesib.es\/2023\/wp-content\/uploads\/2023\/06\/Logo-Memoria-Ces-2023.png","contentUrl":"https:\/\/memoriacesib.es\/2023\/wp-content\/uploads\/2023\/06\/Logo-Memoria-Ces-2023.png","width":800,"height":195,"caption":"Consell Economic i Social de les Illes Balears (CES)"},"image":{"@id":"https:\/\/memoriacesib.es\/2023\/#\/schema\/logo\/image\/"},"sameAs":["https:\/\/www.facebook.com\/cesillesbalears","https:\/\/x.com\/ces_ib","https:\/\/www.youtube.com\/channel\/UCrEmO9wh7KlUaQ9dWzvYrVg"]},{"@type":"Person","@id":"https:\/\/memoriacesib.es\/2023\/#\/schema\/person\/2936f44710febf12ed5d851c6aa74117","name":"admin","image":{"@type":"ImageObject","inLanguage":"es","@id":"https:\/\/secure.gravatar.com\/avatar\/42a3717e1ac37e7f2d90262c48d11756024e6ed18ebaae3567f6c00866abe5f2?s=96&d=mm&r=g","url":"https:\/\/secure.gravatar.com\/avatar\/42a3717e1ac37e7f2d90262c48d11756024e6ed18ebaae3567f6c00866abe5f2?s=96&d=mm&r=g","contentUrl":"https:\/\/secure.gravatar.com\/avatar\/42a3717e1ac37e7f2d90262c48d11756024e6ed18ebaae3567f6c00866abe5f2?s=96&d=mm&r=g","caption":"admin"},"sameAs":["http:\/\/memoriacesib.es\/2023"],"url":"https:\/\/memoriacesib.es\/2023\/author\/admin\/"}]}},"_links":{"self":[{"href":"https:\/\/memoriacesib.es\/2023\/wp-json\/wp\/v2\/posts\/278","targetHints":{"allow":["GET"]}}],"collection":[{"href":"https:\/\/memoriacesib.es\/2023\/wp-json\/wp\/v2\/posts"}],"about":[{"href":"https:\/\/memoriacesib.es\/2023\/wp-json\/wp\/v2\/types\/post"}],"author":[{"embeddable":true,"href":"https:\/\/memoriacesib.es\/2023\/wp-json\/wp\/v2\/users\/1"}],"replies":[{"embeddable":true,"href":"https:\/\/memoriacesib.es\/2023\/wp-json\/wp\/v2\/comments?post=278"}],"version-history":[{"count":48,"href":"https:\/\/memoriacesib.es\/2023\/wp-json\/wp\/v2\/posts\/278\/revisions"}],"predecessor-version":[{"id":3631,"href":"https:\/\/memoriacesib.es\/2023\/wp-json\/wp\/v2\/posts\/278\/revisions\/3631"}],"wp:featuredmedia":[{"embeddable":true,"href":"https:\/\/memoriacesib.es\/2023\/wp-json\/wp\/v2\/media\/279"}],"wp:attachment":[{"href":"https:\/\/memoriacesib.es\/2023\/wp-json\/wp\/v2\/media?parent=278"}],"wp:term":[{"taxonomy":"category","embeddable":true,"href":"https:\/\/memoriacesib.es\/2023\/wp-json\/wp\/v2\/categories?post=278"},{"taxonomy":"post_tag","embeddable":true,"href":"https:\/\/memoriacesib.es\/2023\/wp-json\/wp\/v2\/tags?post=278"}],"curies":[{"name":"wp","href":"https:\/\/api.w.org\/{rel}","templated":true}]}}