{"id":3228,"date":"2024-08-13T16:10:06","date_gmt":"2024-08-13T16:10:06","guid":{"rendered":"https:\/\/memoriacesib.es\/2023\/?p=3228"},"modified":"2024-08-28T08:17:52","modified_gmt":"2024-08-28T08:17:52","slug":"ri-1-inflacio-i-distribucio-de-la-renda-claus-teoriques-per-a-lanalisi-de-la-inflacio-de-2021-a-lactualitat","status":"publish","type":"post","link":"https:\/\/memoriacesib.es\/2023\/ri-1-inflacio-i-distribucio-de-la-renda-claus-teoriques-per-a-lanalisi-de-la-inflacio-de-2021-a-lactualitat\/","title":{"rendered":"RI.1. Inflaci\u00f3 i distribuci\u00f3 de la renda: claus te\u00f2riques per a l\u2019an\u00e0lisi de la inflaci\u00f3 de 2021 a l\u2019actualitat."},"content":{"rendered":"\t\t<div data-elementor-type=\"wp-post\" data-elementor-id=\"3228\" class=\"elementor elementor-3228\" data-elementor-post-type=\"post\">\n\t\t\t\t\t\t<section class=\"elementor-section elementor-top-section elementor-element elementor-element-1b01afb2 elementor-section-boxed elementor-section-height-default elementor-section-height-default\" data-id=\"1b01afb2\" data-element_type=\"section\" data-e-type=\"section\">\n\t\t\t\t\t\t<div class=\"elementor-container elementor-column-gap-default\">\n\t\t\t\t\t<div class=\"elementor-column elementor-col-100 elementor-top-column elementor-element elementor-element-66ff9355\" data-id=\"66ff9355\" data-element_type=\"column\" data-e-type=\"column\">\n\t\t\t<div class=\"elementor-widget-wrap elementor-element-populated\">\n\t\t\t\t\t\t<div class=\"elementor-element elementor-element-24ca040c elementor-widget elementor-widget-heading\" data-id=\"24ca040c\" data-element_type=\"widget\" data-e-type=\"widget\" data-widget_type=\"heading.default\">\n\t\t\t\t<div class=\"elementor-widget-container\">\n\t\t\t\t\t<h1 class=\"elementor-heading-title elementor-size-default\">RI.1. Inflaci\u00f3 i distribuci\u00f3 de la renda: claus per a l\u2019an\u00e0lisi de la inflaci\u00f3 del 2021 a l\u2019actualitat.<\/h1>\t\t\t\t<\/div>\n\t\t\t\t<\/div>\n\t\t\t\t<div class=\"elementor-element elementor-element-5980e069 elementor-icon-list--layout-inline elementor-align-end elementor-list-item-link-full_width elementor-widget elementor-widget-icon-list\" data-id=\"5980e069\" data-element_type=\"widget\" data-e-type=\"widget\" data-widget_type=\"icon-list.default\">\n\t\t\t\t<div class=\"elementor-widget-container\">\n\t\t\t\t\t\t\t<ul class=\"elementor-icon-list-items elementor-inline-items\">\n\t\t\t\t\t\t\t<li class=\"elementor-icon-list-item elementor-inline-item\">\n\t\t\t\t\t\t\t\t\t\t<span class=\"elementor-icon-list-text\">Ferran Portella Carb\u00f3<\/span>\n\t\t\t\t\t\t\t\t\t<\/li>\n\t\t\t\t\t\t\t\t<li class=\"elementor-icon-list-item elementor-inline-item\">\n\t\t\t\t\t\t\t\t\t\t<span class=\"elementor-icon-list-text\">Ramon Boixadera Bosch<\/span>\n\t\t\t\t\t\t\t\t\t<\/li>\n\t\t\t\t\t\t<\/ul>\n\t\t\t\t\t\t<\/div>\n\t\t\t\t<\/div>\n\t\t\t\t<div class=\"elementor-element elementor-element-3aa81101 elementor-align-right elementor-widget elementor-widget-button\" data-id=\"3aa81101\" data-element_type=\"widget\" data-e-type=\"widget\" data-widget_type=\"button.default\">\n\t\t\t\t<div class=\"elementor-widget-container\">\n\t\t\t\t\t\t\t\t\t<div class=\"elementor-button-wrapper\">\n\t\t\t\t\t<a class=\"elementor-button elementor-button-link elementor-size-xs\" href=\"https:\/\/memoriacesib.es\/2023\/wp-content\/uploads\/2024\/08\/CAP-I_R1.pdf\" target=\"_blank\">\n\t\t\t\t\t\t<span class=\"elementor-button-content-wrapper\">\n\t\t\t\t\t\t<span class=\"elementor-button-icon\">\n\t\t\t\t<i aria-hidden=\"true\" class=\"fas fa-file-pdf\"><\/i>\t\t\t<\/span>\n\t\t\t\t\t\t\t\t\t<span class=\"elementor-button-text\">Descarregar RI.1. Inflaci\u00f3 i distribuci\u00f3 de la renda: claus per a l\u2019an\u00e0lisi de la inflaci\u00f3 del 2021 a l\u2019actualitat.<\/span>\n\t\t\t\t\t<\/span>\n\t\t\t\t\t<\/a>\n\t\t\t\t<\/div>\n\t\t\t\t\t\t\t\t<\/div>\n\t\t\t\t<\/div>\n\t\t\t\t<div class=\"elementor-element elementor-element-a4ec47e elementor-widget-divider--view-line elementor-widget elementor-widget-divider\" data-id=\"a4ec47e\" data-element_type=\"widget\" data-e-type=\"widget\" data-widget_type=\"divider.default\">\n\t\t\t\t<div class=\"elementor-widget-container\">\n\t\t\t\t\t\t\t<div class=\"elementor-divider\">\n\t\t\t<span class=\"elementor-divider-separator\">\n\t\t\t\t\t\t<\/span>\n\t\t<\/div>\n\t\t\t\t\t\t<\/div>\n\t\t\t\t<\/div>\n\t\t\t\t\t<\/div>\n\t\t<\/div>\n\t\t\t\t\t<\/div>\n\t\t<\/section>\n\t\t\t\t<section class=\"elementor-section elementor-top-section elementor-element elementor-element-3eac98ec elementor-section-boxed elementor-section-height-default elementor-section-height-default\" data-id=\"3eac98ec\" data-element_type=\"section\" data-e-type=\"section\">\n\t\t\t\t\t\t<div class=\"elementor-container elementor-column-gap-default\">\n\t\t\t\t\t<div class=\"elementor-column elementor-col-100 elementor-top-column elementor-element elementor-element-5b518410\" data-id=\"5b518410\" data-element_type=\"column\" data-e-type=\"column\">\n\t\t\t<div class=\"elementor-widget-wrap elementor-element-populated\">\n\t\t\t\t\t\t<div class=\"elementor-element elementor-element-1132dff3 elementor-widget elementor-widget-text-editor\" data-id=\"1132dff3\" data-element_type=\"widget\" data-e-type=\"widget\" data-widget_type=\"text-editor.default\">\n\t\t\t\t<div class=\"elementor-widget-container\">\n\t\t\t\t\t\t\t\t\t<p class=\"p1\">La inflaci\u00f3 es defineix com un augment generalitzat i sostingut dels preus \u00abnominals\u00bb, \u00e9s a dir, expressats en unitats monet\u00e0ries. Normalment, fa refer\u00e8ncia als preus dels b\u00e9ns i serveis, com en el cas de l\u2019IPC, que mesura els preus d\u2019una cistella de consum est\u00e0ndard, i del deflactor del PIB, que captura els preus de la producci\u00f3 d\u2019un pa\u00eds.<\/p>\n<p class=\"p1\">At\u00e8s que el preu pagat per un b\u00e9, servei o actiu f\u00edsic per part d\u2019una persona o instituci\u00f3 t\u00e9 sempre com a contrapartida l\u2019ingr\u00e9s per a una altra, i que els diferents preus no creixen al mateix ritme, la inflaci\u00f3 implica una redistribuci\u00f3 de la renda real entre grups socials. Per tant, genera guanyadors i perdedors en termes de poder adquisitiu i \u00e9s precisament aquest aspecte el que s\u2019analitza en la monografia: la relaci\u00f3 entre la inflaci\u00f3 i el conflicte distributiu per a l\u2019apropiaci\u00f3 de l\u2019excedent social.<\/p>\n<p class=\"p1\">L\u2019an\u00e0lisi aborda tres fases: l\u2019acceleraci\u00f3 de la inflaci\u00f3 des de principis del 2021 fins a mitjan 2022; la desacceleraci\u00f3 posterior durant un any i l\u2019estabilitzaci\u00f3 fins a l\u2019actualitat, tant a Espanya com a les Illes Balears. Aquesta din\u00e0mica s\u2019explica per causes principals compartides i es pot extrapolar a la resta de la zona euro i de la Uni\u00f3 Europea.<\/p>\n<p style=\"font-weight: 400;\"><span style=\"color: #01a1df; font-size: 25px;\"><b><i>La inflaci\u00f3 ha portat a un empobriment de les llars<\/i><\/b><\/span><\/p>\n<p class=\"p1\">L\u2019acceleraci\u00f3 de la inflaci\u00f3 s\u2019explica pel trencament de les cadenes globals de producci\u00f3 i el proc\u00e9s de <i>friend-shoring<\/i>, que conceptualment es pot assimilar a una regressi\u00f3 tecnol\u00f2gica que incrementa els preus. M\u00e9s important encara va ser l\u2019empitjorament brusc dels termes d\u2019intercanvi internacionals, que van causar un empobriment dom\u00e8stic. Pensam en el salt excepcional del preu de mat\u00e8ries primeres fonamentals que importam (com el gas, petroli, etc.) que les empreses van traslladar, segons el seu poder de mercat, als preus dom\u00e8stics per protegir les taxes de benefici. A aquest impuls inicial als preus d\u2019uns pocs sectors b\u00e0sics s\u2019hi va afegir el subseg\u00fcent augment del preu de la resta per protegir tamb\u00e9 les seves taxes de benefici. Aix\u00ed doncs, l\u2019empitjorament dels termes d\u2019intercanvi es va propagar per tota l\u2019estructura productiva de manera desigual entre sectors, generant el <i>salt<\/i> preus-preus de principis del 2021 fins a mitjan 2022.<\/p>\n<p class=\"p1\">Tot plegat no va desencadenar una espiral inflacion\u00e0ria perqu\u00e8 els salaris reals van caure fort i nom\u00e9s han comen\u00e7at a recuperar lentament poder adquisitiu a partir de 2023. Per tant, la reducci\u00f3 dels costos salarials ha perm\u00e8s la desacceleraci\u00f3 de la inflaci\u00f3 des de finals del 2022<span class=\"s2\">,<b> <\/b><\/span>sense reduir els beneficis.<span class=\"Apple-converted-space\">\u00a0<\/span><\/p>\n<p class=\"p1\">A m\u00e9s, les administracions p\u00fabliques (amb mesures com \u00abl\u2019excepci\u00f3 ib\u00e8rica\u00bb per contenir els preus de l\u2019electricitat, les ajudes a les empreses i les transfer\u00e8ncies a les fam\u00edlies m\u00e9s necessitades) han ajudat a atenuar la propagaci\u00f3 dels augments de preus i evitar una caiguda m\u00e9s gran del poder adquisitiu de les llars, que tamb\u00e9 hagu\u00e9s pogut afegir pressi\u00f3 sobre els salaris.<span class=\"Apple-converted-space\">\u00a0<\/span><\/p>\n<p class=\"p1\">Advertim, finalment, que no hi ha cap consens sobre una possible taxa d\u2019inflaci\u00f3 \u00f2ptima i que la influ\u00e8ncia del banc central sobre els preus \u00e9s m\u00e9s aviat indirecta i a vegades contradict\u00f2ria.<span class=\"Apple-converted-space\">\u00a0<\/span><\/p>\n<p style=\"font-weight: 400;\">\n\n<\/p>\t\t\t\t\t\t\t\t<\/div>\n\t\t\t\t<\/div>\n\t\t\t\t\t<\/div>\n\t\t<\/div>\n\t\t\t\t\t<\/div>\n\t\t<\/section>\n\t\t\t\t<section class=\"elementor-section elementor-top-section elementor-element elementor-element-b0cd05e elementor-section-boxed elementor-section-height-default elementor-section-height-default\" data-id=\"b0cd05e\" data-element_type=\"section\" data-e-type=\"section\">\n\t\t\t\t\t\t<div class=\"elementor-container elementor-column-gap-default\">\n\t\t\t\t\t<div class=\"elementor-column elementor-col-100 elementor-top-column elementor-element elementor-element-4e7ebc5c\" data-id=\"4e7ebc5c\" data-element_type=\"column\" data-e-type=\"column\">\n\t\t\t<div class=\"elementor-widget-wrap elementor-element-populated\">\n\t\t\t\t\t\t<div class=\"elementor-element elementor-element-78e758c4 elementor-widget-divider--view-line elementor-widget elementor-widget-divider\" data-id=\"78e758c4\" data-element_type=\"widget\" data-e-type=\"widget\" data-widget_type=\"divider.default\">\n\t\t\t\t<div class=\"elementor-widget-container\">\n\t\t\t\t\t\t\t<div class=\"elementor-divider\">\n\t\t\t<span class=\"elementor-divider-separator\">\n\t\t\t\t\t\t<\/span>\n\t\t<\/div>\n\t\t\t\t\t\t<\/div>\n\t\t\t\t<\/div>\n\t\t\t\t\t<\/div>\n\t\t<\/div>\n\t\t\t\t\t<\/div>\n\t\t<\/section>\n\t\t\t\t<\/div>\n\t\t","protected":false},"excerpt":{"rendered":"<p>RI.1. Inflaci\u00f3 i distribuci\u00f3 de la renda: claus per a l\u2019an\u00e0lisi de la inflaci\u00f3 del 2021 a l\u2019actualitat. Ferran Portella Carb\u00f3 Ramon Boixadera Bosch Descarregar RI.1. Inflaci\u00f3 i distribuci\u00f3 de la renda: claus per a l\u2019an\u00e0lisi de la inflaci\u00f3 del 2021 a l\u2019actualitat. La inflaci\u00f3 es defineix com un augment generalitzat i sostingut dels preus [&hellip;]<\/p>\n","protected":false},"author":1,"featured_media":3229,"comment_status":"open","ping_status":"open","sticky":false,"template":"","format":"standard","meta":{"footnotes":""},"categories":[3,2],"tags":[],"class_list":["post-3228","post","type-post","status-publish","format-standard","has-post-thumbnail","hentry","category-panoramaeconomicdelesillesbalears","category-capitoli"],"yoast_head":"<!-- This site is optimized with the Yoast SEO plugin v27.3 - https:\/\/yoast.com\/product\/yoast-seo-wordpress\/ -->\n<title>RI.1. Inflaci\u00f3 i distribuci\u00f3 de la renda: claus te\u00f2riques per a l\u2019an\u00e0lisi de la inflaci\u00f3 de 2021 a l\u2019actualitat. - Memoria CES 2023<\/title>\n<meta name=\"robots\" content=\"index, follow, max-snippet:-1, max-image-preview:large, max-video-preview:-1\" \/>\n<link rel=\"canonical\" href=\"https:\/\/memoriacesib.es\/2023\/ri-1-inflacio-i-distribucio-de-la-renda-claus-teoriques-per-a-lanalisi-de-la-inflacio-de-2021-a-lactualitat\/\" \/>\n<meta property=\"og:locale\" content=\"es_ES\" \/>\n<meta property=\"og:type\" content=\"article\" \/>\n<meta property=\"og:title\" content=\"RI.1. Inflaci\u00f3 i distribuci\u00f3 de la renda: claus te\u00f2riques per a l\u2019an\u00e0lisi de la inflaci\u00f3 de 2021 a l\u2019actualitat. - Memoria CES 2023\" \/>\n<meta property=\"og:description\" content=\"RI.1. Inflaci\u00f3 i distribuci\u00f3 de la renda: claus per a l\u2019an\u00e0lisi de la inflaci\u00f3 del 2021 a l\u2019actualitat. Ferran Portella Carb\u00f3 Ramon Boixadera Bosch Descarregar RI.1. Inflaci\u00f3 i distribuci\u00f3 de la renda: claus per a l\u2019an\u00e0lisi de la inflaci\u00f3 del 2021 a l\u2019actualitat. La inflaci\u00f3 es defineix com un augment generalitzat i sostingut dels preus [&hellip;]\" \/>\n<meta property=\"og:url\" content=\"https:\/\/memoriacesib.es\/2023\/ri-1-inflacio-i-distribucio-de-la-renda-claus-teoriques-per-a-lanalisi-de-la-inflacio-de-2021-a-lactualitat\/\" \/>\n<meta property=\"og:site_name\" content=\"Memoria CES 2023\" \/>\n<meta property=\"article:publisher\" content=\"https:\/\/www.facebook.com\/cesillesbalears\" \/>\n<meta property=\"article:published_time\" content=\"2024-08-13T16:10:06+00:00\" \/>\n<meta property=\"article:modified_time\" content=\"2024-08-28T08:17:52+00:00\" \/>\n<meta property=\"og:image\" content=\"https:\/\/memoriacesib.es\/2023\/wp-content\/uploads\/2024\/08\/R1-Inflaccion-de-la-renta.jpg\" \/>\n\t<meta property=\"og:image:width\" content=\"768\" \/>\n\t<meta property=\"og:image:height\" content=\"768\" \/>\n\t<meta property=\"og:image:type\" content=\"image\/jpeg\" \/>\n<meta name=\"author\" content=\"admin\" \/>\n<meta name=\"twitter:card\" content=\"summary_large_image\" \/>\n<meta name=\"twitter:creator\" content=\"@ces_ib\" \/>\n<meta name=\"twitter:site\" content=\"@ces_ib\" \/>\n<meta name=\"twitter:label1\" content=\"Escrito por\" \/>\n\t<meta name=\"twitter:data1\" content=\"admin\" \/>\n\t<meta name=\"twitter:label2\" content=\"Tiempo de lectura\" \/>\n\t<meta name=\"twitter:data2\" content=\"3 minutos\" \/>\n<script type=\"application\/ld+json\" class=\"yoast-schema-graph\">{\"@context\":\"https:\\\/\\\/schema.org\",\"@graph\":[{\"@type\":\"Article\",\"@id\":\"https:\\\/\\\/memoriacesib.es\\\/2023\\\/ri-1-inflacio-i-distribucio-de-la-renda-claus-teoriques-per-a-lanalisi-de-la-inflacio-de-2021-a-lactualitat\\\/#article\",\"isPartOf\":{\"@id\":\"https:\\\/\\\/memoriacesib.es\\\/2023\\\/ri-1-inflacio-i-distribucio-de-la-renda-claus-teoriques-per-a-lanalisi-de-la-inflacio-de-2021-a-lactualitat\\\/\"},\"author\":{\"name\":\"admin\",\"@id\":\"https:\\\/\\\/memoriacesib.es\\\/2023\\\/#\\\/schema\\\/person\\\/2936f44710febf12ed5d851c6aa74117\"},\"headline\":\"RI.1. Inflaci\u00f3 i distribuci\u00f3 de la renda: claus te\u00f2riques per a l\u2019an\u00e0lisi de la inflaci\u00f3 de 2021 a l\u2019actualitat.\",\"datePublished\":\"2024-08-13T16:10:06+00:00\",\"dateModified\":\"2024-08-28T08:17:52+00:00\",\"mainEntityOfPage\":{\"@id\":\"https:\\\/\\\/memoriacesib.es\\\/2023\\\/ri-1-inflacio-i-distribucio-de-la-renda-claus-teoriques-per-a-lanalisi-de-la-inflacio-de-2021-a-lactualitat\\\/\"},\"wordCount\":623,\"commentCount\":0,\"publisher\":{\"@id\":\"https:\\\/\\\/memoriacesib.es\\\/2023\\\/#organization\"},\"image\":{\"@id\":\"https:\\\/\\\/memoriacesib.es\\\/2023\\\/ri-1-inflacio-i-distribucio-de-la-renda-claus-teoriques-per-a-lanalisi-de-la-inflacio-de-2021-a-lactualitat\\\/#primaryimage\"},\"thumbnailUrl\":\"https:\\\/\\\/memoriacesib.es\\\/2023\\\/wp-content\\\/uploads\\\/2024\\\/08\\\/R1-Inflaccion-de-la-renta.jpg\",\"articleSection\":[\"1. El panorama econ\u00f2mic de les Illes Balears\",\"Cap\u00edtol I\"],\"inLanguage\":\"es\",\"potentialAction\":[{\"@type\":\"CommentAction\",\"name\":\"Comment\",\"target\":[\"https:\\\/\\\/memoriacesib.es\\\/2023\\\/ri-1-inflacio-i-distribucio-de-la-renda-claus-teoriques-per-a-lanalisi-de-la-inflacio-de-2021-a-lactualitat\\\/#respond\"]}]},{\"@type\":\"WebPage\",\"@id\":\"https:\\\/\\\/memoriacesib.es\\\/2023\\\/ri-1-inflacio-i-distribucio-de-la-renda-claus-teoriques-per-a-lanalisi-de-la-inflacio-de-2021-a-lactualitat\\\/\",\"url\":\"https:\\\/\\\/memoriacesib.es\\\/2023\\\/ri-1-inflacio-i-distribucio-de-la-renda-claus-teoriques-per-a-lanalisi-de-la-inflacio-de-2021-a-lactualitat\\\/\",\"name\":\"RI.1. Inflaci\u00f3 i distribuci\u00f3 de la renda: claus te\u00f2riques per a l\u2019an\u00e0lisi de la inflaci\u00f3 de 2021 a l\u2019actualitat. - Memoria CES 2023\",\"isPartOf\":{\"@id\":\"https:\\\/\\\/memoriacesib.es\\\/2023\\\/#website\"},\"primaryImageOfPage\":{\"@id\":\"https:\\\/\\\/memoriacesib.es\\\/2023\\\/ri-1-inflacio-i-distribucio-de-la-renda-claus-teoriques-per-a-lanalisi-de-la-inflacio-de-2021-a-lactualitat\\\/#primaryimage\"},\"image\":{\"@id\":\"https:\\\/\\\/memoriacesib.es\\\/2023\\\/ri-1-inflacio-i-distribucio-de-la-renda-claus-teoriques-per-a-lanalisi-de-la-inflacio-de-2021-a-lactualitat\\\/#primaryimage\"},\"thumbnailUrl\":\"https:\\\/\\\/memoriacesib.es\\\/2023\\\/wp-content\\\/uploads\\\/2024\\\/08\\\/R1-Inflaccion-de-la-renta.jpg\",\"datePublished\":\"2024-08-13T16:10:06+00:00\",\"dateModified\":\"2024-08-28T08:17:52+00:00\",\"breadcrumb\":{\"@id\":\"https:\\\/\\\/memoriacesib.es\\\/2023\\\/ri-1-inflacio-i-distribucio-de-la-renda-claus-teoriques-per-a-lanalisi-de-la-inflacio-de-2021-a-lactualitat\\\/#breadcrumb\"},\"inLanguage\":\"es\",\"potentialAction\":[{\"@type\":\"ReadAction\",\"target\":[\"https:\\\/\\\/memoriacesib.es\\\/2023\\\/ri-1-inflacio-i-distribucio-de-la-renda-claus-teoriques-per-a-lanalisi-de-la-inflacio-de-2021-a-lactualitat\\\/\"]}]},{\"@type\":\"ImageObject\",\"inLanguage\":\"es\",\"@id\":\"https:\\\/\\\/memoriacesib.es\\\/2023\\\/ri-1-inflacio-i-distribucio-de-la-renda-claus-teoriques-per-a-lanalisi-de-la-inflacio-de-2021-a-lactualitat\\\/#primaryimage\",\"url\":\"https:\\\/\\\/memoriacesib.es\\\/2023\\\/wp-content\\\/uploads\\\/2024\\\/08\\\/R1-Inflaccion-de-la-renta.jpg\",\"contentUrl\":\"https:\\\/\\\/memoriacesib.es\\\/2023\\\/wp-content\\\/uploads\\\/2024\\\/08\\\/R1-Inflaccion-de-la-renta.jpg\",\"width\":768,\"height\":768},{\"@type\":\"BreadcrumbList\",\"@id\":\"https:\\\/\\\/memoriacesib.es\\\/2023\\\/ri-1-inflacio-i-distribucio-de-la-renda-claus-teoriques-per-a-lanalisi-de-la-inflacio-de-2021-a-lactualitat\\\/#breadcrumb\",\"itemListElement\":[{\"@type\":\"ListItem\",\"position\":1,\"name\":\"Portada\",\"item\":\"https:\\\/\\\/memoriacesib.es\\\/2023\\\/\"},{\"@type\":\"ListItem\",\"position\":2,\"name\":\"RI.1. Inflaci\u00f3 i distribuci\u00f3 de la renda: claus te\u00f2riques per a l\u2019an\u00e0lisi de la inflaci\u00f3 de 2021 a l\u2019actualitat.\"}]},{\"@type\":\"WebSite\",\"@id\":\"https:\\\/\\\/memoriacesib.es\\\/2023\\\/#website\",\"url\":\"https:\\\/\\\/memoriacesib.es\\\/2023\\\/\",\"name\":\"Memoria CES 2023\",\"description\":\"Memoria CES 2023\",\"publisher\":{\"@id\":\"https:\\\/\\\/memoriacesib.es\\\/2023\\\/#organization\"},\"potentialAction\":[{\"@type\":\"SearchAction\",\"target\":{\"@type\":\"EntryPoint\",\"urlTemplate\":\"https:\\\/\\\/memoriacesib.es\\\/2023\\\/?s={search_term_string}\"},\"query-input\":{\"@type\":\"PropertyValueSpecification\",\"valueRequired\":true,\"valueName\":\"search_term_string\"}}],\"inLanguage\":\"es\"},{\"@type\":\"Organization\",\"@id\":\"https:\\\/\\\/memoriacesib.es\\\/2023\\\/#organization\",\"name\":\"Consell Economic i Social de les Illes Balears (CES)\",\"url\":\"https:\\\/\\\/memoriacesib.es\\\/2023\\\/\",\"logo\":{\"@type\":\"ImageObject\",\"inLanguage\":\"es\",\"@id\":\"https:\\\/\\\/memoriacesib.es\\\/2023\\\/#\\\/schema\\\/logo\\\/image\\\/\",\"url\":\"https:\\\/\\\/memoriacesib.es\\\/2023\\\/wp-content\\\/uploads\\\/2023\\\/06\\\/Logo-Memoria-Ces-2023.png\",\"contentUrl\":\"https:\\\/\\\/memoriacesib.es\\\/2023\\\/wp-content\\\/uploads\\\/2023\\\/06\\\/Logo-Memoria-Ces-2023.png\",\"width\":800,\"height\":195,\"caption\":\"Consell Economic i Social de les Illes Balears (CES)\"},\"image\":{\"@id\":\"https:\\\/\\\/memoriacesib.es\\\/2023\\\/#\\\/schema\\\/logo\\\/image\\\/\"},\"sameAs\":[\"https:\\\/\\\/www.facebook.com\\\/cesillesbalears\",\"https:\\\/\\\/x.com\\\/ces_ib\",\"https:\\\/\\\/www.youtube.com\\\/channel\\\/UCrEmO9wh7KlUaQ9dWzvYrVg\"]},{\"@type\":\"Person\",\"@id\":\"https:\\\/\\\/memoriacesib.es\\\/2023\\\/#\\\/schema\\\/person\\\/2936f44710febf12ed5d851c6aa74117\",\"name\":\"admin\",\"image\":{\"@type\":\"ImageObject\",\"inLanguage\":\"es\",\"@id\":\"https:\\\/\\\/secure.gravatar.com\\\/avatar\\\/42a3717e1ac37e7f2d90262c48d11756024e6ed18ebaae3567f6c00866abe5f2?s=96&d=mm&r=g\",\"url\":\"https:\\\/\\\/secure.gravatar.com\\\/avatar\\\/42a3717e1ac37e7f2d90262c48d11756024e6ed18ebaae3567f6c00866abe5f2?s=96&d=mm&r=g\",\"contentUrl\":\"https:\\\/\\\/secure.gravatar.com\\\/avatar\\\/42a3717e1ac37e7f2d90262c48d11756024e6ed18ebaae3567f6c00866abe5f2?s=96&d=mm&r=g\",\"caption\":\"admin\"},\"sameAs\":[\"http:\\\/\\\/memoriacesib.es\\\/2023\"],\"url\":\"https:\\\/\\\/memoriacesib.es\\\/2023\\\/author\\\/admin\\\/\"}]}<\/script>\n<!-- \/ Yoast SEO plugin. -->","yoast_head_json":{"title":"RI.1. Inflaci\u00f3 i distribuci\u00f3 de la renda: claus te\u00f2riques per a l\u2019an\u00e0lisi de la inflaci\u00f3 de 2021 a l\u2019actualitat. - Memoria CES 2023","robots":{"index":"index","follow":"follow","max-snippet":"max-snippet:-1","max-image-preview":"max-image-preview:large","max-video-preview":"max-video-preview:-1"},"canonical":"https:\/\/memoriacesib.es\/2023\/ri-1-inflacio-i-distribucio-de-la-renda-claus-teoriques-per-a-lanalisi-de-la-inflacio-de-2021-a-lactualitat\/","og_locale":"es_ES","og_type":"article","og_title":"RI.1. Inflaci\u00f3 i distribuci\u00f3 de la renda: claus te\u00f2riques per a l\u2019an\u00e0lisi de la inflaci\u00f3 de 2021 a l\u2019actualitat. - Memoria CES 2023","og_description":"RI.1. Inflaci\u00f3 i distribuci\u00f3 de la renda: claus per a l\u2019an\u00e0lisi de la inflaci\u00f3 del 2021 a l\u2019actualitat. Ferran Portella Carb\u00f3 Ramon Boixadera Bosch Descarregar RI.1. Inflaci\u00f3 i distribuci\u00f3 de la renda: claus per a l\u2019an\u00e0lisi de la inflaci\u00f3 del 2021 a l\u2019actualitat. La inflaci\u00f3 es defineix com un augment generalitzat i sostingut dels preus [&hellip;]","og_url":"https:\/\/memoriacesib.es\/2023\/ri-1-inflacio-i-distribucio-de-la-renda-claus-teoriques-per-a-lanalisi-de-la-inflacio-de-2021-a-lactualitat\/","og_site_name":"Memoria CES 2023","article_publisher":"https:\/\/www.facebook.com\/cesillesbalears","article_published_time":"2024-08-13T16:10:06+00:00","article_modified_time":"2024-08-28T08:17:52+00:00","og_image":[{"width":768,"height":768,"url":"https:\/\/memoriacesib.es\/2023\/wp-content\/uploads\/2024\/08\/R1-Inflaccion-de-la-renta.jpg","type":"image\/jpeg"}],"author":"admin","twitter_card":"summary_large_image","twitter_creator":"@ces_ib","twitter_site":"@ces_ib","twitter_misc":{"Escrito por":"admin","Tiempo de lectura":"3 minutos"},"schema":{"@context":"https:\/\/schema.org","@graph":[{"@type":"Article","@id":"https:\/\/memoriacesib.es\/2023\/ri-1-inflacio-i-distribucio-de-la-renda-claus-teoriques-per-a-lanalisi-de-la-inflacio-de-2021-a-lactualitat\/#article","isPartOf":{"@id":"https:\/\/memoriacesib.es\/2023\/ri-1-inflacio-i-distribucio-de-la-renda-claus-teoriques-per-a-lanalisi-de-la-inflacio-de-2021-a-lactualitat\/"},"author":{"name":"admin","@id":"https:\/\/memoriacesib.es\/2023\/#\/schema\/person\/2936f44710febf12ed5d851c6aa74117"},"headline":"RI.1. Inflaci\u00f3 i distribuci\u00f3 de la renda: claus te\u00f2riques per a l\u2019an\u00e0lisi de la inflaci\u00f3 de 2021 a l\u2019actualitat.","datePublished":"2024-08-13T16:10:06+00:00","dateModified":"2024-08-28T08:17:52+00:00","mainEntityOfPage":{"@id":"https:\/\/memoriacesib.es\/2023\/ri-1-inflacio-i-distribucio-de-la-renda-claus-teoriques-per-a-lanalisi-de-la-inflacio-de-2021-a-lactualitat\/"},"wordCount":623,"commentCount":0,"publisher":{"@id":"https:\/\/memoriacesib.es\/2023\/#organization"},"image":{"@id":"https:\/\/memoriacesib.es\/2023\/ri-1-inflacio-i-distribucio-de-la-renda-claus-teoriques-per-a-lanalisi-de-la-inflacio-de-2021-a-lactualitat\/#primaryimage"},"thumbnailUrl":"https:\/\/memoriacesib.es\/2023\/wp-content\/uploads\/2024\/08\/R1-Inflaccion-de-la-renta.jpg","articleSection":["1. El panorama econ\u00f2mic de les Illes Balears","Cap\u00edtol I"],"inLanguage":"es","potentialAction":[{"@type":"CommentAction","name":"Comment","target":["https:\/\/memoriacesib.es\/2023\/ri-1-inflacio-i-distribucio-de-la-renda-claus-teoriques-per-a-lanalisi-de-la-inflacio-de-2021-a-lactualitat\/#respond"]}]},{"@type":"WebPage","@id":"https:\/\/memoriacesib.es\/2023\/ri-1-inflacio-i-distribucio-de-la-renda-claus-teoriques-per-a-lanalisi-de-la-inflacio-de-2021-a-lactualitat\/","url":"https:\/\/memoriacesib.es\/2023\/ri-1-inflacio-i-distribucio-de-la-renda-claus-teoriques-per-a-lanalisi-de-la-inflacio-de-2021-a-lactualitat\/","name":"RI.1. Inflaci\u00f3 i distribuci\u00f3 de la renda: claus te\u00f2riques per a l\u2019an\u00e0lisi de la inflaci\u00f3 de 2021 a l\u2019actualitat. - Memoria CES 2023","isPartOf":{"@id":"https:\/\/memoriacesib.es\/2023\/#website"},"primaryImageOfPage":{"@id":"https:\/\/memoriacesib.es\/2023\/ri-1-inflacio-i-distribucio-de-la-renda-claus-teoriques-per-a-lanalisi-de-la-inflacio-de-2021-a-lactualitat\/#primaryimage"},"image":{"@id":"https:\/\/memoriacesib.es\/2023\/ri-1-inflacio-i-distribucio-de-la-renda-claus-teoriques-per-a-lanalisi-de-la-inflacio-de-2021-a-lactualitat\/#primaryimage"},"thumbnailUrl":"https:\/\/memoriacesib.es\/2023\/wp-content\/uploads\/2024\/08\/R1-Inflaccion-de-la-renta.jpg","datePublished":"2024-08-13T16:10:06+00:00","dateModified":"2024-08-28T08:17:52+00:00","breadcrumb":{"@id":"https:\/\/memoriacesib.es\/2023\/ri-1-inflacio-i-distribucio-de-la-renda-claus-teoriques-per-a-lanalisi-de-la-inflacio-de-2021-a-lactualitat\/#breadcrumb"},"inLanguage":"es","potentialAction":[{"@type":"ReadAction","target":["https:\/\/memoriacesib.es\/2023\/ri-1-inflacio-i-distribucio-de-la-renda-claus-teoriques-per-a-lanalisi-de-la-inflacio-de-2021-a-lactualitat\/"]}]},{"@type":"ImageObject","inLanguage":"es","@id":"https:\/\/memoriacesib.es\/2023\/ri-1-inflacio-i-distribucio-de-la-renda-claus-teoriques-per-a-lanalisi-de-la-inflacio-de-2021-a-lactualitat\/#primaryimage","url":"https:\/\/memoriacesib.es\/2023\/wp-content\/uploads\/2024\/08\/R1-Inflaccion-de-la-renta.jpg","contentUrl":"https:\/\/memoriacesib.es\/2023\/wp-content\/uploads\/2024\/08\/R1-Inflaccion-de-la-renta.jpg","width":768,"height":768},{"@type":"BreadcrumbList","@id":"https:\/\/memoriacesib.es\/2023\/ri-1-inflacio-i-distribucio-de-la-renda-claus-teoriques-per-a-lanalisi-de-la-inflacio-de-2021-a-lactualitat\/#breadcrumb","itemListElement":[{"@type":"ListItem","position":1,"name":"Portada","item":"https:\/\/memoriacesib.es\/2023\/"},{"@type":"ListItem","position":2,"name":"RI.1. Inflaci\u00f3 i distribuci\u00f3 de la renda: claus te\u00f2riques per a l\u2019an\u00e0lisi de la inflaci\u00f3 de 2021 a l\u2019actualitat."}]},{"@type":"WebSite","@id":"https:\/\/memoriacesib.es\/2023\/#website","url":"https:\/\/memoriacesib.es\/2023\/","name":"Memoria CES 2023","description":"Memoria CES 2023","publisher":{"@id":"https:\/\/memoriacesib.es\/2023\/#organization"},"potentialAction":[{"@type":"SearchAction","target":{"@type":"EntryPoint","urlTemplate":"https:\/\/memoriacesib.es\/2023\/?s={search_term_string}"},"query-input":{"@type":"PropertyValueSpecification","valueRequired":true,"valueName":"search_term_string"}}],"inLanguage":"es"},{"@type":"Organization","@id":"https:\/\/memoriacesib.es\/2023\/#organization","name":"Consell Economic i Social de les Illes Balears (CES)","url":"https:\/\/memoriacesib.es\/2023\/","logo":{"@type":"ImageObject","inLanguage":"es","@id":"https:\/\/memoriacesib.es\/2023\/#\/schema\/logo\/image\/","url":"https:\/\/memoriacesib.es\/2023\/wp-content\/uploads\/2023\/06\/Logo-Memoria-Ces-2023.png","contentUrl":"https:\/\/memoriacesib.es\/2023\/wp-content\/uploads\/2023\/06\/Logo-Memoria-Ces-2023.png","width":800,"height":195,"caption":"Consell Economic i Social de les Illes Balears (CES)"},"image":{"@id":"https:\/\/memoriacesib.es\/2023\/#\/schema\/logo\/image\/"},"sameAs":["https:\/\/www.facebook.com\/cesillesbalears","https:\/\/x.com\/ces_ib","https:\/\/www.youtube.com\/channel\/UCrEmO9wh7KlUaQ9dWzvYrVg"]},{"@type":"Person","@id":"https:\/\/memoriacesib.es\/2023\/#\/schema\/person\/2936f44710febf12ed5d851c6aa74117","name":"admin","image":{"@type":"ImageObject","inLanguage":"es","@id":"https:\/\/secure.gravatar.com\/avatar\/42a3717e1ac37e7f2d90262c48d11756024e6ed18ebaae3567f6c00866abe5f2?s=96&d=mm&r=g","url":"https:\/\/secure.gravatar.com\/avatar\/42a3717e1ac37e7f2d90262c48d11756024e6ed18ebaae3567f6c00866abe5f2?s=96&d=mm&r=g","contentUrl":"https:\/\/secure.gravatar.com\/avatar\/42a3717e1ac37e7f2d90262c48d11756024e6ed18ebaae3567f6c00866abe5f2?s=96&d=mm&r=g","caption":"admin"},"sameAs":["http:\/\/memoriacesib.es\/2023"],"url":"https:\/\/memoriacesib.es\/2023\/author\/admin\/"}]}},"_links":{"self":[{"href":"https:\/\/memoriacesib.es\/2023\/wp-json\/wp\/v2\/posts\/3228","targetHints":{"allow":["GET"]}}],"collection":[{"href":"https:\/\/memoriacesib.es\/2023\/wp-json\/wp\/v2\/posts"}],"about":[{"href":"https:\/\/memoriacesib.es\/2023\/wp-json\/wp\/v2\/types\/post"}],"author":[{"embeddable":true,"href":"https:\/\/memoriacesib.es\/2023\/wp-json\/wp\/v2\/users\/1"}],"replies":[{"embeddable":true,"href":"https:\/\/memoriacesib.es\/2023\/wp-json\/wp\/v2\/comments?post=3228"}],"version-history":[{"count":10,"href":"https:\/\/memoriacesib.es\/2023\/wp-json\/wp\/v2\/posts\/3228\/revisions"}],"predecessor-version":[{"id":3533,"href":"https:\/\/memoriacesib.es\/2023\/wp-json\/wp\/v2\/posts\/3228\/revisions\/3533"}],"wp:featuredmedia":[{"embeddable":true,"href":"https:\/\/memoriacesib.es\/2023\/wp-json\/wp\/v2\/media\/3229"}],"wp:attachment":[{"href":"https:\/\/memoriacesib.es\/2023\/wp-json\/wp\/v2\/media?parent=3228"}],"wp:term":[{"taxonomy":"category","embeddable":true,"href":"https:\/\/memoriacesib.es\/2023\/wp-json\/wp\/v2\/categories?post=3228"},{"taxonomy":"post_tag","embeddable":true,"href":"https:\/\/memoriacesib.es\/2023\/wp-json\/wp\/v2\/tags?post=3228"}],"curies":[{"name":"wp","href":"https:\/\/api.w.org\/{rel}","templated":true}]}}