{"id":3401,"date":"2024-08-14T08:14:47","date_gmt":"2024-08-14T08:14:47","guid":{"rendered":"https:\/\/memoriacesib.es\/2023\/?p=3401"},"modified":"2024-08-28T08:33:25","modified_gmt":"2024-08-28T08:33:25","slug":"riii-2-la-formacio-professional-dual-a-les-illes-balears-hoteleria-i-turisme","status":"publish","type":"post","link":"https:\/\/memoriacesib.es\/2023\/riii-2-la-formacio-professional-dual-a-les-illes-balears-hoteleria-i-turisme\/","title":{"rendered":"RIII.2. La formaci\u00f3 professional dual a les Illes Balears: hoteleria i turisme"},"content":{"rendered":"\t\t<div data-elementor-type=\"wp-post\" data-elementor-id=\"3401\" class=\"elementor elementor-3401\" data-elementor-post-type=\"post\">\n\t\t\t\t\t\t<section class=\"elementor-section elementor-top-section elementor-element elementor-element-84cb56e elementor-section-boxed elementor-section-height-default elementor-section-height-default\" data-id=\"84cb56e\" data-element_type=\"section\" data-e-type=\"section\">\n\t\t\t\t\t\t<div class=\"elementor-container elementor-column-gap-default\">\n\t\t\t\t\t<div class=\"elementor-column elementor-col-100 elementor-top-column elementor-element elementor-element-43f1c06d\" data-id=\"43f1c06d\" data-element_type=\"column\" data-e-type=\"column\">\n\t\t\t<div class=\"elementor-widget-wrap elementor-element-populated\">\n\t\t\t\t\t\t<div class=\"elementor-element elementor-element-6f34e5fb elementor-widget elementor-widget-heading\" data-id=\"6f34e5fb\" data-element_type=\"widget\" data-e-type=\"widget\" data-widget_type=\"heading.default\">\n\t\t\t\t<div class=\"elementor-widget-container\">\n\t\t\t\t\t<h1 class=\"elementor-heading-title elementor-size-default\">RIII.2. La formaci\u00f3 professional dual a les Illes Balears: hoteleria i turisme<\/h1>\t\t\t\t<\/div>\n\t\t\t\t<\/div>\n\t\t\t\t<div class=\"elementor-element elementor-element-27e352f4 elementor-icon-list--layout-inline elementor-align-end elementor-list-item-link-full_width elementor-widget elementor-widget-icon-list\" data-id=\"27e352f4\" data-element_type=\"widget\" data-e-type=\"widget\" data-widget_type=\"icon-list.default\">\n\t\t\t\t<div class=\"elementor-widget-container\">\n\t\t\t\t\t\t\t<ul class=\"elementor-icon-list-items elementor-inline-items\">\n\t\t\t\t\t\t\t<li class=\"elementor-icon-list-item elementor-inline-item\">\n\t\t\t\t\t\t\t\t\t\t<span class=\"elementor-icon-list-text\">Francesca Salv\u00e0 Mut<\/span>\n\t\t\t\t\t\t\t\t\t<\/li>\n\t\t\t\t\t\t\t\t<li class=\"elementor-icon-list-item elementor-inline-item\">\n\t\t\t\t\t\t\t\t\t\t<span class=\"elementor-icon-list-text\">Mar\u00eda Tugores Ques<\/span>\n\t\t\t\t\t\t\t\t\t<\/li>\n\t\t\t\t\t\t\t\t<li class=\"elementor-icon-list-item elementor-inline-item\">\n\t\t\t\t\t\t\t\t\t\t<span class=\"elementor-icon-list-text\">Elena Quintana Murci<\/span>\n\t\t\t\t\t\t\t\t\t<\/li>\n\t\t\t\t\t\t<\/ul>\n\t\t\t\t\t\t<\/div>\n\t\t\t\t<\/div>\n\t\t\t\t<div class=\"elementor-element elementor-element-516cae04 elementor-align-right elementor-widget elementor-widget-button\" data-id=\"516cae04\" data-element_type=\"widget\" data-e-type=\"widget\" data-widget_type=\"button.default\">\n\t\t\t\t<div class=\"elementor-widget-container\">\n\t\t\t\t\t\t\t\t\t<div class=\"elementor-button-wrapper\">\n\t\t\t\t\t<a class=\"elementor-button elementor-button-link elementor-size-xs\" href=\"https:\/\/memoriacesib.es\/2023\/wp-content\/uploads\/2024\/08\/CAP-III_R2.pdf\" target=\"_blank\">\n\t\t\t\t\t\t<span class=\"elementor-button-content-wrapper\">\n\t\t\t\t\t\t<span class=\"elementor-button-icon\">\n\t\t\t\t<i aria-hidden=\"true\" class=\"fas fa-file-pdf\"><\/i>\t\t\t<\/span>\n\t\t\t\t\t\t\t\t\t<span class=\"elementor-button-text\">Descarregar CAP III. RIII.2. La formaci\u00f3 professional dual a les Illes Balears: hoteleria i turisme<\/span>\n\t\t\t\t\t<\/span>\n\t\t\t\t\t<\/a>\n\t\t\t\t<\/div>\n\t\t\t\t\t\t\t\t<\/div>\n\t\t\t\t<\/div>\n\t\t\t\t<div class=\"elementor-element elementor-element-88a7ac1 elementor-widget-divider--view-line elementor-widget elementor-widget-divider\" data-id=\"88a7ac1\" data-element_type=\"widget\" data-e-type=\"widget\" data-widget_type=\"divider.default\">\n\t\t\t\t<div class=\"elementor-widget-container\">\n\t\t\t\t\t\t\t<div class=\"elementor-divider\">\n\t\t\t<span class=\"elementor-divider-separator\">\n\t\t\t\t\t\t<\/span>\n\t\t<\/div>\n\t\t\t\t\t\t<\/div>\n\t\t\t\t<\/div>\n\t\t\t\t\t<\/div>\n\t\t<\/div>\n\t\t\t\t\t<\/div>\n\t\t<\/section>\n\t\t\t\t<section class=\"elementor-section elementor-top-section elementor-element elementor-element-13b5a968 elementor-section-boxed elementor-section-height-default elementor-section-height-default\" data-id=\"13b5a968\" data-element_type=\"section\" data-e-type=\"section\">\n\t\t\t\t\t\t<div class=\"elementor-container elementor-column-gap-default\">\n\t\t\t\t\t<div class=\"elementor-column elementor-col-100 elementor-top-column elementor-element elementor-element-18dc4de5\" data-id=\"18dc4de5\" data-element_type=\"column\" data-e-type=\"column\">\n\t\t\t<div class=\"elementor-widget-wrap elementor-element-populated\">\n\t\t\t\t\t\t<div class=\"elementor-element elementor-element-17b854eb elementor-widget elementor-widget-text-editor\" data-id=\"17b854eb\" data-element_type=\"widget\" data-e-type=\"widget\" data-widget_type=\"text-editor.default\">\n\t\t\t\t<div class=\"elementor-widget-container\">\n\t\t\t\t\t\t\t\t\t<p class=\"p1\">El monogr\u00e0fic \u00abFormaci\u00f3 professional dual a les Illes Balears. Hoteleria i turisme\u00bb examina la situaci\u00f3 de la formaci\u00f3 professional dual (FPD) en la fam\u00edlia professional d\u2019hoteleria i turisme a les Illes Balears, tot destacant-ne la rellev\u00e0ncia en l\u2019economia regional.<\/p>\n<p class=\"p1\">L\u2019FPD a Espanya est\u00e0 regulada per la Llei org\u00e0nica 3\/2022, de 31 de mar\u00e7. D\u2019acord amb aquesta llei, l\u2019FPD deixa de ser una modalitat de l\u2019FP per esdevenir una caracter\u00edstica constitutiva del sistema espanyol d\u2019FP. Aquest canvi suposa un concepte ampli de l\u2019FPD i se\u2019n diferencien dues modalitats: la general i la intensiva, que divergeixen quant a la participaci\u00f3 de l\u2019empresa en la formaci\u00f3 i que tenen com a caracter\u00edstica diferencial m\u00e9s evident el fet que la intensiva inclou un contracte laboral, mentre que la general no t\u00e9 associada la contractaci\u00f3. Aquesta normativa \u2014en fase d\u2019implementaci\u00f3\u2014 coexisteix amb una realitat derivada de la legislaci\u00f3 anterior, que es regia pel Reial decret 1529\/2012, de 8 de novembre, pel qual es desenvolupa el contracte per a la formaci\u00f3 i l\u2019aprenentatge i es regulen les bases de la formaci\u00f3 professional dual.<\/p>\n<p class=\"p1\">En aquest monogr\u00e0fic es presenten les dades m\u00e9s significatives, d\u2019acord amb les estad\u00edstiques disponibles, sobre l\u2019FPD a les Balears a la fam\u00edlia professional d\u2019hoteleria i turisme, entenent com a tal la que inclou de manera obligat\u00f2ria la contractaci\u00f3 laboral de l\u2019alumnat: tota l\u2019FPD regulada per la normativa de 2012 i l\u2019FPD intensiva a partir de l\u2019aplicaci\u00f3 de la llei de 2022.<\/p>\n<p class=\"p1\">L\u2019oferta formativa d\u2019hoteleria i turisme a les Balears inclou diversos cicles formatius de grau b\u00e0sic (FPGB), mitj\u00e0 (FPGM) i superior (FPGS). En el curs 2023\/24, es van oferir 59 grups d\u2019FP en aquesta fam\u00edlia professional, amb una notable pres\u00e8ncia a les illes de Mallorca, Menorca, Eivissa i Formentera. D\u2019aquests, vuit grups van seguir la modalitat intensiva d\u2019FPD, la qual cosa representa el 13,6<span class=\"s1\">\u2009<\/span>% de l\u2019oferta total en aquesta fam\u00edlia professional. Aquesta modalitat s\u2019ha donat principalment en l\u2019FPGM, en qu\u00e8 un 25<span class=\"s1\">\u2009<\/span>% dels grups s\u00f3n en la modalitat intensiva, seguida per l\u2019FPGS, amb un 10<span class=\"s1\">\u2009<\/span>% de grups en la modalitat intensiva. En l\u2019FPGB no hi ha cap grup en aquesta modalitat.<\/p>\n<p class=\"p1\">La matriculaci\u00f3 en els cicles d\u2019FP en hoteleria i turisme ha mostrat una tend\u00e8ncia decreixent en els \u00faltims anys, tend\u00e8ncia que tamb\u00e9 es produeix en l\u2019FP dual.<\/p>\n<p style=\"font-weight: 400;\"><span style=\"color: #9d6c92; font-size: 25px;\"><b><i>En el curs 2022\/23, el nombre d\u2019estudiants en FPD a la fam\u00edlia d\u2019hoteleria i turisme \u00e9s \u00fanicament de 60 persones, la qual cosa representa un 17,4% del total de places d\u2019FPD a les Illes Balears<\/i><\/b><\/span><\/p>\n<p class=\"p1\">Aquesta xifra supera el 7,6<span class=\"s1\">\u2009<\/span>% per al conjunt de l\u2019FP a les Balears, per\u00f2 mostra una tend\u00e8ncia de descens, ja que en el curs 2015\/16 el pes d\u2019aquesta fam\u00edlia professional en l\u2019FPD era del 55,8<span class=\"s1\">\u2009<\/span>%.<\/p>\n<p class=\"p1\">El SOIB ofereix certificats de professionalitat en la modalitat dual en el marc del programa \u00abFormaci\u00f3 professional dual amb empreses i entitats socials\u00bb. En aquest context, ofereix quatre certificats de professionalitat de la fam\u00edlia professional d\u2019hoteleria i turisme en la modalitat dual de nivell 1 i 2 (sobre un total de 21 certificats de professionalitat que s\u2019ofereixen en aquesta fam\u00edlia), que han cursat 81 persones (any 2023).<\/p>\n<p class=\"p1\">Les dades sobre el nivell formatiu de la poblaci\u00f3 balear, en comparaci\u00f3 amb les dades estatals, mostren un panorama de menor nivell d\u2019estudis i una mateixa tend\u00e8ncia que al conjunt estatal respecte al fet que les dones comptin amb m\u00e9s estudis que els homes.<\/p>\n<p class=\"p1\">En la franja d\u2019edat de 25 a 64 anys, l\u2019any 2023 un 38,8<span class=\"s1\">\u2009<\/span>% de la poblaci\u00f3 t\u00e9 un nivell d\u2019estudis inferior a la segona etapa, un percentatge superior al de la poblaci\u00f3 que t\u00e9 titulaci\u00f3 de segona etapa d\u2019educaci\u00f3 secund\u00e0ria (28,2<span class=\"s1\">\u2009<\/span>%) o estudis universitaris (33,5<span class=\"s1\">\u2009<\/span>%). Aquest 33,5<span class=\"s1\">\u2009<\/span>% dels que tenen estudis universitaris contrasta amb el 41,4<span class=\"s1\">\u2009<\/span>% que representa la mitjana estatal entre els 25 i els 64 anys. Mentrestant, en la franja d\u2019edat de 25 a 34 anys, en el cas de les Balears, el percentatge de poblaci\u00f3 amb un nivell formatiu d\u2019educaci\u00f3 superior \u00e9s 7,4 punts m\u00e9s alt que el de la franja 25-64, amb un 40,9<span class=\"s1\">\u2009<\/span>%. Tot i aix\u00ed, aquest percentatge \u00e9s 11,1 punts m\u00e9s baix que la mitjana espanyola (52<span class=\"s1\">\u2009<\/span>%).<\/p>\t\t\t\t\t\t\t\t<\/div>\n\t\t\t\t<\/div>\n\t\t\t\t\t<\/div>\n\t\t<\/div>\n\t\t\t\t\t<\/div>\n\t\t<\/section>\n\t\t\t\t<section class=\"elementor-section elementor-top-section elementor-element elementor-element-217c6557 elementor-section-boxed elementor-section-height-default elementor-section-height-default\" data-id=\"217c6557\" data-element_type=\"section\" data-e-type=\"section\">\n\t\t\t\t\t\t<div class=\"elementor-container elementor-column-gap-default\">\n\t\t\t\t\t<div class=\"elementor-column elementor-col-100 elementor-top-column elementor-element elementor-element-1f0a2d\" data-id=\"1f0a2d\" data-element_type=\"column\" data-e-type=\"column\">\n\t\t\t<div class=\"elementor-widget-wrap elementor-element-populated\">\n\t\t\t\t\t\t<div class=\"elementor-element elementor-element-7a6ff1df elementor-widget-divider--view-line elementor-widget elementor-widget-divider\" data-id=\"7a6ff1df\" data-element_type=\"widget\" data-e-type=\"widget\" data-widget_type=\"divider.default\">\n\t\t\t\t<div class=\"elementor-widget-container\">\n\t\t\t\t\t\t\t<div class=\"elementor-divider\">\n\t\t\t<span class=\"elementor-divider-separator\">\n\t\t\t\t\t\t<\/span>\n\t\t<\/div>\n\t\t\t\t\t\t<\/div>\n\t\t\t\t<\/div>\n\t\t\t\t\t<\/div>\n\t\t<\/div>\n\t\t\t\t\t<\/div>\n\t\t<\/section>\n\t\t\t\t<\/div>\n\t\t","protected":false},"excerpt":{"rendered":"<p>RIII.2. La formaci\u00f3 professional dual a les Illes Balears: hoteleria i turisme Francesca Salv\u00e0 Mut Mar\u00eda Tugores Ques Elena Quintana Murci Descarregar CAP III. RIII.2. La formaci\u00f3 professional dual a les Illes Balears: hoteleria i turisme El monogr\u00e0fic \u00abFormaci\u00f3 professional dual a les Illes Balears. Hoteleria i turisme\u00bb examina la situaci\u00f3 de la formaci\u00f3 professional [&hellip;]<\/p>\n","protected":false},"author":1,"featured_media":3402,"comment_status":"open","ping_status":"open","sticky":false,"template":"","format":"standard","meta":{"footnotes":""},"categories":[6],"tags":[],"class_list":["post-3401","post","type-post","status-publish","format-standard","has-post-thumbnail","hentry","category-capitoliii"],"yoast_head":"<!-- This site is optimized with the Yoast SEO plugin v27.3 - https:\/\/yoast.com\/product\/yoast-seo-wordpress\/ -->\n<title>RIII.2. La formaci\u00f3 professional dual a les Illes Balears: hoteleria i turisme - Memoria CES 2023<\/title>\n<meta name=\"robots\" content=\"index, follow, max-snippet:-1, max-image-preview:large, max-video-preview:-1\" \/>\n<link rel=\"canonical\" href=\"https:\/\/memoriacesib.es\/2023\/riii-2-la-formacio-professional-dual-a-les-illes-balears-hoteleria-i-turisme\/\" \/>\n<meta property=\"og:locale\" content=\"es_ES\" \/>\n<meta property=\"og:type\" content=\"article\" \/>\n<meta property=\"og:title\" content=\"RIII.2. La formaci\u00f3 professional dual a les Illes Balears: hoteleria i turisme - Memoria CES 2023\" \/>\n<meta property=\"og:description\" content=\"RIII.2. La formaci\u00f3 professional dual a les Illes Balears: hoteleria i turisme Francesca Salv\u00e0 Mut Mar\u00eda Tugores Ques Elena Quintana Murci Descarregar CAP III. RIII.2. La formaci\u00f3 professional dual a les Illes Balears: hoteleria i turisme El monogr\u00e0fic \u00abFormaci\u00f3 professional dual a les Illes Balears. Hoteleria i turisme\u00bb examina la situaci\u00f3 de la formaci\u00f3 professional [&hellip;]\" \/>\n<meta property=\"og:url\" content=\"https:\/\/memoriacesib.es\/2023\/riii-2-la-formacio-professional-dual-a-les-illes-balears-hoteleria-i-turisme\/\" \/>\n<meta property=\"og:site_name\" content=\"Memoria CES 2023\" \/>\n<meta property=\"article:publisher\" content=\"https:\/\/www.facebook.com\/cesillesbalears\" \/>\n<meta property=\"article:published_time\" content=\"2024-08-14T08:14:47+00:00\" \/>\n<meta property=\"article:modified_time\" content=\"2024-08-28T08:33:25+00:00\" \/>\n<meta property=\"og:image\" content=\"https:\/\/memoriacesib.es\/2023\/wp-content\/uploads\/2024\/08\/Hosteleria-i-turisme-FP.jpg\" \/>\n\t<meta property=\"og:image:width\" content=\"768\" \/>\n\t<meta property=\"og:image:height\" content=\"768\" \/>\n\t<meta property=\"og:image:type\" content=\"image\/jpeg\" \/>\n<meta name=\"author\" content=\"admin\" \/>\n<meta name=\"twitter:card\" content=\"summary_large_image\" \/>\n<meta name=\"twitter:creator\" content=\"@ces_ib\" \/>\n<meta name=\"twitter:site\" content=\"@ces_ib\" \/>\n<meta name=\"twitter:label1\" content=\"Escrito por\" \/>\n\t<meta name=\"twitter:data1\" content=\"admin\" \/>\n\t<meta name=\"twitter:label2\" content=\"Tiempo de lectura\" \/>\n\t<meta name=\"twitter:data2\" content=\"4 minutos\" \/>\n<script type=\"application\/ld+json\" class=\"yoast-schema-graph\">{\"@context\":\"https:\\\/\\\/schema.org\",\"@graph\":[{\"@type\":\"Article\",\"@id\":\"https:\\\/\\\/memoriacesib.es\\\/2023\\\/riii-2-la-formacio-professional-dual-a-les-illes-balears-hoteleria-i-turisme\\\/#article\",\"isPartOf\":{\"@id\":\"https:\\\/\\\/memoriacesib.es\\\/2023\\\/riii-2-la-formacio-professional-dual-a-les-illes-balears-hoteleria-i-turisme\\\/\"},\"author\":{\"name\":\"admin\",\"@id\":\"https:\\\/\\\/memoriacesib.es\\\/2023\\\/#\\\/schema\\\/person\\\/2936f44710febf12ed5d851c6aa74117\"},\"headline\":\"RIII.2. La formaci\u00f3 professional dual a les Illes Balears: hoteleria i turisme\",\"datePublished\":\"2024-08-14T08:14:47+00:00\",\"dateModified\":\"2024-08-28T08:33:25+00:00\",\"mainEntityOfPage\":{\"@id\":\"https:\\\/\\\/memoriacesib.es\\\/2023\\\/riii-2-la-formacio-professional-dual-a-les-illes-balears-hoteleria-i-turisme\\\/\"},\"wordCount\":765,\"commentCount\":0,\"publisher\":{\"@id\":\"https:\\\/\\\/memoriacesib.es\\\/2023\\\/#organization\"},\"image\":{\"@id\":\"https:\\\/\\\/memoriacesib.es\\\/2023\\\/riii-2-la-formacio-professional-dual-a-les-illes-balears-hoteleria-i-turisme\\\/#primaryimage\"},\"thumbnailUrl\":\"https:\\\/\\\/memoriacesib.es\\\/2023\\\/wp-content\\\/uploads\\\/2024\\\/08\\\/Hosteleria-i-turisme-FP.jpg\",\"articleSection\":[\"Cap\u00edtol III\"],\"inLanguage\":\"es\",\"potentialAction\":[{\"@type\":\"CommentAction\",\"name\":\"Comment\",\"target\":[\"https:\\\/\\\/memoriacesib.es\\\/2023\\\/riii-2-la-formacio-professional-dual-a-les-illes-balears-hoteleria-i-turisme\\\/#respond\"]}]},{\"@type\":\"WebPage\",\"@id\":\"https:\\\/\\\/memoriacesib.es\\\/2023\\\/riii-2-la-formacio-professional-dual-a-les-illes-balears-hoteleria-i-turisme\\\/\",\"url\":\"https:\\\/\\\/memoriacesib.es\\\/2023\\\/riii-2-la-formacio-professional-dual-a-les-illes-balears-hoteleria-i-turisme\\\/\",\"name\":\"RIII.2. La formaci\u00f3 professional dual a les Illes Balears: hoteleria i turisme - Memoria CES 2023\",\"isPartOf\":{\"@id\":\"https:\\\/\\\/memoriacesib.es\\\/2023\\\/#website\"},\"primaryImageOfPage\":{\"@id\":\"https:\\\/\\\/memoriacesib.es\\\/2023\\\/riii-2-la-formacio-professional-dual-a-les-illes-balears-hoteleria-i-turisme\\\/#primaryimage\"},\"image\":{\"@id\":\"https:\\\/\\\/memoriacesib.es\\\/2023\\\/riii-2-la-formacio-professional-dual-a-les-illes-balears-hoteleria-i-turisme\\\/#primaryimage\"},\"thumbnailUrl\":\"https:\\\/\\\/memoriacesib.es\\\/2023\\\/wp-content\\\/uploads\\\/2024\\\/08\\\/Hosteleria-i-turisme-FP.jpg\",\"datePublished\":\"2024-08-14T08:14:47+00:00\",\"dateModified\":\"2024-08-28T08:33:25+00:00\",\"breadcrumb\":{\"@id\":\"https:\\\/\\\/memoriacesib.es\\\/2023\\\/riii-2-la-formacio-professional-dual-a-les-illes-balears-hoteleria-i-turisme\\\/#breadcrumb\"},\"inLanguage\":\"es\",\"potentialAction\":[{\"@type\":\"ReadAction\",\"target\":[\"https:\\\/\\\/memoriacesib.es\\\/2023\\\/riii-2-la-formacio-professional-dual-a-les-illes-balears-hoteleria-i-turisme\\\/\"]}]},{\"@type\":\"ImageObject\",\"inLanguage\":\"es\",\"@id\":\"https:\\\/\\\/memoriacesib.es\\\/2023\\\/riii-2-la-formacio-professional-dual-a-les-illes-balears-hoteleria-i-turisme\\\/#primaryimage\",\"url\":\"https:\\\/\\\/memoriacesib.es\\\/2023\\\/wp-content\\\/uploads\\\/2024\\\/08\\\/Hosteleria-i-turisme-FP.jpg\",\"contentUrl\":\"https:\\\/\\\/memoriacesib.es\\\/2023\\\/wp-content\\\/uploads\\\/2024\\\/08\\\/Hosteleria-i-turisme-FP.jpg\",\"width\":768,\"height\":768},{\"@type\":\"BreadcrumbList\",\"@id\":\"https:\\\/\\\/memoriacesib.es\\\/2023\\\/riii-2-la-formacio-professional-dual-a-les-illes-balears-hoteleria-i-turisme\\\/#breadcrumb\",\"itemListElement\":[{\"@type\":\"ListItem\",\"position\":1,\"name\":\"Portada\",\"item\":\"https:\\\/\\\/memoriacesib.es\\\/2023\\\/\"},{\"@type\":\"ListItem\",\"position\":2,\"name\":\"RIII.2. La formaci\u00f3 professional dual a les Illes Balears: hoteleria i turisme\"}]},{\"@type\":\"WebSite\",\"@id\":\"https:\\\/\\\/memoriacesib.es\\\/2023\\\/#website\",\"url\":\"https:\\\/\\\/memoriacesib.es\\\/2023\\\/\",\"name\":\"Memoria CES 2023\",\"description\":\"Memoria CES 2023\",\"publisher\":{\"@id\":\"https:\\\/\\\/memoriacesib.es\\\/2023\\\/#organization\"},\"potentialAction\":[{\"@type\":\"SearchAction\",\"target\":{\"@type\":\"EntryPoint\",\"urlTemplate\":\"https:\\\/\\\/memoriacesib.es\\\/2023\\\/?s={search_term_string}\"},\"query-input\":{\"@type\":\"PropertyValueSpecification\",\"valueRequired\":true,\"valueName\":\"search_term_string\"}}],\"inLanguage\":\"es\"},{\"@type\":\"Organization\",\"@id\":\"https:\\\/\\\/memoriacesib.es\\\/2023\\\/#organization\",\"name\":\"Consell Economic i Social de les Illes Balears (CES)\",\"url\":\"https:\\\/\\\/memoriacesib.es\\\/2023\\\/\",\"logo\":{\"@type\":\"ImageObject\",\"inLanguage\":\"es\",\"@id\":\"https:\\\/\\\/memoriacesib.es\\\/2023\\\/#\\\/schema\\\/logo\\\/image\\\/\",\"url\":\"https:\\\/\\\/memoriacesib.es\\\/2023\\\/wp-content\\\/uploads\\\/2023\\\/06\\\/Logo-Memoria-Ces-2023.png\",\"contentUrl\":\"https:\\\/\\\/memoriacesib.es\\\/2023\\\/wp-content\\\/uploads\\\/2023\\\/06\\\/Logo-Memoria-Ces-2023.png\",\"width\":800,\"height\":195,\"caption\":\"Consell Economic i Social de les Illes Balears (CES)\"},\"image\":{\"@id\":\"https:\\\/\\\/memoriacesib.es\\\/2023\\\/#\\\/schema\\\/logo\\\/image\\\/\"},\"sameAs\":[\"https:\\\/\\\/www.facebook.com\\\/cesillesbalears\",\"https:\\\/\\\/x.com\\\/ces_ib\",\"https:\\\/\\\/www.youtube.com\\\/channel\\\/UCrEmO9wh7KlUaQ9dWzvYrVg\"]},{\"@type\":\"Person\",\"@id\":\"https:\\\/\\\/memoriacesib.es\\\/2023\\\/#\\\/schema\\\/person\\\/2936f44710febf12ed5d851c6aa74117\",\"name\":\"admin\",\"image\":{\"@type\":\"ImageObject\",\"inLanguage\":\"es\",\"@id\":\"https:\\\/\\\/secure.gravatar.com\\\/avatar\\\/42a3717e1ac37e7f2d90262c48d11756024e6ed18ebaae3567f6c00866abe5f2?s=96&d=mm&r=g\",\"url\":\"https:\\\/\\\/secure.gravatar.com\\\/avatar\\\/42a3717e1ac37e7f2d90262c48d11756024e6ed18ebaae3567f6c00866abe5f2?s=96&d=mm&r=g\",\"contentUrl\":\"https:\\\/\\\/secure.gravatar.com\\\/avatar\\\/42a3717e1ac37e7f2d90262c48d11756024e6ed18ebaae3567f6c00866abe5f2?s=96&d=mm&r=g\",\"caption\":\"admin\"},\"sameAs\":[\"http:\\\/\\\/memoriacesib.es\\\/2023\"],\"url\":\"https:\\\/\\\/memoriacesib.es\\\/2023\\\/author\\\/admin\\\/\"}]}<\/script>\n<!-- \/ Yoast SEO plugin. -->","yoast_head_json":{"title":"RIII.2. La formaci\u00f3 professional dual a les Illes Balears: hoteleria i turisme - Memoria CES 2023","robots":{"index":"index","follow":"follow","max-snippet":"max-snippet:-1","max-image-preview":"max-image-preview:large","max-video-preview":"max-video-preview:-1"},"canonical":"https:\/\/memoriacesib.es\/2023\/riii-2-la-formacio-professional-dual-a-les-illes-balears-hoteleria-i-turisme\/","og_locale":"es_ES","og_type":"article","og_title":"RIII.2. La formaci\u00f3 professional dual a les Illes Balears: hoteleria i turisme - Memoria CES 2023","og_description":"RIII.2. La formaci\u00f3 professional dual a les Illes Balears: hoteleria i turisme Francesca Salv\u00e0 Mut Mar\u00eda Tugores Ques Elena Quintana Murci Descarregar CAP III. RIII.2. La formaci\u00f3 professional dual a les Illes Balears: hoteleria i turisme El monogr\u00e0fic \u00abFormaci\u00f3 professional dual a les Illes Balears. Hoteleria i turisme\u00bb examina la situaci\u00f3 de la formaci\u00f3 professional [&hellip;]","og_url":"https:\/\/memoriacesib.es\/2023\/riii-2-la-formacio-professional-dual-a-les-illes-balears-hoteleria-i-turisme\/","og_site_name":"Memoria CES 2023","article_publisher":"https:\/\/www.facebook.com\/cesillesbalears","article_published_time":"2024-08-14T08:14:47+00:00","article_modified_time":"2024-08-28T08:33:25+00:00","og_image":[{"width":768,"height":768,"url":"https:\/\/memoriacesib.es\/2023\/wp-content\/uploads\/2024\/08\/Hosteleria-i-turisme-FP.jpg","type":"image\/jpeg"}],"author":"admin","twitter_card":"summary_large_image","twitter_creator":"@ces_ib","twitter_site":"@ces_ib","twitter_misc":{"Escrito por":"admin","Tiempo de lectura":"4 minutos"},"schema":{"@context":"https:\/\/schema.org","@graph":[{"@type":"Article","@id":"https:\/\/memoriacesib.es\/2023\/riii-2-la-formacio-professional-dual-a-les-illes-balears-hoteleria-i-turisme\/#article","isPartOf":{"@id":"https:\/\/memoriacesib.es\/2023\/riii-2-la-formacio-professional-dual-a-les-illes-balears-hoteleria-i-turisme\/"},"author":{"name":"admin","@id":"https:\/\/memoriacesib.es\/2023\/#\/schema\/person\/2936f44710febf12ed5d851c6aa74117"},"headline":"RIII.2. La formaci\u00f3 professional dual a les Illes Balears: hoteleria i turisme","datePublished":"2024-08-14T08:14:47+00:00","dateModified":"2024-08-28T08:33:25+00:00","mainEntityOfPage":{"@id":"https:\/\/memoriacesib.es\/2023\/riii-2-la-formacio-professional-dual-a-les-illes-balears-hoteleria-i-turisme\/"},"wordCount":765,"commentCount":0,"publisher":{"@id":"https:\/\/memoriacesib.es\/2023\/#organization"},"image":{"@id":"https:\/\/memoriacesib.es\/2023\/riii-2-la-formacio-professional-dual-a-les-illes-balears-hoteleria-i-turisme\/#primaryimage"},"thumbnailUrl":"https:\/\/memoriacesib.es\/2023\/wp-content\/uploads\/2024\/08\/Hosteleria-i-turisme-FP.jpg","articleSection":["Cap\u00edtol III"],"inLanguage":"es","potentialAction":[{"@type":"CommentAction","name":"Comment","target":["https:\/\/memoriacesib.es\/2023\/riii-2-la-formacio-professional-dual-a-les-illes-balears-hoteleria-i-turisme\/#respond"]}]},{"@type":"WebPage","@id":"https:\/\/memoriacesib.es\/2023\/riii-2-la-formacio-professional-dual-a-les-illes-balears-hoteleria-i-turisme\/","url":"https:\/\/memoriacesib.es\/2023\/riii-2-la-formacio-professional-dual-a-les-illes-balears-hoteleria-i-turisme\/","name":"RIII.2. La formaci\u00f3 professional dual a les Illes Balears: hoteleria i turisme - Memoria CES 2023","isPartOf":{"@id":"https:\/\/memoriacesib.es\/2023\/#website"},"primaryImageOfPage":{"@id":"https:\/\/memoriacesib.es\/2023\/riii-2-la-formacio-professional-dual-a-les-illes-balears-hoteleria-i-turisme\/#primaryimage"},"image":{"@id":"https:\/\/memoriacesib.es\/2023\/riii-2-la-formacio-professional-dual-a-les-illes-balears-hoteleria-i-turisme\/#primaryimage"},"thumbnailUrl":"https:\/\/memoriacesib.es\/2023\/wp-content\/uploads\/2024\/08\/Hosteleria-i-turisme-FP.jpg","datePublished":"2024-08-14T08:14:47+00:00","dateModified":"2024-08-28T08:33:25+00:00","breadcrumb":{"@id":"https:\/\/memoriacesib.es\/2023\/riii-2-la-formacio-professional-dual-a-les-illes-balears-hoteleria-i-turisme\/#breadcrumb"},"inLanguage":"es","potentialAction":[{"@type":"ReadAction","target":["https:\/\/memoriacesib.es\/2023\/riii-2-la-formacio-professional-dual-a-les-illes-balears-hoteleria-i-turisme\/"]}]},{"@type":"ImageObject","inLanguage":"es","@id":"https:\/\/memoriacesib.es\/2023\/riii-2-la-formacio-professional-dual-a-les-illes-balears-hoteleria-i-turisme\/#primaryimage","url":"https:\/\/memoriacesib.es\/2023\/wp-content\/uploads\/2024\/08\/Hosteleria-i-turisme-FP.jpg","contentUrl":"https:\/\/memoriacesib.es\/2023\/wp-content\/uploads\/2024\/08\/Hosteleria-i-turisme-FP.jpg","width":768,"height":768},{"@type":"BreadcrumbList","@id":"https:\/\/memoriacesib.es\/2023\/riii-2-la-formacio-professional-dual-a-les-illes-balears-hoteleria-i-turisme\/#breadcrumb","itemListElement":[{"@type":"ListItem","position":1,"name":"Portada","item":"https:\/\/memoriacesib.es\/2023\/"},{"@type":"ListItem","position":2,"name":"RIII.2. La formaci\u00f3 professional dual a les Illes Balears: hoteleria i turisme"}]},{"@type":"WebSite","@id":"https:\/\/memoriacesib.es\/2023\/#website","url":"https:\/\/memoriacesib.es\/2023\/","name":"Memoria CES 2023","description":"Memoria CES 2023","publisher":{"@id":"https:\/\/memoriacesib.es\/2023\/#organization"},"potentialAction":[{"@type":"SearchAction","target":{"@type":"EntryPoint","urlTemplate":"https:\/\/memoriacesib.es\/2023\/?s={search_term_string}"},"query-input":{"@type":"PropertyValueSpecification","valueRequired":true,"valueName":"search_term_string"}}],"inLanguage":"es"},{"@type":"Organization","@id":"https:\/\/memoriacesib.es\/2023\/#organization","name":"Consell Economic i Social de les Illes Balears (CES)","url":"https:\/\/memoriacesib.es\/2023\/","logo":{"@type":"ImageObject","inLanguage":"es","@id":"https:\/\/memoriacesib.es\/2023\/#\/schema\/logo\/image\/","url":"https:\/\/memoriacesib.es\/2023\/wp-content\/uploads\/2023\/06\/Logo-Memoria-Ces-2023.png","contentUrl":"https:\/\/memoriacesib.es\/2023\/wp-content\/uploads\/2023\/06\/Logo-Memoria-Ces-2023.png","width":800,"height":195,"caption":"Consell Economic i Social de les Illes Balears (CES)"},"image":{"@id":"https:\/\/memoriacesib.es\/2023\/#\/schema\/logo\/image\/"},"sameAs":["https:\/\/www.facebook.com\/cesillesbalears","https:\/\/x.com\/ces_ib","https:\/\/www.youtube.com\/channel\/UCrEmO9wh7KlUaQ9dWzvYrVg"]},{"@type":"Person","@id":"https:\/\/memoriacesib.es\/2023\/#\/schema\/person\/2936f44710febf12ed5d851c6aa74117","name":"admin","image":{"@type":"ImageObject","inLanguage":"es","@id":"https:\/\/secure.gravatar.com\/avatar\/42a3717e1ac37e7f2d90262c48d11756024e6ed18ebaae3567f6c00866abe5f2?s=96&d=mm&r=g","url":"https:\/\/secure.gravatar.com\/avatar\/42a3717e1ac37e7f2d90262c48d11756024e6ed18ebaae3567f6c00866abe5f2?s=96&d=mm&r=g","contentUrl":"https:\/\/secure.gravatar.com\/avatar\/42a3717e1ac37e7f2d90262c48d11756024e6ed18ebaae3567f6c00866abe5f2?s=96&d=mm&r=g","caption":"admin"},"sameAs":["http:\/\/memoriacesib.es\/2023"],"url":"https:\/\/memoriacesib.es\/2023\/author\/admin\/"}]}},"_links":{"self":[{"href":"https:\/\/memoriacesib.es\/2023\/wp-json\/wp\/v2\/posts\/3401","targetHints":{"allow":["GET"]}}],"collection":[{"href":"https:\/\/memoriacesib.es\/2023\/wp-json\/wp\/v2\/posts"}],"about":[{"href":"https:\/\/memoriacesib.es\/2023\/wp-json\/wp\/v2\/types\/post"}],"author":[{"embeddable":true,"href":"https:\/\/memoriacesib.es\/2023\/wp-json\/wp\/v2\/users\/1"}],"replies":[{"embeddable":true,"href":"https:\/\/memoriacesib.es\/2023\/wp-json\/wp\/v2\/comments?post=3401"}],"version-history":[{"count":10,"href":"https:\/\/memoriacesib.es\/2023\/wp-json\/wp\/v2\/posts\/3401\/revisions"}],"predecessor-version":[{"id":3610,"href":"https:\/\/memoriacesib.es\/2023\/wp-json\/wp\/v2\/posts\/3401\/revisions\/3610"}],"wp:featuredmedia":[{"embeddable":true,"href":"https:\/\/memoriacesib.es\/2023\/wp-json\/wp\/v2\/media\/3402"}],"wp:attachment":[{"href":"https:\/\/memoriacesib.es\/2023\/wp-json\/wp\/v2\/media?parent=3401"}],"wp:term":[{"taxonomy":"category","embeddable":true,"href":"https:\/\/memoriacesib.es\/2023\/wp-json\/wp\/v2\/categories?post=3401"},{"taxonomy":"post_tag","embeddable":true,"href":"https:\/\/memoriacesib.es\/2023\/wp-json\/wp\/v2\/tags?post=3401"}],"curies":[{"name":"wp","href":"https:\/\/api.w.org\/{rel}","templated":true}]}}