{"id":3756,"date":"2024-09-23T07:34:30","date_gmt":"2024-09-23T07:34:30","guid":{"rendered":"https:\/\/memoriacesib.es\/2023\/?p=3756"},"modified":"2024-09-23T07:35:16","modified_gmt":"2024-09-23T07:35:16","slug":"solo-uno-de-cada-tres-extranjeros-que-compran-vivienda-en-baleares-son-residentes","status":"publish","type":"post","link":"https:\/\/memoriacesib.es\/2023\/solo-uno-de-cada-tres-extranjeros-que-compran-vivienda-en-baleares-son-residentes\/","title":{"rendered":"Solo uno de cada tres extranjeros que compran vivienda en Baleares son residentes"},"content":{"rendered":"\t\t<div data-elementor-type=\"wp-post\" data-elementor-id=\"3756\" class=\"elementor elementor-3756\" data-elementor-post-type=\"post\">\n\t\t\t\t\t\t<section class=\"elementor-section elementor-top-section elementor-element elementor-element-bcd3b32 elementor-section-boxed elementor-section-height-default elementor-section-height-default\" data-id=\"bcd3b32\" data-element_type=\"section\" data-e-type=\"section\">\n\t\t\t\t\t\t<div class=\"elementor-container elementor-column-gap-default\">\n\t\t\t\t\t<div class=\"elementor-column elementor-col-100 elementor-top-column elementor-element elementor-element-2d6c5054\" data-id=\"2d6c5054\" data-element_type=\"column\" data-e-type=\"column\">\n\t\t\t<div class=\"elementor-widget-wrap elementor-element-populated\">\n\t\t\t\t\t\t<div class=\"elementor-element elementor-element-4bd2f31f elementor-widget elementor-widget-text-editor\" data-id=\"4bd2f31f\" data-element_type=\"widget\" data-e-type=\"widget\" data-widget_type=\"text-editor.default\">\n\t\t\t\t<div class=\"elementor-widget-container\">\n\t\t\t\t\t\t\t\t\t<p class=\"titulo\">PALMA, 23 de setembre 2024. (ULTIMA HORA)<\/p>\t\t\t\t\t\t\t\t<\/div>\n\t\t\t\t<\/div>\n\t\t\t\t<div class=\"elementor-element elementor-element-ff58a5c elementor-widget-divider--view-line elementor-widget elementor-widget-divider\" data-id=\"ff58a5c\" data-element_type=\"widget\" data-e-type=\"widget\" data-widget_type=\"divider.default\">\n\t\t\t\t<div class=\"elementor-widget-container\">\n\t\t\t\t\t\t\t<div class=\"elementor-divider\">\n\t\t\t<span class=\"elementor-divider-separator\">\n\t\t\t\t\t\t<\/span>\n\t\t<\/div>\n\t\t\t\t\t\t<\/div>\n\t\t\t\t<\/div>\n\t\t\t\t\t<\/div>\n\t\t<\/div>\n\t\t\t\t\t<\/div>\n\t\t<\/section>\n\t\t\t\t<section class=\"elementor-section elementor-top-section elementor-element elementor-element-208cfb4d elementor-section-boxed elementor-section-height-default elementor-section-height-default\" data-id=\"208cfb4d\" data-element_type=\"section\" data-e-type=\"section\">\n\t\t\t\t\t\t<div class=\"elementor-container elementor-column-gap-default\">\n\t\t\t\t\t<div class=\"elementor-column elementor-col-100 elementor-top-column elementor-element elementor-element-26a878be\" data-id=\"26a878be\" data-element_type=\"column\" data-e-type=\"column\">\n\t\t\t<div class=\"elementor-widget-wrap elementor-element-populated\">\n\t\t\t\t\t\t<div class=\"elementor-element elementor-element-7e8d20ce elementor-widget elementor-widget-text-editor\" data-id=\"7e8d20ce\" data-element_type=\"widget\" data-e-type=\"widget\" data-widget_type=\"text-editor.default\">\n\t\t\t\t<div class=\"elementor-widget-container\">\n\t\t\t\t\t\t\t\t\t<p class=\"titulo\">Solo uno de cada tres extranjeros que compraron una vivienda en Baleares en 2023 eran residentes en el Archipi\u00e9lago, lo que supone que la inmensa mayor\u00eda de estos inmuebles fueron adquiridos como una segunda residencia. As\u00ed lo reflejan los datos recogidos en la Memoria del Consejo Econ\u00f3mico y Social (CES) de Baleares, la cual especifica que la comunidad presenta la tasa m\u00e1s elevada de Espa\u00f1a en transacciones realizadas por no residentes: un 25 %.<\/p>\t\t\t\t\t\t\t\t<\/div>\n\t\t\t\t<\/div>\n\t\t\t\t<section class=\"elementor-section elementor-inner-section elementor-element elementor-element-61a77fab elementor-section-boxed elementor-section-height-default elementor-section-height-default\" data-id=\"61a77fab\" data-element_type=\"section\" data-e-type=\"section\">\n\t\t\t\t\t\t<div class=\"elementor-container elementor-column-gap-default\">\n\t\t\t\t\t<div class=\"elementor-column elementor-col-50 elementor-inner-column elementor-element elementor-element-1508038e\" data-id=\"1508038e\" data-element_type=\"column\" data-e-type=\"column\">\n\t\t\t<div class=\"elementor-widget-wrap elementor-element-populated\">\n\t\t\t\t\t\t<div class=\"elementor-element elementor-element-399d539d elementor-align-right elementor-widget elementor-widget-button\" data-id=\"399d539d\" data-element_type=\"widget\" data-e-type=\"widget\" data-widget_type=\"button.default\">\n\t\t\t\t<div class=\"elementor-widget-container\">\n\t\t\t\t\t\t\t\t\t<div class=\"elementor-button-wrapper\">\n\t\t\t\t\t<a class=\"elementor-button elementor-button-link elementor-size-xs\" href=\"https:\/\/www.ultimahora.es\/noticias\/local\/2024\/09\/23\/2245485\/solo-uno-cada-tres-extranjeros-compran-vivienda-baleares-son-residentes.html\" target=\"_blank\">\n\t\t\t\t\t\t<span class=\"elementor-button-content-wrapper\">\n\t\t\t\t\t\t<span class=\"elementor-button-icon\">\n\t\t\t\t<i aria-hidden=\"true\" class=\"fas fa-link\"><\/i>\t\t\t<\/span>\n\t\t\t\t\t\t\t\t\t<span class=\"elementor-button-text\">Llegir m\u00e9s<\/span>\n\t\t\t\t\t<\/span>\n\t\t\t\t\t<\/a>\n\t\t\t\t<\/div>\n\t\t\t\t\t\t\t\t<\/div>\n\t\t\t\t<\/div>\n\t\t\t\t\t<\/div>\n\t\t<\/div>\n\t\t\t\t<div class=\"elementor-column elementor-col-50 elementor-inner-column elementor-element elementor-element-68d55f08\" data-id=\"68d55f08\" data-element_type=\"column\" data-e-type=\"column\">\n\t\t\t<div class=\"elementor-widget-wrap elementor-element-populated\">\n\t\t\t\t\t\t<div class=\"elementor-element elementor-element-61fe6287 elementor-align-right elementor-widget elementor-widget-button\" data-id=\"61fe6287\" data-element_type=\"widget\" data-e-type=\"widget\" data-widget_type=\"button.default\">\n\t\t\t\t<div class=\"elementor-widget-container\">\n\t\t\t\t\t\t\t\t\t<div class=\"elementor-button-wrapper\">\n\t\t\t\t\t<a class=\"elementor-button elementor-button-link elementor-size-xs\" href=\"https:\/\/memoriacesib.es\/2023\/premsa-2\/\">\n\t\t\t\t\t\t<span class=\"elementor-button-content-wrapper\">\n\t\t\t\t\t\t<span class=\"elementor-button-icon\">\n\t\t\t\t<i aria-hidden=\"true\" class=\" arrow_back\"><\/i>\t\t\t<\/span>\n\t\t\t\t\t\t\t\t\t<span class=\"elementor-button-text\">Tornar<\/span>\n\t\t\t\t\t<\/span>\n\t\t\t\t\t<\/a>\n\t\t\t\t<\/div>\n\t\t\t\t\t\t\t\t<\/div>\n\t\t\t\t<\/div>\n\t\t\t\t\t<\/div>\n\t\t<\/div>\n\t\t\t\t\t<\/div>\n\t\t<\/section>\n\t\t\t\t\t<\/div>\n\t\t<\/div>\n\t\t\t\t\t<\/div>\n\t\t<\/section>\n\t\t\t\t<\/div>\n\t\t","protected":false},"excerpt":{"rendered":"<p>PALMA, 23 de setembre 2024. (ULTIMA HORA) Solo uno de cada tres extranjeros que compraron una vivienda en Baleares en 2023 eran residentes en el Archipi\u00e9lago, lo que supone que la inmensa mayor\u00eda de estos inmuebles fueron adquiridos como una segunda residencia. As\u00ed lo reflejan los datos recogidos en la Memoria del Consejo Econ\u00f3mico y [&hellip;]<\/p>\n","protected":false},"author":1,"featured_media":3757,"comment_status":"open","ping_status":"open","sticky":false,"template":"","format":"standard","meta":{"footnotes":""},"categories":[11],"tags":[],"class_list":["post-3756","post","type-post","status-publish","format-standard","has-post-thumbnail","hentry","category-mitjans"],"yoast_head":"<!-- This site is optimized with the Yoast SEO plugin v27.3 - https:\/\/yoast.com\/product\/yoast-seo-wordpress\/ -->\n<title>Solo uno de cada tres extranjeros que compran vivienda en Baleares son residentes - Memoria CES 2023<\/title>\n<meta name=\"robots\" content=\"index, follow, max-snippet:-1, max-image-preview:large, max-video-preview:-1\" \/>\n<link rel=\"canonical\" href=\"https:\/\/memoriacesib.es\/2023\/solo-uno-de-cada-tres-extranjeros-que-compran-vivienda-en-baleares-son-residentes\/\" \/>\n<meta property=\"og:locale\" content=\"es_ES\" \/>\n<meta property=\"og:type\" content=\"article\" \/>\n<meta property=\"og:title\" content=\"Solo uno de cada tres extranjeros que compran vivienda en Baleares son residentes - Memoria CES 2023\" \/>\n<meta property=\"og:description\" content=\"PALMA, 23 de setembre 2024. (ULTIMA HORA) Solo uno de cada tres extranjeros que compraron una vivienda en Baleares en 2023 eran residentes en el Archipi\u00e9lago, lo que supone que la inmensa mayor\u00eda de estos inmuebles fueron adquiridos como una segunda residencia. As\u00ed lo reflejan los datos recogidos en la Memoria del Consejo Econ\u00f3mico y [&hellip;]\" \/>\n<meta property=\"og:url\" content=\"https:\/\/memoriacesib.es\/2023\/solo-uno-de-cada-tres-extranjeros-que-compran-vivienda-en-baleares-son-residentes\/\" \/>\n<meta property=\"og:site_name\" content=\"Memoria CES 2023\" \/>\n<meta property=\"article:publisher\" content=\"https:\/\/www.facebook.com\/cesillesbalears\" \/>\n<meta property=\"article:published_time\" content=\"2024-09-23T07:34:30+00:00\" \/>\n<meta property=\"article:modified_time\" content=\"2024-09-23T07:35:16+00:00\" \/>\n<meta property=\"og:image\" content=\"https:\/\/memoriacesib.es\/2023\/wp-content\/uploads\/Ultima-Hora.jpg\" \/>\n\t<meta property=\"og:image:width\" content=\"1382\" \/>\n\t<meta property=\"og:image:height\" content=\"914\" \/>\n\t<meta property=\"og:image:type\" content=\"image\/jpeg\" \/>\n<meta name=\"author\" content=\"admin\" \/>\n<meta name=\"twitter:card\" content=\"summary_large_image\" \/>\n<meta name=\"twitter:creator\" content=\"@ces_ib\" \/>\n<meta name=\"twitter:site\" content=\"@ces_ib\" \/>\n<meta name=\"twitter:label1\" content=\"Escrito por\" \/>\n\t<meta name=\"twitter:data1\" content=\"admin\" \/>\n\t<meta name=\"twitter:label2\" content=\"Tiempo de lectura\" \/>\n\t<meta name=\"twitter:data2\" content=\"1 minuto\" \/>\n<script type=\"application\/ld+json\" class=\"yoast-schema-graph\">{\"@context\":\"https:\\\/\\\/schema.org\",\"@graph\":[{\"@type\":\"Article\",\"@id\":\"https:\\\/\\\/memoriacesib.es\\\/2023\\\/solo-uno-de-cada-tres-extranjeros-que-compran-vivienda-en-baleares-son-residentes\\\/#article\",\"isPartOf\":{\"@id\":\"https:\\\/\\\/memoriacesib.es\\\/2023\\\/solo-uno-de-cada-tres-extranjeros-que-compran-vivienda-en-baleares-son-residentes\\\/\"},\"author\":{\"name\":\"admin\",\"@id\":\"https:\\\/\\\/memoriacesib.es\\\/2023\\\/#\\\/schema\\\/person\\\/2936f44710febf12ed5d851c6aa74117\"},\"headline\":\"Solo uno de cada tres extranjeros que compran vivienda en Baleares son residentes\",\"datePublished\":\"2024-09-23T07:34:30+00:00\",\"dateModified\":\"2024-09-23T07:35:16+00:00\",\"mainEntityOfPage\":{\"@id\":\"https:\\\/\\\/memoriacesib.es\\\/2023\\\/solo-uno-de-cada-tres-extranjeros-que-compran-vivienda-en-baleares-son-residentes\\\/\"},\"wordCount\":98,\"commentCount\":0,\"publisher\":{\"@id\":\"https:\\\/\\\/memoriacesib.es\\\/2023\\\/#organization\"},\"image\":{\"@id\":\"https:\\\/\\\/memoriacesib.es\\\/2023\\\/solo-uno-de-cada-tres-extranjeros-que-compran-vivienda-en-baleares-son-residentes\\\/#primaryimage\"},\"thumbnailUrl\":\"https:\\\/\\\/memoriacesib.es\\\/2023\\\/wp-content\\\/uploads\\\/Ultima-Hora.jpg\",\"articleSection\":[\"Mitjans\"],\"inLanguage\":\"es\",\"potentialAction\":[{\"@type\":\"CommentAction\",\"name\":\"Comment\",\"target\":[\"https:\\\/\\\/memoriacesib.es\\\/2023\\\/solo-uno-de-cada-tres-extranjeros-que-compran-vivienda-en-baleares-son-residentes\\\/#respond\"]}]},{\"@type\":\"WebPage\",\"@id\":\"https:\\\/\\\/memoriacesib.es\\\/2023\\\/solo-uno-de-cada-tres-extranjeros-que-compran-vivienda-en-baleares-son-residentes\\\/\",\"url\":\"https:\\\/\\\/memoriacesib.es\\\/2023\\\/solo-uno-de-cada-tres-extranjeros-que-compran-vivienda-en-baleares-son-residentes\\\/\",\"name\":\"Solo uno de cada tres extranjeros que compran vivienda en Baleares son residentes - Memoria CES 2023\",\"isPartOf\":{\"@id\":\"https:\\\/\\\/memoriacesib.es\\\/2023\\\/#website\"},\"primaryImageOfPage\":{\"@id\":\"https:\\\/\\\/memoriacesib.es\\\/2023\\\/solo-uno-de-cada-tres-extranjeros-que-compran-vivienda-en-baleares-son-residentes\\\/#primaryimage\"},\"image\":{\"@id\":\"https:\\\/\\\/memoriacesib.es\\\/2023\\\/solo-uno-de-cada-tres-extranjeros-que-compran-vivienda-en-baleares-son-residentes\\\/#primaryimage\"},\"thumbnailUrl\":\"https:\\\/\\\/memoriacesib.es\\\/2023\\\/wp-content\\\/uploads\\\/Ultima-Hora.jpg\",\"datePublished\":\"2024-09-23T07:34:30+00:00\",\"dateModified\":\"2024-09-23T07:35:16+00:00\",\"breadcrumb\":{\"@id\":\"https:\\\/\\\/memoriacesib.es\\\/2023\\\/solo-uno-de-cada-tres-extranjeros-que-compran-vivienda-en-baleares-son-residentes\\\/#breadcrumb\"},\"inLanguage\":\"es\",\"potentialAction\":[{\"@type\":\"ReadAction\",\"target\":[\"https:\\\/\\\/memoriacesib.es\\\/2023\\\/solo-uno-de-cada-tres-extranjeros-que-compran-vivienda-en-baleares-son-residentes\\\/\"]}]},{\"@type\":\"ImageObject\",\"inLanguage\":\"es\",\"@id\":\"https:\\\/\\\/memoriacesib.es\\\/2023\\\/solo-uno-de-cada-tres-extranjeros-que-compran-vivienda-en-baleares-son-residentes\\\/#primaryimage\",\"url\":\"https:\\\/\\\/memoriacesib.es\\\/2023\\\/wp-content\\\/uploads\\\/Ultima-Hora.jpg\",\"contentUrl\":\"https:\\\/\\\/memoriacesib.es\\\/2023\\\/wp-content\\\/uploads\\\/Ultima-Hora.jpg\",\"width\":1382,\"height\":914},{\"@type\":\"BreadcrumbList\",\"@id\":\"https:\\\/\\\/memoriacesib.es\\\/2023\\\/solo-uno-de-cada-tres-extranjeros-que-compran-vivienda-en-baleares-son-residentes\\\/#breadcrumb\",\"itemListElement\":[{\"@type\":\"ListItem\",\"position\":1,\"name\":\"Portada\",\"item\":\"https:\\\/\\\/memoriacesib.es\\\/2023\\\/\"},{\"@type\":\"ListItem\",\"position\":2,\"name\":\"Solo uno de cada tres extranjeros que compran vivienda en Baleares son residentes\"}]},{\"@type\":\"WebSite\",\"@id\":\"https:\\\/\\\/memoriacesib.es\\\/2023\\\/#website\",\"url\":\"https:\\\/\\\/memoriacesib.es\\\/2023\\\/\",\"name\":\"Memoria CES 2023\",\"description\":\"Memoria CES 2023\",\"publisher\":{\"@id\":\"https:\\\/\\\/memoriacesib.es\\\/2023\\\/#organization\"},\"potentialAction\":[{\"@type\":\"SearchAction\",\"target\":{\"@type\":\"EntryPoint\",\"urlTemplate\":\"https:\\\/\\\/memoriacesib.es\\\/2023\\\/?s={search_term_string}\"},\"query-input\":{\"@type\":\"PropertyValueSpecification\",\"valueRequired\":true,\"valueName\":\"search_term_string\"}}],\"inLanguage\":\"es\"},{\"@type\":\"Organization\",\"@id\":\"https:\\\/\\\/memoriacesib.es\\\/2023\\\/#organization\",\"name\":\"Consell Economic i Social de les Illes Balears (CES)\",\"url\":\"https:\\\/\\\/memoriacesib.es\\\/2023\\\/\",\"logo\":{\"@type\":\"ImageObject\",\"inLanguage\":\"es\",\"@id\":\"https:\\\/\\\/memoriacesib.es\\\/2023\\\/#\\\/schema\\\/logo\\\/image\\\/\",\"url\":\"https:\\\/\\\/memoriacesib.es\\\/2023\\\/wp-content\\\/uploads\\\/2023\\\/06\\\/Logo-Memoria-Ces-2023.png\",\"contentUrl\":\"https:\\\/\\\/memoriacesib.es\\\/2023\\\/wp-content\\\/uploads\\\/2023\\\/06\\\/Logo-Memoria-Ces-2023.png\",\"width\":800,\"height\":195,\"caption\":\"Consell Economic i Social de les Illes Balears (CES)\"},\"image\":{\"@id\":\"https:\\\/\\\/memoriacesib.es\\\/2023\\\/#\\\/schema\\\/logo\\\/image\\\/\"},\"sameAs\":[\"https:\\\/\\\/www.facebook.com\\\/cesillesbalears\",\"https:\\\/\\\/x.com\\\/ces_ib\",\"https:\\\/\\\/www.youtube.com\\\/channel\\\/UCrEmO9wh7KlUaQ9dWzvYrVg\"]},{\"@type\":\"Person\",\"@id\":\"https:\\\/\\\/memoriacesib.es\\\/2023\\\/#\\\/schema\\\/person\\\/2936f44710febf12ed5d851c6aa74117\",\"name\":\"admin\",\"image\":{\"@type\":\"ImageObject\",\"inLanguage\":\"es\",\"@id\":\"https:\\\/\\\/secure.gravatar.com\\\/avatar\\\/42a3717e1ac37e7f2d90262c48d11756024e6ed18ebaae3567f6c00866abe5f2?s=96&d=mm&r=g\",\"url\":\"https:\\\/\\\/secure.gravatar.com\\\/avatar\\\/42a3717e1ac37e7f2d90262c48d11756024e6ed18ebaae3567f6c00866abe5f2?s=96&d=mm&r=g\",\"contentUrl\":\"https:\\\/\\\/secure.gravatar.com\\\/avatar\\\/42a3717e1ac37e7f2d90262c48d11756024e6ed18ebaae3567f6c00866abe5f2?s=96&d=mm&r=g\",\"caption\":\"admin\"},\"sameAs\":[\"http:\\\/\\\/memoriacesib.es\\\/2023\"],\"url\":\"https:\\\/\\\/memoriacesib.es\\\/2023\\\/author\\\/admin\\\/\"}]}<\/script>\n<!-- \/ Yoast SEO plugin. -->","yoast_head_json":{"title":"Solo uno de cada tres extranjeros que compran vivienda en Baleares son residentes - Memoria CES 2023","robots":{"index":"index","follow":"follow","max-snippet":"max-snippet:-1","max-image-preview":"max-image-preview:large","max-video-preview":"max-video-preview:-1"},"canonical":"https:\/\/memoriacesib.es\/2023\/solo-uno-de-cada-tres-extranjeros-que-compran-vivienda-en-baleares-son-residentes\/","og_locale":"es_ES","og_type":"article","og_title":"Solo uno de cada tres extranjeros que compran vivienda en Baleares son residentes - Memoria CES 2023","og_description":"PALMA, 23 de setembre 2024. (ULTIMA HORA) Solo uno de cada tres extranjeros que compraron una vivienda en Baleares en 2023 eran residentes en el Archipi\u00e9lago, lo que supone que la inmensa mayor\u00eda de estos inmuebles fueron adquiridos como una segunda residencia. As\u00ed lo reflejan los datos recogidos en la Memoria del Consejo Econ\u00f3mico y [&hellip;]","og_url":"https:\/\/memoriacesib.es\/2023\/solo-uno-de-cada-tres-extranjeros-que-compran-vivienda-en-baleares-son-residentes\/","og_site_name":"Memoria CES 2023","article_publisher":"https:\/\/www.facebook.com\/cesillesbalears","article_published_time":"2024-09-23T07:34:30+00:00","article_modified_time":"2024-09-23T07:35:16+00:00","og_image":[{"width":1382,"height":914,"url":"https:\/\/memoriacesib.es\/2023\/wp-content\/uploads\/Ultima-Hora.jpg","type":"image\/jpeg"}],"author":"admin","twitter_card":"summary_large_image","twitter_creator":"@ces_ib","twitter_site":"@ces_ib","twitter_misc":{"Escrito por":"admin","Tiempo de lectura":"1 minuto"},"schema":{"@context":"https:\/\/schema.org","@graph":[{"@type":"Article","@id":"https:\/\/memoriacesib.es\/2023\/solo-uno-de-cada-tres-extranjeros-que-compran-vivienda-en-baleares-son-residentes\/#article","isPartOf":{"@id":"https:\/\/memoriacesib.es\/2023\/solo-uno-de-cada-tres-extranjeros-que-compran-vivienda-en-baleares-son-residentes\/"},"author":{"name":"admin","@id":"https:\/\/memoriacesib.es\/2023\/#\/schema\/person\/2936f44710febf12ed5d851c6aa74117"},"headline":"Solo uno de cada tres extranjeros que compran vivienda en Baleares son residentes","datePublished":"2024-09-23T07:34:30+00:00","dateModified":"2024-09-23T07:35:16+00:00","mainEntityOfPage":{"@id":"https:\/\/memoriacesib.es\/2023\/solo-uno-de-cada-tres-extranjeros-que-compran-vivienda-en-baleares-son-residentes\/"},"wordCount":98,"commentCount":0,"publisher":{"@id":"https:\/\/memoriacesib.es\/2023\/#organization"},"image":{"@id":"https:\/\/memoriacesib.es\/2023\/solo-uno-de-cada-tres-extranjeros-que-compran-vivienda-en-baleares-son-residentes\/#primaryimage"},"thumbnailUrl":"https:\/\/memoriacesib.es\/2023\/wp-content\/uploads\/Ultima-Hora.jpg","articleSection":["Mitjans"],"inLanguage":"es","potentialAction":[{"@type":"CommentAction","name":"Comment","target":["https:\/\/memoriacesib.es\/2023\/solo-uno-de-cada-tres-extranjeros-que-compran-vivienda-en-baleares-son-residentes\/#respond"]}]},{"@type":"WebPage","@id":"https:\/\/memoriacesib.es\/2023\/solo-uno-de-cada-tres-extranjeros-que-compran-vivienda-en-baleares-son-residentes\/","url":"https:\/\/memoriacesib.es\/2023\/solo-uno-de-cada-tres-extranjeros-que-compran-vivienda-en-baleares-son-residentes\/","name":"Solo uno de cada tres extranjeros que compran vivienda en Baleares son residentes - Memoria CES 2023","isPartOf":{"@id":"https:\/\/memoriacesib.es\/2023\/#website"},"primaryImageOfPage":{"@id":"https:\/\/memoriacesib.es\/2023\/solo-uno-de-cada-tres-extranjeros-que-compran-vivienda-en-baleares-son-residentes\/#primaryimage"},"image":{"@id":"https:\/\/memoriacesib.es\/2023\/solo-uno-de-cada-tres-extranjeros-que-compran-vivienda-en-baleares-son-residentes\/#primaryimage"},"thumbnailUrl":"https:\/\/memoriacesib.es\/2023\/wp-content\/uploads\/Ultima-Hora.jpg","datePublished":"2024-09-23T07:34:30+00:00","dateModified":"2024-09-23T07:35:16+00:00","breadcrumb":{"@id":"https:\/\/memoriacesib.es\/2023\/solo-uno-de-cada-tres-extranjeros-que-compran-vivienda-en-baleares-son-residentes\/#breadcrumb"},"inLanguage":"es","potentialAction":[{"@type":"ReadAction","target":["https:\/\/memoriacesib.es\/2023\/solo-uno-de-cada-tres-extranjeros-que-compran-vivienda-en-baleares-son-residentes\/"]}]},{"@type":"ImageObject","inLanguage":"es","@id":"https:\/\/memoriacesib.es\/2023\/solo-uno-de-cada-tres-extranjeros-que-compran-vivienda-en-baleares-son-residentes\/#primaryimage","url":"https:\/\/memoriacesib.es\/2023\/wp-content\/uploads\/Ultima-Hora.jpg","contentUrl":"https:\/\/memoriacesib.es\/2023\/wp-content\/uploads\/Ultima-Hora.jpg","width":1382,"height":914},{"@type":"BreadcrumbList","@id":"https:\/\/memoriacesib.es\/2023\/solo-uno-de-cada-tres-extranjeros-que-compran-vivienda-en-baleares-son-residentes\/#breadcrumb","itemListElement":[{"@type":"ListItem","position":1,"name":"Portada","item":"https:\/\/memoriacesib.es\/2023\/"},{"@type":"ListItem","position":2,"name":"Solo uno de cada tres extranjeros que compran vivienda en Baleares son residentes"}]},{"@type":"WebSite","@id":"https:\/\/memoriacesib.es\/2023\/#website","url":"https:\/\/memoriacesib.es\/2023\/","name":"Memoria CES 2023","description":"Memoria CES 2023","publisher":{"@id":"https:\/\/memoriacesib.es\/2023\/#organization"},"potentialAction":[{"@type":"SearchAction","target":{"@type":"EntryPoint","urlTemplate":"https:\/\/memoriacesib.es\/2023\/?s={search_term_string}"},"query-input":{"@type":"PropertyValueSpecification","valueRequired":true,"valueName":"search_term_string"}}],"inLanguage":"es"},{"@type":"Organization","@id":"https:\/\/memoriacesib.es\/2023\/#organization","name":"Consell Economic i Social de les Illes Balears (CES)","url":"https:\/\/memoriacesib.es\/2023\/","logo":{"@type":"ImageObject","inLanguage":"es","@id":"https:\/\/memoriacesib.es\/2023\/#\/schema\/logo\/image\/","url":"https:\/\/memoriacesib.es\/2023\/wp-content\/uploads\/2023\/06\/Logo-Memoria-Ces-2023.png","contentUrl":"https:\/\/memoriacesib.es\/2023\/wp-content\/uploads\/2023\/06\/Logo-Memoria-Ces-2023.png","width":800,"height":195,"caption":"Consell Economic i Social de les Illes Balears (CES)"},"image":{"@id":"https:\/\/memoriacesib.es\/2023\/#\/schema\/logo\/image\/"},"sameAs":["https:\/\/www.facebook.com\/cesillesbalears","https:\/\/x.com\/ces_ib","https:\/\/www.youtube.com\/channel\/UCrEmO9wh7KlUaQ9dWzvYrVg"]},{"@type":"Person","@id":"https:\/\/memoriacesib.es\/2023\/#\/schema\/person\/2936f44710febf12ed5d851c6aa74117","name":"admin","image":{"@type":"ImageObject","inLanguage":"es","@id":"https:\/\/secure.gravatar.com\/avatar\/42a3717e1ac37e7f2d90262c48d11756024e6ed18ebaae3567f6c00866abe5f2?s=96&d=mm&r=g","url":"https:\/\/secure.gravatar.com\/avatar\/42a3717e1ac37e7f2d90262c48d11756024e6ed18ebaae3567f6c00866abe5f2?s=96&d=mm&r=g","contentUrl":"https:\/\/secure.gravatar.com\/avatar\/42a3717e1ac37e7f2d90262c48d11756024e6ed18ebaae3567f6c00866abe5f2?s=96&d=mm&r=g","caption":"admin"},"sameAs":["http:\/\/memoriacesib.es\/2023"],"url":"https:\/\/memoriacesib.es\/2023\/author\/admin\/"}]}},"_links":{"self":[{"href":"https:\/\/memoriacesib.es\/2023\/wp-json\/wp\/v2\/posts\/3756","targetHints":{"allow":["GET"]}}],"collection":[{"href":"https:\/\/memoriacesib.es\/2023\/wp-json\/wp\/v2\/posts"}],"about":[{"href":"https:\/\/memoriacesib.es\/2023\/wp-json\/wp\/v2\/types\/post"}],"author":[{"embeddable":true,"href":"https:\/\/memoriacesib.es\/2023\/wp-json\/wp\/v2\/users\/1"}],"replies":[{"embeddable":true,"href":"https:\/\/memoriacesib.es\/2023\/wp-json\/wp\/v2\/comments?post=3756"}],"version-history":[{"count":5,"href":"https:\/\/memoriacesib.es\/2023\/wp-json\/wp\/v2\/posts\/3756\/revisions"}],"predecessor-version":[{"id":3762,"href":"https:\/\/memoriacesib.es\/2023\/wp-json\/wp\/v2\/posts\/3756\/revisions\/3762"}],"wp:featuredmedia":[{"embeddable":true,"href":"https:\/\/memoriacesib.es\/2023\/wp-json\/wp\/v2\/media\/3757"}],"wp:attachment":[{"href":"https:\/\/memoriacesib.es\/2023\/wp-json\/wp\/v2\/media?parent=3756"}],"wp:term":[{"taxonomy":"category","embeddable":true,"href":"https:\/\/memoriacesib.es\/2023\/wp-json\/wp\/v2\/categories?post=3756"},{"taxonomy":"post_tag","embeddable":true,"href":"https:\/\/memoriacesib.es\/2023\/wp-json\/wp\/v2\/tags?post=3756"}],"curies":[{"name":"wp","href":"https:\/\/api.w.org\/{rel}","templated":true}]}}