{"id":4389,"date":"2025-10-31T12:45:44","date_gmt":"2025-10-31T12:45:44","guid":{"rendered":"https:\/\/memoriacesib.es\/2024\/?p=4389"},"modified":"2025-10-31T16:24:14","modified_gmt":"2025-10-31T16:24:14","slug":"el-problema-de-la-vivienda-lastra-la-subida-de-la-calidad-de-vida-en-baleares-mas-de-60-anos-para-pagar-una-casa","status":"publish","type":"post","link":"https:\/\/memoriacesib.es\/2024\/el-problema-de-la-vivienda-lastra-la-subida-de-la-calidad-de-vida-en-baleares-mas-de-60-anos-para-pagar-una-casa\/","title":{"rendered":"El problema de la vivienda lastra la subida de la calidad de vida en Baleares: m\u00e1s de 60 a\u00f1os para pagar una casa"},"content":{"rendered":"\t\t<div data-elementor-type=\"wp-post\" data-elementor-id=\"4389\" class=\"elementor elementor-4389\" data-elementor-post-type=\"post\">\n\t\t\t\t\t\t<section class=\"elementor-section elementor-top-section elementor-element elementor-element-5385de84 elementor-section-boxed elementor-section-height-default elementor-section-height-default\" data-id=\"5385de84\" data-element_type=\"section\" data-e-type=\"section\">\n\t\t\t\t\t\t<div class=\"elementor-container elementor-column-gap-default\">\n\t\t\t\t\t<div class=\"elementor-column elementor-col-100 elementor-top-column elementor-element elementor-element-2672fb8e\" data-id=\"2672fb8e\" data-element_type=\"column\" data-e-type=\"column\">\n\t\t\t<div class=\"elementor-widget-wrap elementor-element-populated\">\n\t\t\t\t\t\t<div class=\"elementor-element elementor-element-32c59e20 elementor-widget elementor-widget-text-editor\" data-id=\"32c59e20\" data-element_type=\"widget\" data-e-type=\"widget\" data-widget_type=\"text-editor.default\">\n\t\t\t\t<div class=\"elementor-widget-container\">\n\t\t\t\t\t\t\t\t\t<p class=\"titulo\">PALMA | 22.10.2025 (ULTIMA HORA)<\/p>\t\t\t\t\t\t\t\t<\/div>\n\t\t\t\t<\/div>\n\t\t\t\t<div class=\"elementor-element elementor-element-29b40bc9 elementor-widget-divider--view-line elementor-widget elementor-widget-divider\" data-id=\"29b40bc9\" data-element_type=\"widget\" data-e-type=\"widget\" data-widget_type=\"divider.default\">\n\t\t\t\t<div class=\"elementor-widget-container\">\n\t\t\t\t\t\t\t<div class=\"elementor-divider\">\n\t\t\t<span class=\"elementor-divider-separator\">\n\t\t\t\t\t\t<\/span>\n\t\t<\/div>\n\t\t\t\t\t\t<\/div>\n\t\t\t\t<\/div>\n\t\t\t\t\t<\/div>\n\t\t<\/div>\n\t\t\t\t\t<\/div>\n\t\t<\/section>\n\t\t\t\t<section class=\"elementor-section elementor-top-section elementor-element elementor-element-307d378b elementor-section-boxed elementor-section-height-default elementor-section-height-default\" data-id=\"307d378b\" data-element_type=\"section\" data-e-type=\"section\">\n\t\t\t\t\t\t<div class=\"elementor-container elementor-column-gap-default\">\n\t\t\t\t\t<div class=\"elementor-column elementor-col-100 elementor-top-column elementor-element elementor-element-6e60ef7\" data-id=\"6e60ef7\" data-element_type=\"column\" data-e-type=\"column\">\n\t\t\t<div class=\"elementor-widget-wrap elementor-element-populated\">\n\t\t\t\t\t\t<section class=\"elementor-section elementor-inner-section elementor-element elementor-element-5a8031de elementor-section-boxed elementor-section-height-default elementor-section-height-default\" data-id=\"5a8031de\" data-element_type=\"section\" data-e-type=\"section\">\n\t\t\t\t\t\t<div class=\"elementor-container elementor-column-gap-default\">\n\t\t\t\t\t<div class=\"elementor-column elementor-col-50 elementor-inner-column elementor-element elementor-element-7e4be479\" data-id=\"7e4be479\" data-element_type=\"column\" data-e-type=\"column\">\n\t\t\t<div class=\"elementor-widget-wrap elementor-element-populated\">\n\t\t\t\t\t\t<div class=\"elementor-element elementor-element-6e430f54 elementor-align-right elementor-widget elementor-widget-button\" data-id=\"6e430f54\" data-element_type=\"widget\" data-e-type=\"widget\" data-widget_type=\"button.default\">\n\t\t\t\t<div class=\"elementor-widget-container\">\n\t\t\t\t\t\t\t\t\t<div class=\"elementor-button-wrapper\">\n\t\t\t\t\t<a class=\"elementor-button elementor-button-link elementor-size-xs\" href=\"https:\/\/amp.ultimahora.es\/noticias\/local\/2025\/10\/22\/2496671\/problema-vivienda-lastra-subida-calidad-vida-baleares-mas-anos-para-pagar-casa.html\" target=\"_blank\">\n\t\t\t\t\t\t<span class=\"elementor-button-content-wrapper\">\n\t\t\t\t\t\t<span class=\"elementor-button-icon\">\n\t\t\t\t<i aria-hidden=\"true\" class=\"fas fa-link\"><\/i>\t\t\t<\/span>\n\t\t\t\t\t\t\t\t\t<span class=\"elementor-button-text\">Llegir m\u00e9s<\/span>\n\t\t\t\t\t<\/span>\n\t\t\t\t\t<\/a>\n\t\t\t\t<\/div>\n\t\t\t\t\t\t\t\t<\/div>\n\t\t\t\t<\/div>\n\t\t\t\t\t<\/div>\n\t\t<\/div>\n\t\t\t\t<div class=\"elementor-column elementor-col-50 elementor-inner-column elementor-element elementor-element-61511ec0\" data-id=\"61511ec0\" data-element_type=\"column\" data-e-type=\"column\">\n\t\t\t<div class=\"elementor-widget-wrap elementor-element-populated\">\n\t\t\t\t\t\t<div class=\"elementor-element elementor-element-3e8e98d6 elementor-align-right elementor-widget elementor-widget-button\" data-id=\"3e8e98d6\" data-element_type=\"widget\" data-e-type=\"widget\" data-widget_type=\"button.default\">\n\t\t\t\t<div class=\"elementor-widget-container\">\n\t\t\t\t\t\t\t\t\t<div class=\"elementor-button-wrapper\">\n\t\t\t\t\t<a class=\"elementor-button elementor-button-link elementor-size-xs\" href=\"https:\/\/memoriacesib.es\/2024\/premsa-2\/\">\n\t\t\t\t\t\t<span class=\"elementor-button-content-wrapper\">\n\t\t\t\t\t\t<span class=\"elementor-button-icon\">\n\t\t\t\t<i aria-hidden=\"true\" class=\" arrow_back\"><\/i>\t\t\t<\/span>\n\t\t\t\t\t\t\t\t\t<span class=\"elementor-button-text\">Tornar<\/span>\n\t\t\t\t\t<\/span>\n\t\t\t\t\t<\/a>\n\t\t\t\t<\/div>\n\t\t\t\t\t\t\t\t<\/div>\n\t\t\t\t<\/div>\n\t\t\t\t\t<\/div>\n\t\t<\/div>\n\t\t\t\t\t<\/div>\n\t\t<\/section>\n\t\t\t\t\t<\/div>\n\t\t<\/div>\n\t\t\t\t\t<\/div>\n\t\t<\/section>\n\t\t\t\t<\/div>\n\t\t","protected":false},"excerpt":{"rendered":"<p>PALMA | 22.10.2025 (ULTIMA HORA) Llegir m\u00e9s Tornar<\/p>\n","protected":false},"author":1,"featured_media":4390,"comment_status":"open","ping_status":"open","sticky":false,"template":"","format":"standard","meta":{"footnotes":""},"categories":[11],"tags":[],"class_list":["post-4389","post","type-post","status-publish","format-standard","has-post-thumbnail","hentry","category-mitjans"],"yoast_head":"<!-- This site is optimized with the Yoast SEO plugin v27.3 - https:\/\/yoast.com\/product\/yoast-seo-wordpress\/ -->\n<title>El problema de la vivienda lastra la subida de la calidad de vida en Baleares: m\u00e1s de 60 a\u00f1os para pagar una casa - Memoria CES 2024<\/title>\n<meta name=\"robots\" content=\"index, follow, max-snippet:-1, max-image-preview:large, max-video-preview:-1\" \/>\n<link rel=\"canonical\" href=\"https:\/\/memoriacesib.es\/2024\/el-problema-de-la-vivienda-lastra-la-subida-de-la-calidad-de-vida-en-baleares-mas-de-60-anos-para-pagar-una-casa\/\" \/>\n<meta property=\"og:locale\" content=\"es_ES\" \/>\n<meta property=\"og:type\" content=\"article\" \/>\n<meta property=\"og:title\" content=\"El problema de la vivienda lastra la subida de la calidad de vida en Baleares: m\u00e1s de 60 a\u00f1os para pagar una casa - Memoria CES 2024\" \/>\n<meta property=\"og:description\" content=\"PALMA | 22.10.2025 (ULTIMA HORA) Llegir m\u00e9s Tornar\" \/>\n<meta property=\"og:url\" content=\"https:\/\/memoriacesib.es\/2024\/el-problema-de-la-vivienda-lastra-la-subida-de-la-calidad-de-vida-en-baleares-mas-de-60-anos-para-pagar-una-casa\/\" \/>\n<meta property=\"og:site_name\" content=\"Memoria CES 2024\" \/>\n<meta property=\"article:publisher\" content=\"https:\/\/www.facebook.com\/cesillesbalears\" \/>\n<meta property=\"article:published_time\" content=\"2025-10-31T12:45:44+00:00\" \/>\n<meta property=\"article:modified_time\" content=\"2025-10-31T16:24:14+00:00\" \/>\n<meta property=\"og:image\" content=\"https:\/\/memoriacesib.es\/2024\/wp-content\/uploads\/ULTIMA-HORA-1.jpg\" \/>\n\t<meta property=\"og:image:width\" content=\"1382\" \/>\n\t<meta property=\"og:image:height\" content=\"914\" \/>\n\t<meta property=\"og:image:type\" content=\"image\/jpeg\" \/>\n<meta name=\"author\" content=\"admin\" \/>\n<meta name=\"twitter:card\" content=\"summary_large_image\" \/>\n<meta name=\"twitter:creator\" content=\"@ces_ib\" \/>\n<meta name=\"twitter:site\" content=\"@ces_ib\" \/>\n<meta name=\"twitter:label1\" content=\"Escrito por\" \/>\n\t<meta name=\"twitter:data1\" content=\"admin\" \/>\n\t<meta name=\"twitter:label2\" content=\"Tiempo de lectura\" \/>\n\t<meta name=\"twitter:data2\" content=\"1 minuto\" \/>\n<script type=\"application\/ld+json\" class=\"yoast-schema-graph\">{\"@context\":\"https:\\\/\\\/schema.org\",\"@graph\":[{\"@type\":\"Article\",\"@id\":\"https:\\\/\\\/memoriacesib.es\\\/2024\\\/el-problema-de-la-vivienda-lastra-la-subida-de-la-calidad-de-vida-en-baleares-mas-de-60-anos-para-pagar-una-casa\\\/#article\",\"isPartOf\":{\"@id\":\"https:\\\/\\\/memoriacesib.es\\\/2024\\\/el-problema-de-la-vivienda-lastra-la-subida-de-la-calidad-de-vida-en-baleares-mas-de-60-anos-para-pagar-una-casa\\\/\"},\"author\":{\"name\":\"admin\",\"@id\":\"https:\\\/\\\/memoriacesib.es\\\/2024\\\/#\\\/schema\\\/person\\\/2936f44710febf12ed5d851c6aa74117\"},\"headline\":\"El problema de la vivienda lastra la subida de la calidad de vida en Baleares: m\u00e1s de 60 a\u00f1os para pagar una casa\",\"datePublished\":\"2025-10-31T12:45:44+00:00\",\"dateModified\":\"2025-10-31T16:24:14+00:00\",\"mainEntityOfPage\":{\"@id\":\"https:\\\/\\\/memoriacesib.es\\\/2024\\\/el-problema-de-la-vivienda-lastra-la-subida-de-la-calidad-de-vida-en-baleares-mas-de-60-anos-para-pagar-una-casa\\\/\"},\"wordCount\":31,\"commentCount\":0,\"publisher\":{\"@id\":\"https:\\\/\\\/memoriacesib.es\\\/2024\\\/#organization\"},\"image\":{\"@id\":\"https:\\\/\\\/memoriacesib.es\\\/2024\\\/el-problema-de-la-vivienda-lastra-la-subida-de-la-calidad-de-vida-en-baleares-mas-de-60-anos-para-pagar-una-casa\\\/#primaryimage\"},\"thumbnailUrl\":\"https:\\\/\\\/memoriacesib.es\\\/2024\\\/wp-content\\\/uploads\\\/ULTIMA-HORA-1.jpg\",\"articleSection\":[\"Mitjans\"],\"inLanguage\":\"es\",\"potentialAction\":[{\"@type\":\"CommentAction\",\"name\":\"Comment\",\"target\":[\"https:\\\/\\\/memoriacesib.es\\\/2024\\\/el-problema-de-la-vivienda-lastra-la-subida-de-la-calidad-de-vida-en-baleares-mas-de-60-anos-para-pagar-una-casa\\\/#respond\"]}]},{\"@type\":\"WebPage\",\"@id\":\"https:\\\/\\\/memoriacesib.es\\\/2024\\\/el-problema-de-la-vivienda-lastra-la-subida-de-la-calidad-de-vida-en-baleares-mas-de-60-anos-para-pagar-una-casa\\\/\",\"url\":\"https:\\\/\\\/memoriacesib.es\\\/2024\\\/el-problema-de-la-vivienda-lastra-la-subida-de-la-calidad-de-vida-en-baleares-mas-de-60-anos-para-pagar-una-casa\\\/\",\"name\":\"El problema de la vivienda lastra la subida de la calidad de vida en Baleares: m\u00e1s de 60 a\u00f1os para pagar una casa - Memoria CES 2024\",\"isPartOf\":{\"@id\":\"https:\\\/\\\/memoriacesib.es\\\/2024\\\/#website\"},\"primaryImageOfPage\":{\"@id\":\"https:\\\/\\\/memoriacesib.es\\\/2024\\\/el-problema-de-la-vivienda-lastra-la-subida-de-la-calidad-de-vida-en-baleares-mas-de-60-anos-para-pagar-una-casa\\\/#primaryimage\"},\"image\":{\"@id\":\"https:\\\/\\\/memoriacesib.es\\\/2024\\\/el-problema-de-la-vivienda-lastra-la-subida-de-la-calidad-de-vida-en-baleares-mas-de-60-anos-para-pagar-una-casa\\\/#primaryimage\"},\"thumbnailUrl\":\"https:\\\/\\\/memoriacesib.es\\\/2024\\\/wp-content\\\/uploads\\\/ULTIMA-HORA-1.jpg\",\"datePublished\":\"2025-10-31T12:45:44+00:00\",\"dateModified\":\"2025-10-31T16:24:14+00:00\",\"breadcrumb\":{\"@id\":\"https:\\\/\\\/memoriacesib.es\\\/2024\\\/el-problema-de-la-vivienda-lastra-la-subida-de-la-calidad-de-vida-en-baleares-mas-de-60-anos-para-pagar-una-casa\\\/#breadcrumb\"},\"inLanguage\":\"es\",\"potentialAction\":[{\"@type\":\"ReadAction\",\"target\":[\"https:\\\/\\\/memoriacesib.es\\\/2024\\\/el-problema-de-la-vivienda-lastra-la-subida-de-la-calidad-de-vida-en-baleares-mas-de-60-anos-para-pagar-una-casa\\\/\"]}]},{\"@type\":\"ImageObject\",\"inLanguage\":\"es\",\"@id\":\"https:\\\/\\\/memoriacesib.es\\\/2024\\\/el-problema-de-la-vivienda-lastra-la-subida-de-la-calidad-de-vida-en-baleares-mas-de-60-anos-para-pagar-una-casa\\\/#primaryimage\",\"url\":\"https:\\\/\\\/memoriacesib.es\\\/2024\\\/wp-content\\\/uploads\\\/ULTIMA-HORA-1.jpg\",\"contentUrl\":\"https:\\\/\\\/memoriacesib.es\\\/2024\\\/wp-content\\\/uploads\\\/ULTIMA-HORA-1.jpg\",\"width\":1382,\"height\":914},{\"@type\":\"BreadcrumbList\",\"@id\":\"https:\\\/\\\/memoriacesib.es\\\/2024\\\/el-problema-de-la-vivienda-lastra-la-subida-de-la-calidad-de-vida-en-baleares-mas-de-60-anos-para-pagar-una-casa\\\/#breadcrumb\",\"itemListElement\":[{\"@type\":\"ListItem\",\"position\":1,\"name\":\"Portada\",\"item\":\"https:\\\/\\\/memoriacesib.es\\\/2024\\\/\"},{\"@type\":\"ListItem\",\"position\":2,\"name\":\"El problema de la vivienda lastra la subida de la calidad de vida en Baleares: m\u00e1s de 60 a\u00f1os para pagar una casa\"}]},{\"@type\":\"WebSite\",\"@id\":\"https:\\\/\\\/memoriacesib.es\\\/2024\\\/#website\",\"url\":\"https:\\\/\\\/memoriacesib.es\\\/2024\\\/\",\"name\":\"Memoria CES 2024\",\"description\":\"Memoria CES 2024\",\"publisher\":{\"@id\":\"https:\\\/\\\/memoriacesib.es\\\/2024\\\/#organization\"},\"potentialAction\":[{\"@type\":\"SearchAction\",\"target\":{\"@type\":\"EntryPoint\",\"urlTemplate\":\"https:\\\/\\\/memoriacesib.es\\\/2024\\\/?s={search_term_string}\"},\"query-input\":{\"@type\":\"PropertyValueSpecification\",\"valueRequired\":true,\"valueName\":\"search_term_string\"}}],\"inLanguage\":\"es\"},{\"@type\":\"Organization\",\"@id\":\"https:\\\/\\\/memoriacesib.es\\\/2024\\\/#organization\",\"name\":\"Consell Economic i Social de les Illes Balears (CES)\",\"url\":\"https:\\\/\\\/memoriacesib.es\\\/2024\\\/\",\"logo\":{\"@type\":\"ImageObject\",\"inLanguage\":\"es\",\"@id\":\"https:\\\/\\\/memoriacesib.es\\\/2024\\\/#\\\/schema\\\/logo\\\/image\\\/\",\"url\":\"https:\\\/\\\/memoriacesib.es\\\/2024\\\/wp-content\\\/uploads\\\/2023\\\/06\\\/Logo-Memoria-Ces-2023.png\",\"contentUrl\":\"https:\\\/\\\/memoriacesib.es\\\/2024\\\/wp-content\\\/uploads\\\/2023\\\/06\\\/Logo-Memoria-Ces-2023.png\",\"width\":800,\"height\":195,\"caption\":\"Consell Economic i Social de les Illes Balears (CES)\"},\"image\":{\"@id\":\"https:\\\/\\\/memoriacesib.es\\\/2024\\\/#\\\/schema\\\/logo\\\/image\\\/\"},\"sameAs\":[\"https:\\\/\\\/www.facebook.com\\\/cesillesbalears\",\"https:\\\/\\\/x.com\\\/ces_ib\",\"https:\\\/\\\/www.youtube.com\\\/channel\\\/UCrEmO9wh7KlUaQ9dWzvYrVg\"]},{\"@type\":\"Person\",\"@id\":\"https:\\\/\\\/memoriacesib.es\\\/2024\\\/#\\\/schema\\\/person\\\/2936f44710febf12ed5d851c6aa74117\",\"name\":\"admin\",\"image\":{\"@type\":\"ImageObject\",\"inLanguage\":\"es\",\"@id\":\"https:\\\/\\\/secure.gravatar.com\\\/avatar\\\/42a3717e1ac37e7f2d90262c48d11756024e6ed18ebaae3567f6c00866abe5f2?s=96&d=mm&r=g\",\"url\":\"https:\\\/\\\/secure.gravatar.com\\\/avatar\\\/42a3717e1ac37e7f2d90262c48d11756024e6ed18ebaae3567f6c00866abe5f2?s=96&d=mm&r=g\",\"contentUrl\":\"https:\\\/\\\/secure.gravatar.com\\\/avatar\\\/42a3717e1ac37e7f2d90262c48d11756024e6ed18ebaae3567f6c00866abe5f2?s=96&d=mm&r=g\",\"caption\":\"admin\"},\"sameAs\":[\"http:\\\/\\\/memoriacesib.es\\\/2024\"],\"url\":\"https:\\\/\\\/memoriacesib.es\\\/2024\\\/author\\\/admin\\\/\"}]}<\/script>\n<!-- \/ Yoast SEO plugin. -->","yoast_head_json":{"title":"El problema de la vivienda lastra la subida de la calidad de vida en Baleares: m\u00e1s de 60 a\u00f1os para pagar una casa - Memoria CES 2024","robots":{"index":"index","follow":"follow","max-snippet":"max-snippet:-1","max-image-preview":"max-image-preview:large","max-video-preview":"max-video-preview:-1"},"canonical":"https:\/\/memoriacesib.es\/2024\/el-problema-de-la-vivienda-lastra-la-subida-de-la-calidad-de-vida-en-baleares-mas-de-60-anos-para-pagar-una-casa\/","og_locale":"es_ES","og_type":"article","og_title":"El problema de la vivienda lastra la subida de la calidad de vida en Baleares: m\u00e1s de 60 a\u00f1os para pagar una casa - Memoria CES 2024","og_description":"PALMA | 22.10.2025 (ULTIMA HORA) Llegir m\u00e9s Tornar","og_url":"https:\/\/memoriacesib.es\/2024\/el-problema-de-la-vivienda-lastra-la-subida-de-la-calidad-de-vida-en-baleares-mas-de-60-anos-para-pagar-una-casa\/","og_site_name":"Memoria CES 2024","article_publisher":"https:\/\/www.facebook.com\/cesillesbalears","article_published_time":"2025-10-31T12:45:44+00:00","article_modified_time":"2025-10-31T16:24:14+00:00","og_image":[{"width":1382,"height":914,"url":"https:\/\/memoriacesib.es\/2024\/wp-content\/uploads\/ULTIMA-HORA-1.jpg","type":"image\/jpeg"}],"author":"admin","twitter_card":"summary_large_image","twitter_creator":"@ces_ib","twitter_site":"@ces_ib","twitter_misc":{"Escrito por":"admin","Tiempo de lectura":"1 minuto"},"schema":{"@context":"https:\/\/schema.org","@graph":[{"@type":"Article","@id":"https:\/\/memoriacesib.es\/2024\/el-problema-de-la-vivienda-lastra-la-subida-de-la-calidad-de-vida-en-baleares-mas-de-60-anos-para-pagar-una-casa\/#article","isPartOf":{"@id":"https:\/\/memoriacesib.es\/2024\/el-problema-de-la-vivienda-lastra-la-subida-de-la-calidad-de-vida-en-baleares-mas-de-60-anos-para-pagar-una-casa\/"},"author":{"name":"admin","@id":"https:\/\/memoriacesib.es\/2024\/#\/schema\/person\/2936f44710febf12ed5d851c6aa74117"},"headline":"El problema de la vivienda lastra la subida de la calidad de vida en Baleares: m\u00e1s de 60 a\u00f1os para pagar una casa","datePublished":"2025-10-31T12:45:44+00:00","dateModified":"2025-10-31T16:24:14+00:00","mainEntityOfPage":{"@id":"https:\/\/memoriacesib.es\/2024\/el-problema-de-la-vivienda-lastra-la-subida-de-la-calidad-de-vida-en-baleares-mas-de-60-anos-para-pagar-una-casa\/"},"wordCount":31,"commentCount":0,"publisher":{"@id":"https:\/\/memoriacesib.es\/2024\/#organization"},"image":{"@id":"https:\/\/memoriacesib.es\/2024\/el-problema-de-la-vivienda-lastra-la-subida-de-la-calidad-de-vida-en-baleares-mas-de-60-anos-para-pagar-una-casa\/#primaryimage"},"thumbnailUrl":"https:\/\/memoriacesib.es\/2024\/wp-content\/uploads\/ULTIMA-HORA-1.jpg","articleSection":["Mitjans"],"inLanguage":"es","potentialAction":[{"@type":"CommentAction","name":"Comment","target":["https:\/\/memoriacesib.es\/2024\/el-problema-de-la-vivienda-lastra-la-subida-de-la-calidad-de-vida-en-baleares-mas-de-60-anos-para-pagar-una-casa\/#respond"]}]},{"@type":"WebPage","@id":"https:\/\/memoriacesib.es\/2024\/el-problema-de-la-vivienda-lastra-la-subida-de-la-calidad-de-vida-en-baleares-mas-de-60-anos-para-pagar-una-casa\/","url":"https:\/\/memoriacesib.es\/2024\/el-problema-de-la-vivienda-lastra-la-subida-de-la-calidad-de-vida-en-baleares-mas-de-60-anos-para-pagar-una-casa\/","name":"El problema de la vivienda lastra la subida de la calidad de vida en Baleares: m\u00e1s de 60 a\u00f1os para pagar una casa - Memoria CES 2024","isPartOf":{"@id":"https:\/\/memoriacesib.es\/2024\/#website"},"primaryImageOfPage":{"@id":"https:\/\/memoriacesib.es\/2024\/el-problema-de-la-vivienda-lastra-la-subida-de-la-calidad-de-vida-en-baleares-mas-de-60-anos-para-pagar-una-casa\/#primaryimage"},"image":{"@id":"https:\/\/memoriacesib.es\/2024\/el-problema-de-la-vivienda-lastra-la-subida-de-la-calidad-de-vida-en-baleares-mas-de-60-anos-para-pagar-una-casa\/#primaryimage"},"thumbnailUrl":"https:\/\/memoriacesib.es\/2024\/wp-content\/uploads\/ULTIMA-HORA-1.jpg","datePublished":"2025-10-31T12:45:44+00:00","dateModified":"2025-10-31T16:24:14+00:00","breadcrumb":{"@id":"https:\/\/memoriacesib.es\/2024\/el-problema-de-la-vivienda-lastra-la-subida-de-la-calidad-de-vida-en-baleares-mas-de-60-anos-para-pagar-una-casa\/#breadcrumb"},"inLanguage":"es","potentialAction":[{"@type":"ReadAction","target":["https:\/\/memoriacesib.es\/2024\/el-problema-de-la-vivienda-lastra-la-subida-de-la-calidad-de-vida-en-baleares-mas-de-60-anos-para-pagar-una-casa\/"]}]},{"@type":"ImageObject","inLanguage":"es","@id":"https:\/\/memoriacesib.es\/2024\/el-problema-de-la-vivienda-lastra-la-subida-de-la-calidad-de-vida-en-baleares-mas-de-60-anos-para-pagar-una-casa\/#primaryimage","url":"https:\/\/memoriacesib.es\/2024\/wp-content\/uploads\/ULTIMA-HORA-1.jpg","contentUrl":"https:\/\/memoriacesib.es\/2024\/wp-content\/uploads\/ULTIMA-HORA-1.jpg","width":1382,"height":914},{"@type":"BreadcrumbList","@id":"https:\/\/memoriacesib.es\/2024\/el-problema-de-la-vivienda-lastra-la-subida-de-la-calidad-de-vida-en-baleares-mas-de-60-anos-para-pagar-una-casa\/#breadcrumb","itemListElement":[{"@type":"ListItem","position":1,"name":"Portada","item":"https:\/\/memoriacesib.es\/2024\/"},{"@type":"ListItem","position":2,"name":"El problema de la vivienda lastra la subida de la calidad de vida en Baleares: m\u00e1s de 60 a\u00f1os para pagar una casa"}]},{"@type":"WebSite","@id":"https:\/\/memoriacesib.es\/2024\/#website","url":"https:\/\/memoriacesib.es\/2024\/","name":"Memoria CES 2024","description":"Memoria CES 2024","publisher":{"@id":"https:\/\/memoriacesib.es\/2024\/#organization"},"potentialAction":[{"@type":"SearchAction","target":{"@type":"EntryPoint","urlTemplate":"https:\/\/memoriacesib.es\/2024\/?s={search_term_string}"},"query-input":{"@type":"PropertyValueSpecification","valueRequired":true,"valueName":"search_term_string"}}],"inLanguage":"es"},{"@type":"Organization","@id":"https:\/\/memoriacesib.es\/2024\/#organization","name":"Consell Economic i Social de les Illes Balears (CES)","url":"https:\/\/memoriacesib.es\/2024\/","logo":{"@type":"ImageObject","inLanguage":"es","@id":"https:\/\/memoriacesib.es\/2024\/#\/schema\/logo\/image\/","url":"https:\/\/memoriacesib.es\/2024\/wp-content\/uploads\/2023\/06\/Logo-Memoria-Ces-2023.png","contentUrl":"https:\/\/memoriacesib.es\/2024\/wp-content\/uploads\/2023\/06\/Logo-Memoria-Ces-2023.png","width":800,"height":195,"caption":"Consell Economic i Social de les Illes Balears (CES)"},"image":{"@id":"https:\/\/memoriacesib.es\/2024\/#\/schema\/logo\/image\/"},"sameAs":["https:\/\/www.facebook.com\/cesillesbalears","https:\/\/x.com\/ces_ib","https:\/\/www.youtube.com\/channel\/UCrEmO9wh7KlUaQ9dWzvYrVg"]},{"@type":"Person","@id":"https:\/\/memoriacesib.es\/2024\/#\/schema\/person\/2936f44710febf12ed5d851c6aa74117","name":"admin","image":{"@type":"ImageObject","inLanguage":"es","@id":"https:\/\/secure.gravatar.com\/avatar\/42a3717e1ac37e7f2d90262c48d11756024e6ed18ebaae3567f6c00866abe5f2?s=96&d=mm&r=g","url":"https:\/\/secure.gravatar.com\/avatar\/42a3717e1ac37e7f2d90262c48d11756024e6ed18ebaae3567f6c00866abe5f2?s=96&d=mm&r=g","contentUrl":"https:\/\/secure.gravatar.com\/avatar\/42a3717e1ac37e7f2d90262c48d11756024e6ed18ebaae3567f6c00866abe5f2?s=96&d=mm&r=g","caption":"admin"},"sameAs":["http:\/\/memoriacesib.es\/2024"],"url":"https:\/\/memoriacesib.es\/2024\/author\/admin\/"}]}},"_links":{"self":[{"href":"https:\/\/memoriacesib.es\/2024\/wp-json\/wp\/v2\/posts\/4389","targetHints":{"allow":["GET"]}}],"collection":[{"href":"https:\/\/memoriacesib.es\/2024\/wp-json\/wp\/v2\/posts"}],"about":[{"href":"https:\/\/memoriacesib.es\/2024\/wp-json\/wp\/v2\/types\/post"}],"author":[{"embeddable":true,"href":"https:\/\/memoriacesib.es\/2024\/wp-json\/wp\/v2\/users\/1"}],"replies":[{"embeddable":true,"href":"https:\/\/memoriacesib.es\/2024\/wp-json\/wp\/v2\/comments?post=4389"}],"version-history":[{"count":7,"href":"https:\/\/memoriacesib.es\/2024\/wp-json\/wp\/v2\/posts\/4389\/revisions"}],"predecessor-version":[{"id":4452,"href":"https:\/\/memoriacesib.es\/2024\/wp-json\/wp\/v2\/posts\/4389\/revisions\/4452"}],"wp:featuredmedia":[{"embeddable":true,"href":"https:\/\/memoriacesib.es\/2024\/wp-json\/wp\/v2\/media\/4390"}],"wp:attachment":[{"href":"https:\/\/memoriacesib.es\/2024\/wp-json\/wp\/v2\/media?parent=4389"}],"wp:term":[{"taxonomy":"category","embeddable":true,"href":"https:\/\/memoriacesib.es\/2024\/wp-json\/wp\/v2\/categories?post=4389"},{"taxonomy":"post_tag","embeddable":true,"href":"https:\/\/memoriacesib.es\/2024\/wp-json\/wp\/v2\/tags?post=4389"}],"curies":[{"name":"wp","href":"https:\/\/api.w.org\/{rel}","templated":true}]}}